{"id":57113,"date":"2026-04-28T01:16:27","date_gmt":"2026-04-28T01:16:27","guid":{"rendered":"http:\/\/elcensornoticias.com\/?p=57113"},"modified":"2026-04-28T01:16:34","modified_gmt":"2026-04-28T01:16:34","slug":"llegara-a-teolocholco-feria-manos-que-transforman-fomtlax","status":"publish","type":"post","link":"https:\/\/elcensornoticias.com\/?p=57113","title":{"rendered":"LLEGAR\u00c1 A TEOLOCHOLCO FERIA \u201cMANOS QUE TRANSFORMAN\u201d: FOMTLAX.\u00a0"},"content":{"rendered":"\n<p>El objetivo es promover artesan\u00edas locales y fortalecer las actividades productivas de comunidades ind\u00edgenas.&nbsp;<\/p>\n\n\n\n<p>Este lunes, el titular del Fondo Macro para el Desarrollo Integral de Tlaxcala (Fomtlax), Jos\u00e9 Luis Garrido Cruz, anunci\u00f3 la realizaci\u00f3n de la Expo Feria MiPymes \u201cManos que Transforman\u201d, de car\u00e1cter regional, que se llevar\u00e1 a cabo el pr\u00f3ximo 8 de mayo en el municipio de Teolocholco, en el marco de la celebraci\u00f3n del D\u00eda de las Madres.<\/p>\n\n\n\n<p>En su participaci\u00f3n durante los \u201cDi\u00e1logos Circulares\u201d de la Coordinaci\u00f3n de Comunicaci\u00f3n, Garrido Cruz explic\u00f3 que esta actividad busca impulsar el talento de los emprendedores de pueblos ind\u00edgenas, fortalecer la econom\u00eda solidaria y generar redes de negocio entre los participantes.&nbsp;<\/p>\n\n\n\n<p>\u201cSe desarrollar\u00e1 en la explanada municipal de 9:00 a 16: horas y el objetivo es promover artesan\u00edas locales, as\u00ed como fortalecer las actividades productivas de comunidades ind\u00edgenas de Teolocholco y zonas aleda\u00f1as, como San Isidro Buensuceso, de San Pablo del Monte\u201d, expres\u00f3.<\/p>\n\n\n\n<p>El director general detall\u00f3 que durante la feria tambi\u00e9n se promover\u00e1n los programas de financiamiento con los que cuenta el organismo, entre ellos Mujer Fomtlax, Microtandas y Cr\u00e9dito Individual. Adem\u00e1s, se llevar\u00e1 a cabo una firma de convenio de colaboraci\u00f3n con el ayuntamiento.&nbsp;<\/p>\n\n\n\n<p>\u201cNuestro objetivo es ampliar el acceso a financiamiento para impulsar el desarrollo econ\u00f3mico local y el fortalecimiento de los peque\u00f1os negocios de la regi\u00f3n\u201d, apunt\u00f3.&nbsp;<\/p>\n\n\n\n<p>En otro tema, Jos\u00e9 Luis Garrido inform\u00f3 que como resultado de la Expo Feria MiPymes realizada anteriormente en el municipio de Tetla, donde participaron 83 expositores integrados por emprendedores, microempresas y negocios consolidados, pertenecientes a diversos giros productivos, se visibiliz\u00f3 la diversidad econ\u00f3mica del estado y se promovi\u00f3 la vinculaci\u00f3n comercial de las unidades econ\u00f3micas.&nbsp;<\/p>\n\n\n\n<p>\u201cDurante las actividades de la feria se llev\u00f3 a cabo un ejercicio intensivo de acercamiento y orientaci\u00f3n sobre todos nuestros programas de cr\u00e9dito. Hasta el momento se han otorgado siete cr\u00e9ditos de los 60 interesados; el resto est\u00e1n en revisi\u00f3n, ya que cada solicitud lleva un procedimiento. Estos siete cr\u00e9ditos derivan de la primera edici\u00f3n\u201d, concluy\u00f3.<\/p>\n","protected":false},"excerpt":{"rendered":"<p>El objetivo es promover artesan\u00edas locales y fortalecer las actividades productivas de comunidades ind\u00edgenas.&nbsp; Este lunes, el titular del Fondo Macro para el Desarrollo Integral de Tlaxcala (Fomtlax), Jos\u00e9 Luis Garrido Cruz, anunci\u00f3 la realizaci\u00f3n de la Expo Feria MiPymes \u201cManos que Transforman\u201d, de car\u00e1cter regional, que se llevar\u00e1 a cabo el pr\u00f3ximo 8 de [&hellip;]<\/p>\n","protected":false},"author":1,"featured_media":57114,"comment_status":"open","ping_status":"open","sticky":false,"template":"","format":"standard","meta":{"advanced_seo_description":"","jetpack_seo_html_title":"","jetpack_seo_noindex":false,"footnotes":"","jetpack_publicize_message":"","jetpack_is_tweetstorm":false,"jetpack_publicize_feature_enabled":true,"jetpack_social_post_already_shared":true,"jetpack_social_options":{"image_generator_settings":{"template":"highway","enabled":false}}},"categories":[2,3],"tags":[],"class_list":["post-57113","post","type-post","status-publish","format-standard","has-post-thumbnail","hentry","category-destacadas","category-gobierno"],"jetpack_publicize_connections":[],"jetpack_featured_media_url":"https:\/\/elcensornoticias.com\/wp-content\/uploads\/2026\/04\/IMG-20260427-WA0037-scaled.jpg","jetpack_likes_enabled":true,"jetpack_sharing_enabled":true,"jetpack_shortlink":"https:\/\/wp.me\/p6xy50-eRb","_links":{"self":[{"href":"https:\/\/elcensornoticias.com\/index.php?rest_route=\/wp\/v2\/posts\/57113","targetHints":{"allow":["GET"]}}],"collection":[{"href":"https:\/\/elcensornoticias.com\/index.php?rest_route=\/wp\/v2\/posts"}],"about":[{"href":"https:\/\/elcensornoticias.com\/index.php?rest_route=\/wp\/v2\/types\/post"}],"author":[{"embeddable":true,"href":"https:\/\/elcensornoticias.com\/index.php?rest_route=\/wp\/v2\/users\/1"}],"replies":[{"embeddable":true,"href":"https:\/\/elcensornoticias.com\/index.php?rest_route=%2Fwp%2Fv2%2Fcomments&post=57113"}],"version-history":[{"count":1,"href":"https:\/\/elcensornoticias.com\/index.php?rest_route=\/wp\/v2\/posts\/57113\/revisions"}],"predecessor-version":[{"id":57115,"href":"https:\/\/elcensornoticias.com\/index.php?rest_route=\/wp\/v2\/posts\/57113\/revisions\/57115"}],"wp:featuredmedia":[{"embeddable":true,"href":"https:\/\/elcensornoticias.com\/index.php?rest_route=\/wp\/v2\/media\/57114"}],"wp:attachment":[{"href":"https:\/\/elcensornoticias.com\/index.php?rest_route=%2Fwp%2Fv2%2Fmedia&parent=57113"}],"wp:term":[{"taxonomy":"category","embeddable":true,"href":"https:\/\/elcensornoticias.com\/index.php?rest_route=%2Fwp%2Fv2%2Fcategories&post=57113"},{"taxonomy":"post_tag","embeddable":true,"href":"https:\/\/elcensornoticias.com\/index.php?rest_route=%2Fwp%2Fv2%2Ftags&post=57113"}],"curies":[{"name":"wp","href":"https:\/\/api.w.org\/{rel}","templated":true}]}}