{"id":56538,"date":"2026-03-17T01:36:55","date_gmt":"2026-03-17T01:36:55","guid":{"rendered":"http:\/\/elcensornoticias.com\/?p=56538"},"modified":"2026-03-17T01:37:40","modified_gmt":"2026-03-17T01:37:40","slug":"ray-vazquez-conchas-exigio-mayor-transparencia-en-el-uso-de-los-recursos","status":"publish","type":"post","link":"https:\/\/elcensornoticias.com\/?p=56538","title":{"rendered":"Ray V\u00e1zquez Conchas exigi\u00f3 mayor transparencia en el uso de los recursos."},"content":{"rendered":"\n<p>\u201dVamos por el Plan B de la Presidenta Claudia Sheinbaum y mi voto tambi\u00e9n ser\u00e1 a favor\u201d, asegur\u00f3 el Diputado Federal por Tlaxcala.<\/p>\n\n\n\n<p>ElCensor.- A pesar de que la reforma electoral no se logr\u00f3 en San L\u00e1zaro, el Diputado Federal por Tlaxcala, Raymundo V\u00e1zquez Conchas, se pronunci\u00f3 a favor del Plan B de la Presidenta de M\u00e9xico, Claudia Sheinbaum, para disminuir privilegios en diversos sectores y lograr un ahorro de 4 mil millones de pesos.<\/p>\n\n\n\n<p>En conferencia de prensa de este lunes, el Congresista inform\u00f3 que si nada extraordinario ocurre, esta misma semana podr\u00eda llegar la iniciativa presidencial a la C\u00e1mara de Diputados, de la cual, se requiere del apoyo de los grupos parlamentarios aliados del PVEM y PT para lograr el consenso necesario en beneficio de la poblaci\u00f3n.<\/p>\n\n\n\n<p>\u201cMe siento satisfecho y orgulloso en este primer momento porque defend\u00ed y vot\u00e9 a favor de lo que ten\u00eda que votar, lo que desde mi percepci\u00f3n y de la oportunidad que me dio el pueblo de Tlaxcala ten\u00eda que defender, lo hice y lo seguir\u00e9 haciendo con la frente en alto como en muchos momentos lo he hecho, con valores, dignidad y responsabilidad\u201d, expres\u00f3.<\/p>\n\n\n\n<p>En este sentido, explic\u00f3 que la reforma electoral que no fue aprobada, que solo vot\u00f3 el grupo parlamentario de Morena y algunos diputados del PT y el PVEM, ten\u00eda el objetivo de disminuir&nbsp; los privilegios en los partidos pol\u00edticos y en el INE, as\u00ed como fortalecer la participaci\u00f3n de la gente.<\/p>\n\n\n\n<p>Sin embargo, con el Plan B ha trascendido se busca aprobar reformas a las leyes secundarias para disminuir los privilegios que persisten en los Congresos Locales y en municipios, fortalecer la consulta popular, poner l\u00edmites a las partidas que reciben senadores, disminuir el n\u00famero de regidores en Ayuntamientos, reducir sueldos a funcionarios electorales locales y federales, as\u00ed como evitar duplicidades entre el INE y Oples, por mencionar algunos puntos.<\/p>\n\n\n\n<p>Ante los cuestionamientos de los medios de comunicaci\u00f3n, Ray V\u00e1zquez, se dijo respetuoso de las decisiones de sus hom\u00f3logos en San L\u00e1zaro, ya que a \u00e9l no le corresponde juzgar sino al pueblo.<\/p>\n\n\n\n<p>Y respecto a las declaraciones de un diputado local de Morena, Ever Campech Avelar, que descalific\u00f3 la informaci\u00f3n y las declaraciones de la Presidenta, Claudia Sheinbaum, al referir que el Congreso de Tlaxcala no es de los m\u00e1s caros del pa\u00eds, incluso, que fueron datos err\u00f3neos.<\/p>\n\n\n\n<p>El Diputado Federal exigi\u00f3 mayor transparencia en el uso de los recursos y abonar para que los privilegios se terminen, un clamor social plasmado en la esencia de la reforma electoral, y ahora, en el Plan B.<\/p>\n\n\n\n<p>\u201cA m\u00ed me costar\u00eda trabajo descalificar a la Presidenta Claudia Sheinbaum Pardo, la Comandanta en Jefe y Presidenta de la Rep\u00fablica, porque yo creo que dif\u00edcilmente se equivoca, ella debe tener n\u00fameros y datos que a veces nosotros no tenemos\u201d, enfatiz\u00f3.<\/p>\n\n\n\n<p>Por \u00faltimo, el Diputado Federal coment\u00f3 que ya existen avances, luego de la reuni\u00f3n que sostuvo la Secretaria de Gobernaci\u00f3n, Rosa Icela Rodr\u00edguez, con los l\u00edderes de los partidos aliados a la Cuarta Transformaci\u00f3n, as\u00ed que el debate parlamentario se podr\u00eda generar en breve.<\/p>\n","protected":false},"excerpt":{"rendered":"<p>\u201dVamos por el Plan B de la Presidenta Claudia Sheinbaum y mi voto tambi\u00e9n ser\u00e1 a favor\u201d, asegur\u00f3 el Diputado Federal por Tlaxcala. ElCensor.- A pesar de que la reforma electoral no se logr\u00f3 en San L\u00e1zaro, el Diputado Federal por Tlaxcala, Raymundo V\u00e1zquez Conchas, se pronunci\u00f3 a favor del Plan B de la Presidenta [&hellip;]<\/p>\n","protected":false},"author":1,"featured_media":56539,"comment_status":"open","ping_status":"open","sticky":false,"template":"","format":"standard","meta":{"advanced_seo_description":"","jetpack_seo_html_title":"","jetpack_seo_noindex":false,"footnotes":"","jetpack_publicize_message":"","jetpack_is_tweetstorm":false,"jetpack_publicize_feature_enabled":true,"jetpack_social_post_already_shared":true,"jetpack_social_options":{"image_generator_settings":{"template":"highway","enabled":false}}},"categories":[5,1],"tags":[],"class_list":["post-56538","post","type-post","status-publish","format-standard","has-post-thumbnail","hentry","category-carrucel","category-politica"],"jetpack_publicize_connections":[],"jetpack_featured_media_url":"https:\/\/elcensornoticias.com\/wp-content\/uploads\/2026\/03\/CONFERENCIA-PLAN-1.7.jpeg","jetpack_likes_enabled":true,"jetpack_sharing_enabled":true,"jetpack_shortlink":"https:\/\/wp.me\/p6xy50-eHU","_links":{"self":[{"href":"https:\/\/elcensornoticias.com\/index.php?rest_route=\/wp\/v2\/posts\/56538","targetHints":{"allow":["GET"]}}],"collection":[{"href":"https:\/\/elcensornoticias.com\/index.php?rest_route=\/wp\/v2\/posts"}],"about":[{"href":"https:\/\/elcensornoticias.com\/index.php?rest_route=\/wp\/v2\/types\/post"}],"author":[{"embeddable":true,"href":"https:\/\/elcensornoticias.com\/index.php?rest_route=\/wp\/v2\/users\/1"}],"replies":[{"embeddable":true,"href":"https:\/\/elcensornoticias.com\/index.php?rest_route=%2Fwp%2Fv2%2Fcomments&post=56538"}],"version-history":[{"count":1,"href":"https:\/\/elcensornoticias.com\/index.php?rest_route=\/wp\/v2\/posts\/56538\/revisions"}],"predecessor-version":[{"id":56540,"href":"https:\/\/elcensornoticias.com\/index.php?rest_route=\/wp\/v2\/posts\/56538\/revisions\/56540"}],"wp:featuredmedia":[{"embeddable":true,"href":"https:\/\/elcensornoticias.com\/index.php?rest_route=\/wp\/v2\/media\/56539"}],"wp:attachment":[{"href":"https:\/\/elcensornoticias.com\/index.php?rest_route=%2Fwp%2Fv2%2Fmedia&parent=56538"}],"wp:term":[{"taxonomy":"category","embeddable":true,"href":"https:\/\/elcensornoticias.com\/index.php?rest_route=%2Fwp%2Fv2%2Fcategories&post=56538"},{"taxonomy":"post_tag","embeddable":true,"href":"https:\/\/elcensornoticias.com\/index.php?rest_route=%2Fwp%2Fv2%2Ftags&post=56538"}],"curies":[{"name":"wp","href":"https:\/\/api.w.org\/{rel}","templated":true}]}}