{"id":56534,"date":"2026-03-17T01:28:10","date_gmt":"2026-03-17T01:28:10","guid":{"rendered":"http:\/\/elcensornoticias.com\/?p=56534"},"modified":"2026-03-17T01:29:23","modified_gmt":"2026-03-17T01:29:23","slug":"alcaldes-del-grupo-m20-de-la-onu-en-tlaxcala","status":"publish","type":"post","link":"https:\/\/elcensornoticias.com\/?p=56534","title":{"rendered":"ALCALDES DEL GRUPO M20 DE LA ONU EN TLAXCALA"},"content":{"rendered":"\n<p>El c\u00f3nclave tendr\u00e1 lugar el pr\u00f3ximo mi\u00e9rcoles 18 de marzo.<\/p>\n\n\n\n<p>La capital del estado se convertir\u00e1 este mi\u00e9rcoles 18 de marzo en el epicentro del di\u00e1logo municipal en M\u00e9xico al ser sede de la reuni\u00f3n de alcaldes que integran la Red M20 del Programa de las Naciones Unidas para el Desarrollo (PNUD), encuentro que reunir\u00e1 a 26 presidentes municipales con los m\u00e1s altos \u00edndices de desarrollo humano del pa\u00eds, inform\u00f3 el alcalde Alfonso S\u00e1nchez Garc\u00eda.<\/p>\n\n\n\n<p>Tras encabezar una reuni\u00f3n de trabajo con funcionarios del Ayuntamiento de Tlaxcala para afinar los \u00faltimos detalles de la organizaci\u00f3n de este c\u00f3nclave, el edil destac\u00f3 que para el gobierno municipal es un honor ser anfitri\u00f3n de este evento internacional, en el que se compartir\u00e1n experiencias, buenas pr\u00e1cticas y estrategias de gobernanza entre alcaldes de distintas ciudades.&nbsp;<\/p>\n\n\n\n<p>Se\u00f1al\u00f3 que, en su calidad de vicepresidente del grupo M20, el municipio busca impulsar una agenda de cooperaci\u00f3n que permita fortalecer el desarrollo local y mejorar la calidad de vida en las comunidades.<\/p>\n\n\n\n<p>Alfonso S\u00e1nchez Garc\u00eda subray\u00f3 que integrarse al M20 no fue casualidad, ya que Tlaxcala capital se ubica actualmente en el noveno lugar nacional entre m\u00e1s de 2 mil 450 municipios en el \u00cdndice de Desarrollo Humano, resultado de un gobierno que trabaja con planeaci\u00f3n, responsabilidad y cercan\u00eda con la ciudadan\u00eda para escuchar y resolver sus necesidades.<\/p>\n\n\n\n<p>Finalmente, el edil capitalino afirm\u00f3 que la realizaci\u00f3n de este encuentro representa una oportunidad para posicionar a Tlaxcala en la agenda nacional e internacional, al tiempo que fortalece la cooperaci\u00f3n entre gobiernos locales y consolidar proyectos que impulsen el desarrollo y bienestar de la poblaci\u00f3n.<\/p>\n","protected":false},"excerpt":{"rendered":"<p>El c\u00f3nclave tendr\u00e1 lugar el pr\u00f3ximo mi\u00e9rcoles 18 de marzo. La capital del estado se convertir\u00e1 este mi\u00e9rcoles 18 de marzo en el epicentro del di\u00e1logo municipal en M\u00e9xico al ser sede de la reuni\u00f3n de alcaldes que integran la Red M20 del Programa de las Naciones Unidas para el Desarrollo (PNUD), encuentro que reunir\u00e1 [&hellip;]<\/p>\n","protected":false},"author":1,"featured_media":56535,"comment_status":"open","ping_status":"open","sticky":false,"template":"","format":"standard","meta":{"advanced_seo_description":"","jetpack_seo_html_title":"","jetpack_seo_noindex":false,"footnotes":"","jetpack_publicize_message":"","jetpack_is_tweetstorm":false,"jetpack_publicize_feature_enabled":true,"jetpack_social_post_already_shared":true,"jetpack_social_options":{"image_generator_settings":{"template":"highway","enabled":false}}},"categories":[5,10],"tags":[],"class_list":["post-56534","post","type-post","status-publish","format-standard","has-post-thumbnail","hentry","category-carrucel","category-municipios"],"jetpack_publicize_connections":[],"jetpack_featured_media_url":"https:\/\/elcensornoticias.com\/wp-content\/uploads\/2026\/03\/IMG-20260316-WA0062.jpg","jetpack_likes_enabled":true,"jetpack_sharing_enabled":true,"jetpack_shortlink":"https:\/\/wp.me\/p6xy50-eHQ","_links":{"self":[{"href":"https:\/\/elcensornoticias.com\/index.php?rest_route=\/wp\/v2\/posts\/56534","targetHints":{"allow":["GET"]}}],"collection":[{"href":"https:\/\/elcensornoticias.com\/index.php?rest_route=\/wp\/v2\/posts"}],"about":[{"href":"https:\/\/elcensornoticias.com\/index.php?rest_route=\/wp\/v2\/types\/post"}],"author":[{"embeddable":true,"href":"https:\/\/elcensornoticias.com\/index.php?rest_route=\/wp\/v2\/users\/1"}],"replies":[{"embeddable":true,"href":"https:\/\/elcensornoticias.com\/index.php?rest_route=%2Fwp%2Fv2%2Fcomments&post=56534"}],"version-history":[{"count":1,"href":"https:\/\/elcensornoticias.com\/index.php?rest_route=\/wp\/v2\/posts\/56534\/revisions"}],"predecessor-version":[{"id":56536,"href":"https:\/\/elcensornoticias.com\/index.php?rest_route=\/wp\/v2\/posts\/56534\/revisions\/56536"}],"wp:featuredmedia":[{"embeddable":true,"href":"https:\/\/elcensornoticias.com\/index.php?rest_route=\/wp\/v2\/media\/56535"}],"wp:attachment":[{"href":"https:\/\/elcensornoticias.com\/index.php?rest_route=%2Fwp%2Fv2%2Fmedia&parent=56534"}],"wp:term":[{"taxonomy":"category","embeddable":true,"href":"https:\/\/elcensornoticias.com\/index.php?rest_route=%2Fwp%2Fv2%2Fcategories&post=56534"},{"taxonomy":"post_tag","embeddable":true,"href":"https:\/\/elcensornoticias.com\/index.php?rest_route=%2Fwp%2Fv2%2Ftags&post=56534"}],"curies":[{"name":"wp","href":"https:\/\/api.w.org\/{rel}","templated":true}]}}