{"id":56528,"date":"2026-03-17T01:21:40","date_gmt":"2026-03-17T01:21:40","guid":{"rendered":"http:\/\/elcensornoticias.com\/?p=56528"},"modified":"2026-03-17T01:21:43","modified_gmt":"2026-03-17T01:21:43","slug":"150-proyectos-del-programa-bienestar-para-las-personas-indigenas-2026","status":"publish","type":"post","link":"https:\/\/elcensornoticias.com\/?p=56528","title":{"rendered":"150 PROYECTOS DEL PROGRAMA \u201cBIENESTAR PARA LAS PERSONAS IND\u00cdGENAS 2026\u201d"},"content":{"rendered":"\n<p>Se otorgaron apoyos de 50 mil pesos por proyecto, con una inversi\u00f3n total de 7.5 millones de pesos, para fortalecer iniciativas productivas en comunidades ind\u00edgenas.<\/p>\n\n\n\n<p>El Gobierno del Estado, a trav\u00e9s de la Secretar\u00eda de Bienestar, entreg\u00f3 apoyos del programa \u201cBienestar para las Personas Ind\u00edgenas 2026\u201d, que benefician de manera directa a 150 proyectos productivos con recursos de 50 mil pesos cada uno, lo que representa una inversi\u00f3n total de 7 millones 500 mil pesos.<\/p>\n\n\n\n<p>Durante el evento tambi\u00e9n se realiz\u00f3 la clausura del curso de capacitaci\u00f3n \u201cProyectos Productivos Familiares y Comunitarios, Principios para Fortalecer la Toma de Decisiones\u201d, impartido por docentes de El Colegio de Tlaxcala (COLTLAX), con el objetivo de brindar herramientas que fortalezcan la planeaci\u00f3n y el desarrollo de los proyectos productivos impulsados por integrantes de comunidades ind\u00edgenas.<\/p>\n\n\n\n<p>La titular de la Secretar\u00eda de Bienestar, Mar\u00eda Estela \u00c1lvarez Corona, destac\u00f3 que este programa forma parte de las acciones impulsadas por el Gobierno del Estado para fortalecer el bienestar comunitario y respaldar el desarrollo econ\u00f3mico de las comunidades ind\u00edgenas mediante proyectos que rescatan su cultura, tradiciones y saberes ancestrales.<\/p>\n\n\n\n<p>La funcionaria explic\u00f3 que el programa ha tenido un crecimiento significativo desde su implementaci\u00f3n, al pasar de 40 beneficiarios en 2022 a 150 proyectos productivos en 2026, lo que representa un aumento importante en la cobertura y en la inversi\u00f3n destinada.<\/p>\n\n\n\n<p>\u201cEn 2025 apoyamos 100 proyectos y en 2026 estaremos respaldando 150 proyectos productivos, cada uno con un apoyo de 50 mil pesos que se entregar\u00e1 de manera directa a trav\u00e9s de una tarjeta\u201d, puntualiz\u00f3.<\/p>\n\n\n\n<p>\u00c1lvarez Corona se\u00f1al\u00f3 que los proyectos beneficiados abarcan diversos sectores, entre ellos. gastronom\u00eda, artesan\u00edas, turismo comunitario, producci\u00f3n agr\u00edcola y rescate cultural, adem\u00e1s de iniciativas enfocadas en la preservaci\u00f3n de lenguas originarias como el Yuhmu de Ixtenco, que actualmente enfrenta riesgo de desaparici\u00f3n.<\/p>\n\n\n\n<p>Por su parte, el presidente municipal de Tlaxcala, Alfonso S\u00e1nchez Garc\u00eda, destac\u00f3 que la capacitaci\u00f3n y el impulso a proyectos productivos contribuyen a fortalecer la autonom\u00eda econ\u00f3mica de las comunidades.<\/p>\n\n\n\n<p>\u201cCuando ustedes producen, venden y emprenden, no solo mejoran su econom\u00eda familiar; tambi\u00e9n demuestran que las comunidades ind\u00edgenas de Tlaxcala son creativas, emprendedoras y capaces. Sus conocimientos sobre medicina tradicional, textiles, artesan\u00edas o agricultura ancestral son tesoros que debemos preservar\u201d, se\u00f1al\u00f3.<\/p>\n\n\n\n<p>Autoridades estatales y municipales coincidieron en que este programa representa una estrategia integral que, adem\u00e1s de otorgar apoyos econ\u00f3micos, brinda capacitaci\u00f3n y acompa\u00f1amiento t\u00e9cnico para garantizar la viabilidad y sostenibilidad de los proyectos productivos en beneficio de las comunidades ind\u00edgenas del estado.<\/p>\n","protected":false},"excerpt":{"rendered":"<p>Se otorgaron apoyos de 50 mil pesos por proyecto, con una inversi\u00f3n total de 7.5 millones de pesos, para fortalecer iniciativas productivas en comunidades ind\u00edgenas. El Gobierno del Estado, a trav\u00e9s de la Secretar\u00eda de Bienestar, entreg\u00f3 apoyos del programa \u201cBienestar para las Personas Ind\u00edgenas 2026\u201d, que benefician de manera directa a 150 proyectos productivos [&hellip;]<\/p>\n","protected":false},"author":1,"featured_media":56529,"comment_status":"open","ping_status":"open","sticky":false,"template":"","format":"standard","meta":{"advanced_seo_description":"","jetpack_seo_html_title":"","jetpack_seo_noindex":false,"footnotes":"","jetpack_publicize_message":"","jetpack_is_tweetstorm":false,"jetpack_publicize_feature_enabled":true,"jetpack_social_post_already_shared":true,"jetpack_social_options":{"image_generator_settings":{"template":"highway","enabled":false}}},"categories":[5,3],"tags":[],"class_list":["post-56528","post","type-post","status-publish","format-standard","has-post-thumbnail","hentry","category-carrucel","category-gobierno"],"jetpack_publicize_connections":[],"jetpack_featured_media_url":"https:\/\/elcensornoticias.com\/wp-content\/uploads\/2026\/03\/IMG-20260316-WA0027.jpg","jetpack_likes_enabled":true,"jetpack_sharing_enabled":true,"jetpack_shortlink":"https:\/\/wp.me\/p6xy50-eHK","_links":{"self":[{"href":"https:\/\/elcensornoticias.com\/index.php?rest_route=\/wp\/v2\/posts\/56528","targetHints":{"allow":["GET"]}}],"collection":[{"href":"https:\/\/elcensornoticias.com\/index.php?rest_route=\/wp\/v2\/posts"}],"about":[{"href":"https:\/\/elcensornoticias.com\/index.php?rest_route=\/wp\/v2\/types\/post"}],"author":[{"embeddable":true,"href":"https:\/\/elcensornoticias.com\/index.php?rest_route=\/wp\/v2\/users\/1"}],"replies":[{"embeddable":true,"href":"https:\/\/elcensornoticias.com\/index.php?rest_route=%2Fwp%2Fv2%2Fcomments&post=56528"}],"version-history":[{"count":1,"href":"https:\/\/elcensornoticias.com\/index.php?rest_route=\/wp\/v2\/posts\/56528\/revisions"}],"predecessor-version":[{"id":56530,"href":"https:\/\/elcensornoticias.com\/index.php?rest_route=\/wp\/v2\/posts\/56528\/revisions\/56530"}],"wp:featuredmedia":[{"embeddable":true,"href":"https:\/\/elcensornoticias.com\/index.php?rest_route=\/wp\/v2\/media\/56529"}],"wp:attachment":[{"href":"https:\/\/elcensornoticias.com\/index.php?rest_route=%2Fwp%2Fv2%2Fmedia&parent=56528"}],"wp:term":[{"taxonomy":"category","embeddable":true,"href":"https:\/\/elcensornoticias.com\/index.php?rest_route=%2Fwp%2Fv2%2Fcategories&post=56528"},{"taxonomy":"post_tag","embeddable":true,"href":"https:\/\/elcensornoticias.com\/index.php?rest_route=%2Fwp%2Fv2%2Ftags&post=56528"}],"curies":[{"name":"wp","href":"https:\/\/api.w.org\/{rel}","templated":true}]}}