{"id":56497,"date":"2026-03-10T01:07:31","date_gmt":"2026-03-10T01:07:31","guid":{"rendered":"http:\/\/elcensornoticias.com\/?p=56497"},"modified":"2026-03-10T01:07:54","modified_gmt":"2026-03-10T01:07:54","slug":"clase-masiva-de-defensa-personal-mujeres-imparables","status":"publish","type":"post","link":"https:\/\/elcensornoticias.com\/?p=56497","title":{"rendered":"CLASE MASIVA DE DEFENSA PERSONAL \u201cMUJERES IMPARABLES\u201d"},"content":{"rendered":"\n<p>El estado se sum\u00f3 a la iniciativa nacional que busca fortalecer la seguridad, la confianza y la participaci\u00f3n femenina a trav\u00e9s del deporte.<\/p>\n\n\n\n<p>Con la participaci\u00f3n de 423 mujeres, el Instituto del Deporte de Tlaxcala (IDET), en coordinaci\u00f3n con la Secretar\u00eda de las Mujeres y la Asociaci\u00f3n Tlaxcalteca de Judo, realiz\u00f3 la clase masiva de defensa personal \u201cMujeres Imparables\u201d, con el objetivo de brindar herramientas que contribuyan a la seguridad y el empoderamiento de la poblaci\u00f3n femenina.<\/p>\n\n\n\n<p>La actividad se llev\u00f3 a cabo en el Pabell\u00f3n A de la Ciudad de Alto Rendimiento de Tlaxcala, donde las asistentes realizaron ejercicios de calentamiento y, posteriormente, aprendieron t\u00e9cnicas b\u00e1sicas de defensa personal orientadas a enfrentar posibles situaciones de riesgo.<\/p>\n\n\n\n<p>El titular del IDET, Daniel Moncayo Cervantes, destac\u00f3 la importancia de generar espacios seguros que fomenten la participaci\u00f3n de las mujeres en el deporte y promuevan estilos de vida saludables, al tiempo que reconoci\u00f3 el impulso de la gobernadora Lorena Cu\u00e9llar Cisneros para acercar programas y servicios que beneficien a este sector de la poblaci\u00f3n.<\/p>\n\n\n\n<p>La clase fue impartida por Yolanda Cuatecontzi Tlachi, presidenta de la Asociaci\u00f3n de Judo de Tlaxcala A.C., quien subray\u00f3 la amplia respuesta de las participantes y se\u00f1al\u00f3 que este tipo de iniciativas, promovidas por la Comisi\u00f3n Nacional de Cultura F\u00edsica y Deporte (CONADE), en coordinaci\u00f3n con la Federaci\u00f3n Mexicana de Judo, fortalecen la participaci\u00f3n de ni\u00f1as y mujeres en el deporte.<\/p>\n\n\n\n<p>En la jornada tambi\u00e9n se sumaron instancias estatales como el Sistema Estatal DIF, la Secretar\u00eda del Bienestar, la Comisi\u00f3n Ejecutiva de Atenci\u00f3n a V\u00edctimas (CEAVI) y el Consejo Estatal de Poblaci\u00f3n (COESPO). Mujeres provenientes de m\u00e1s de 20 municipios del estado participaron en esta actividad bajo la consigna #SerLoQueQueramos.<\/p>\n","protected":false},"excerpt":{"rendered":"<p>El estado se sum\u00f3 a la iniciativa nacional que busca fortalecer la seguridad, la confianza y la participaci\u00f3n femenina a trav\u00e9s del deporte. Con la participaci\u00f3n de 423 mujeres, el Instituto del Deporte de Tlaxcala (IDET), en coordinaci\u00f3n con la Secretar\u00eda de las Mujeres y la Asociaci\u00f3n Tlaxcalteca de Judo, realiz\u00f3 la clase masiva de [&hellip;]<\/p>\n","protected":false},"author":1,"featured_media":56498,"comment_status":"open","ping_status":"open","sticky":false,"template":"","format":"standard","meta":{"advanced_seo_description":"","jetpack_seo_html_title":"","jetpack_seo_noindex":false,"footnotes":"","jetpack_publicize_message":"","jetpack_is_tweetstorm":false,"jetpack_publicize_feature_enabled":true,"jetpack_social_post_already_shared":true,"jetpack_social_options":{"image_generator_settings":{"template":"highway","enabled":false}}},"categories":[5,3],"tags":[],"class_list":["post-56497","post","type-post","status-publish","format-standard","has-post-thumbnail","hentry","category-carrucel","category-gobierno"],"jetpack_publicize_connections":[],"jetpack_featured_media_url":"https:\/\/elcensornoticias.com\/wp-content\/uploads\/2026\/03\/IMG-20260309-WA0055-1.jpg","jetpack_likes_enabled":true,"jetpack_sharing_enabled":true,"jetpack_shortlink":"https:\/\/wp.me\/p6xy50-eHf","_links":{"self":[{"href":"https:\/\/elcensornoticias.com\/index.php?rest_route=\/wp\/v2\/posts\/56497","targetHints":{"allow":["GET"]}}],"collection":[{"href":"https:\/\/elcensornoticias.com\/index.php?rest_route=\/wp\/v2\/posts"}],"about":[{"href":"https:\/\/elcensornoticias.com\/index.php?rest_route=\/wp\/v2\/types\/post"}],"author":[{"embeddable":true,"href":"https:\/\/elcensornoticias.com\/index.php?rest_route=\/wp\/v2\/users\/1"}],"replies":[{"embeddable":true,"href":"https:\/\/elcensornoticias.com\/index.php?rest_route=%2Fwp%2Fv2%2Fcomments&post=56497"}],"version-history":[{"count":1,"href":"https:\/\/elcensornoticias.com\/index.php?rest_route=\/wp\/v2\/posts\/56497\/revisions"}],"predecessor-version":[{"id":56499,"href":"https:\/\/elcensornoticias.com\/index.php?rest_route=\/wp\/v2\/posts\/56497\/revisions\/56499"}],"wp:featuredmedia":[{"embeddable":true,"href":"https:\/\/elcensornoticias.com\/index.php?rest_route=\/wp\/v2\/media\/56498"}],"wp:attachment":[{"href":"https:\/\/elcensornoticias.com\/index.php?rest_route=%2Fwp%2Fv2%2Fmedia&parent=56497"}],"wp:term":[{"taxonomy":"category","embeddable":true,"href":"https:\/\/elcensornoticias.com\/index.php?rest_route=%2Fwp%2Fv2%2Fcategories&post=56497"},{"taxonomy":"post_tag","embeddable":true,"href":"https:\/\/elcensornoticias.com\/index.php?rest_route=%2Fwp%2Fv2%2Ftags&post=56497"}],"curies":[{"name":"wp","href":"https:\/\/api.w.org\/{rel}","templated":true}]}}