{"id":55650,"date":"2025-12-09T00:49:29","date_gmt":"2025-12-09T00:49:29","guid":{"rendered":"http:\/\/elcensornoticias.com\/?p=55650"},"modified":"2025-12-09T00:49:43","modified_gmt":"2025-12-09T00:49:43","slug":"tlaxcala-impulsa-escuelas-con-energia-limpia-y-captacion-de-agua-pluvial","status":"publish","type":"post","link":"https:\/\/elcensornoticias.com\/?p=55650","title":{"rendered":"TLAXCALA IMPULSA ESCUELAS CON ENERG\u00cdA LIMPIA Y CAPTACI\u00d3N DE AGUA PLUVIAL"},"content":{"rendered":"\n<p>El agua es lo m\u00e1s valioso que tenemos; debemos cuidarla porque de ella depende la vida de todos: Lorena Cu\u00e9llar.<\/p>\n\n\n\n<p>La gobernadora Lorena Cu\u00e9llar Cisneros puso en marcha el programa \u201cEscuelas Autosustentables\u201d en San Jos\u00e9 Teacalco y destac\u00f3 la importancia de impulsar acciones que garanticen espacios escolares preparados para el futuro, con sistemas de captaci\u00f3n de agua de lluvia y energ\u00eda solar.<\/p>\n\n\n\n<p>En su mensaje, subray\u00f3 el compromiso de su administraci\u00f3n para fortalecer el cuidado del medio ambiente a trav\u00e9s de pol\u00edticas de fondo, obras hist\u00f3ricas y educaci\u00f3n ambiental, pues record\u00f3 que durante d\u00e9cadas se descuid\u00f3 la protecci\u00f3n de los r\u00edos, lagunas y monta\u00f1as, lo que deriv\u00f3 en da\u00f1os severos como la contaminaci\u00f3n del r\u00edo Zahuapan y la p\u00e9rdida de cuerpos de agua.&nbsp;<\/p>\n\n\n\n<p>Cu\u00e9llar Cisneros se\u00f1al\u00f3 que \u201cde nada servir\u00e1n estas inversiones si no cambiamos nuestras pr\u00e1cticas, si seguimos mandando basura al r\u00edo o desperdiciando el agua; cuidar el agua es un compromiso de todos, cuidar el agua nos permitir\u00e1 garantizar un mejor futuro para las ni\u00f1as y los ni\u00f1os\u201d.&nbsp;<\/p>\n\n\n\n<p>Precis\u00f3 que su administraci\u00f3n destina 59 millones de pesos para equipar planteles con sistemas de captaci\u00f3n pluvial, adem\u00e1s de impulsar 850 jag\u00fceyes en el campo tlaxcalteca para recuperar millones de litros de agua.&nbsp;<\/p>\n\n\n\n<p>Record\u00f3 tambi\u00e9n los trabajos de recuperaci\u00f3n de la laguna de Acuitlapilco, \u201cque hoy vuelve a la vida gracias al desazolve y la colaboraci\u00f3n comunitaria.\u201d, puntualiz\u00f3.<\/p>\n\n\n\n<p>En su intervenci\u00f3n, la presidenta honor\u00edfica del Comit\u00e9 Consultivo de Bienestar y Desarrollo Social, Fernanda Espinosa de los Monteros Cu\u00e9llar, resalt\u00f3 que el programa forma parte de una estrategia estatal m\u00e1s amplia que impulsa energ\u00edas limpias y escuelas dignas.&nbsp;<\/p>\n\n\n\n<p>Se\u00f1al\u00f3 que en este municipio se atendieron dos planteles, beneficiando directamente a 580 estudiantes, y que en todo el estado se ejecutan 87 acciones en 36 municipios, alcanzando a casi 29 mil alumnas y alumnos.<\/p>\n\n\n\n<p>Espinosa de los Monteros Cu\u00e9llar destac\u00f3 que \u201cel bienestar no se construye desde un escritorio, sino caminando en territorio y trabajando con la gente; este programa siembra conciencia y transforma vidas, no solo representan infraestructura, sino oportunidades de aprendizaje que permiten a ni\u00f1as, ni\u00f1os y docentes\u201d.&nbsp;<\/p>\n\n\n\n<p>En su oportunidad, el secretario de Educaci\u00f3n del estado, Homero Meneses Hern\u00e1ndez, inform\u00f3 que se instalaron comit\u00e9s de cambio clim\u00e1tico en todas las escuelas y municipios del estado, con el objetivo de promover buenas pr\u00e1cticas ambientales desde el aula.&nbsp;<\/p>\n\n\n\n<p>Explic\u00f3 que el programa de auto sustentabilidad cierra un c\u00edrculo virtuoso que integra captaci\u00f3n pluvial, energ\u00eda solar y educaci\u00f3n ambiental, al tiempo que llam\u00f3 a las ni\u00f1as, ni\u00f1os, maestras y maestros a llevar lo aprendido a sus hogares para replicar acciones de cuidado del agua y energ\u00eda.&nbsp;<\/p>\n\n\n\n<p>Por \u00faltimo, la presidenta Griselda Aguilar Mac\u00edas agradeci\u00f3 la elecci\u00f3n del municipio como beneficiario del programa y destac\u00f3 la importancia de formar escuelas con visi\u00f3n ambiental para las generaciones futuras.<\/p>\n\n\n\n<p>Adem\u00e1s, subray\u00f3 que la instalaci\u00f3n del sistema de captaci\u00f3n pluvial permitir\u00e1 que la escuela utilice el agua para sanitarios, lavado de manos y limpieza, lo que representa un ahorro.<\/p>\n\n\n\n<p>Tras el acto protocolario, se dio una breve explicaci\u00f3n del uso de los sistemas y como beneficia para el medio ambiente.<\/p>\n","protected":false},"excerpt":{"rendered":"<p>El agua es lo m\u00e1s valioso que tenemos; debemos cuidarla porque de ella depende la vida de todos: Lorena Cu\u00e9llar. La gobernadora Lorena Cu\u00e9llar Cisneros puso en marcha el programa \u201cEscuelas Autosustentables\u201d en San Jos\u00e9 Teacalco y destac\u00f3 la importancia de impulsar acciones que garanticen espacios escolares preparados para el futuro, con sistemas de captaci\u00f3n [&hellip;]<\/p>\n","protected":false},"author":1,"featured_media":55651,"comment_status":"open","ping_status":"open","sticky":false,"template":"","format":"standard","meta":{"advanced_seo_description":"","jetpack_seo_html_title":"","jetpack_seo_noindex":false,"footnotes":"","jetpack_publicize_message":"","jetpack_is_tweetstorm":false,"jetpack_publicize_feature_enabled":true,"jetpack_social_post_already_shared":true,"jetpack_social_options":{"image_generator_settings":{"template":"highway","enabled":false}}},"categories":[5,3],"tags":[],"class_list":["post-55650","post","type-post","status-publish","format-standard","has-post-thumbnail","hentry","category-carrucel","category-gobierno"],"jetpack_publicize_connections":[],"jetpack_featured_media_url":"https:\/\/elcensornoticias.com\/wp-content\/uploads\/2025\/12\/IMG-20251208-WA0035.jpg","jetpack_likes_enabled":true,"jetpack_sharing_enabled":true,"jetpack_shortlink":"https:\/\/wp.me\/p6xy50-etA","_links":{"self":[{"href":"https:\/\/elcensornoticias.com\/index.php?rest_route=\/wp\/v2\/posts\/55650","targetHints":{"allow":["GET"]}}],"collection":[{"href":"https:\/\/elcensornoticias.com\/index.php?rest_route=\/wp\/v2\/posts"}],"about":[{"href":"https:\/\/elcensornoticias.com\/index.php?rest_route=\/wp\/v2\/types\/post"}],"author":[{"embeddable":true,"href":"https:\/\/elcensornoticias.com\/index.php?rest_route=\/wp\/v2\/users\/1"}],"replies":[{"embeddable":true,"href":"https:\/\/elcensornoticias.com\/index.php?rest_route=%2Fwp%2Fv2%2Fcomments&post=55650"}],"version-history":[{"count":1,"href":"https:\/\/elcensornoticias.com\/index.php?rest_route=\/wp\/v2\/posts\/55650\/revisions"}],"predecessor-version":[{"id":55652,"href":"https:\/\/elcensornoticias.com\/index.php?rest_route=\/wp\/v2\/posts\/55650\/revisions\/55652"}],"wp:featuredmedia":[{"embeddable":true,"href":"https:\/\/elcensornoticias.com\/index.php?rest_route=\/wp\/v2\/media\/55651"}],"wp:attachment":[{"href":"https:\/\/elcensornoticias.com\/index.php?rest_route=%2Fwp%2Fv2%2Fmedia&parent=55650"}],"wp:term":[{"taxonomy":"category","embeddable":true,"href":"https:\/\/elcensornoticias.com\/index.php?rest_route=%2Fwp%2Fv2%2Fcategories&post=55650"},{"taxonomy":"post_tag","embeddable":true,"href":"https:\/\/elcensornoticias.com\/index.php?rest_route=%2Fwp%2Fv2%2Ftags&post=55650"}],"curies":[{"name":"wp","href":"https:\/\/api.w.org\/{rel}","templated":true}]}}