{"id":55647,"date":"2025-12-09T00:47:00","date_gmt":"2025-12-09T00:47:00","guid":{"rendered":"http:\/\/elcensornoticias.com\/?p=55647"},"modified":"2025-12-09T00:47:05","modified_gmt":"2025-12-09T00:47:05","slug":"los-avances-en-tlaxcala-no-pueden-explicarse-sin-la-labor-de-los-medios-de-comunicacion-gobernadora","status":"publish","type":"post","link":"https:\/\/elcensornoticias.com\/?p=55647","title":{"rendered":"LOS AVANCES EN TLAXCALA NO PUEDEN EXPLICARSE SIN LA LABOR DE LOS MEDIOS DE COMUNICACI\u00d3N: GOBERNADORA"},"content":{"rendered":"\n<p>El periodismo serio y profesional se convierte en un factor de equilibrio democr\u00e1tico, afirm\u00f3 Lorena Cu\u00e9llar; titular de CCOM anunci\u00f3 la creaci\u00f3n Unidad de Inteligencia para respaldar a los periodistas.<\/p>\n\n\n\n<p>Al reconocer que el trabajo de los medios de comunicaci\u00f3n es decisivo para la vida democr\u00e1tica y la libertad de la sociedad, la gobernadora Lorena Cu\u00e9llar Cisneros destac\u00f3 que Tlaxcala se coloca como referente nacional en crecimiento, seguridad, bienestar, innovaci\u00f3n social, orden y resultados, y subray\u00f3 que este avance no puede explicarse sin la labor period\u00edstica que diariamente informa con profesionalismo y acompa\u00f1a el desarrollo p\u00fablico con sentido cr\u00edtico.<\/p>\n\n\n\n<p>\u201cNuestro estado dej\u00f3 atr\u00e1s la narrativa de estado peque\u00f1o para convertirse en un modelo que otros estados est\u00e1n observando y reconociendo. Ese avance no puede explicarse sin la labor que ustedes realizan todos los d\u00edas, informando con profesionalismo y acompa\u00f1ando el desarrollo p\u00fablico con sentido cr\u00edtico\u201d, expuso.&nbsp;<\/p>\n\n\n\n<p>Durante una reuni\u00f3n con representantes de medios de comunicaci\u00f3n, con motivo de las fiestas decembrinas, enfatiz\u00f3 que la labor period\u00edstica tambi\u00e9n es fundamental en dos tareas centrales de la vida p\u00fablica para hacer justicia por Tlaxcala y combatir el machismo, la violencia pol\u00edtica digital y las narrativas mis\u00f3ginas.&nbsp;<\/p>\n\n\n\n<p>Asegur\u00f3 que, frente a ese entorno, el periodismo serio y profesional se convierte en un factor de equilibrio democr\u00e1tico: \u201cY en un mundo donde la desinformaci\u00f3n circula m\u00e1s r\u00e1pido que los hechos, los medios responsables son un contrapeso \u00e9tico que ayuda a que la verdad no sea arrastrada por montajes dise\u00f1ados para da\u00f1ar a un estado\u201d.&nbsp;<\/p>\n\n\n\n<p>\u201cVivimos un momento hist\u00f3rico en M\u00e9xico. Las mujeres estamos liderando, transformando, decidiendo y Tlaxcala da muestra, c\u00f3mo lo ha hecho por s\u00ed mismo, que la grandeza se construye desde el trabajo, desde quienes resisten y luchan\u201d, dijo.<\/p>\n\n\n\n<p>Cu\u00e9llar Cisneros expres\u00f3 que los grandes aliados de su gobierno han sido los representantes de los medios de comunicaci\u00f3n, ya que han dado a conocer \u201cesas buenas noticias de que Tlaxcala est\u00e1 en los primeros lugares nacionales, que somos ejemplo nacional, que con poco recurso hemos podido hacer mucho, que dejamos atr\u00e1s el que no se pod\u00eda, el que empezamos a so\u00f1ar en grande y pensamos que Tlaxcala puede salir adelante con lo que tiene\u201d.&nbsp;<\/p>\n\n\n\n<p>Cu\u00e9llar Cisneros asever\u00f3 que la labor informativa es necesaria \u201cpara lograr que Tlaxcala cada d\u00eda sea m\u00e1s grande, sea m\u00e1s visto, sea m\u00e1s reconocido nacionalmente y en el mundo\u201d, por lo que agradeci\u00f3 su compromiso con la verdad y con el estado.<\/p>\n\n\n\n<p>En tanto, el titular de la Coordinaci\u00f3n de Comunicaci\u00f3n del Gobierno del Estado (CCOM), Antonio Mart\u00ednez Vel\u00e1zquez, destac\u00f3 la labor de los periodistas como eslab\u00f3n esencial en la cadena informativa.&nbsp;<\/p>\n\n\n\n<p>\u201c\u00bfQu\u00e9 pensamos en el gobierno de la gobernadora Lorena Cu\u00e9llar? Que la prensa debe ser libre; que la prensa se regula con la prensa, no se regula con un estado censor. La prensa se regula con la prensa. Ese es el compromiso que nos une a la prensa y al gobierno\u201d, afirm\u00f3.<\/p>\n\n\n\n<p>Adem\u00e1s, adelant\u00f3 que, con la autorizaci\u00f3n de la gobernadora, en 2026 la CCOM crear\u00e1 una Unidad de Inteligencia para respaldar a los periodistas en labores de investigaci\u00f3n, y que se otorgar\u00e1n distintas capacitaciones para que tengan contacto con periodistas nacionales, \u201cnuevas t\u00e9cnicas de investigaci\u00f3n, nuevas herramientas, porque hay que profesionalizarlos\u201d: \u201cVamos a construir una cabina para hacer podcasts, pero que tambi\u00e9n la van a usar ustedes, quienes no tengan la infraestructura en sus medios para poder generar sus programas\u201d.&nbsp;<\/p>\n\n\n\n<p>\u201cQueremos apoyarlos en la producci\u00f3n de reportajes para que realmente puedan crecer. Necesitamos una prensa m\u00e1s profesional y m\u00e1s preparada, porque hoy todos pueden informarse en todos lados, pero no todos informan igual\u201d, reiter\u00f3.<\/p>\n\n\n\n<p>Mart\u00ednez Vel\u00e1zquez indic\u00f3 que el periodismo responsable permite generar un punto de uni\u00f3n y colaboraci\u00f3n entre gobierno, sociedad y medios, al garantizar que la informaci\u00f3n llegue con veracidad y profesionalismo.<\/p>\n\n\n\n<p>\u201cPensar que el servicio que hacemos es para toda la gente, para todos los que tienen que estar bien informados, y a trav\u00e9s de que est\u00e9n bien informados, podamos construir una sociedad mejor, m\u00e1s democr\u00e1tica, m\u00e1s arm\u00f3nica, m\u00e1s amable\u201d concluy\u00f3.<\/p>\n","protected":false},"excerpt":{"rendered":"<p>El periodismo serio y profesional se convierte en un factor de equilibrio democr\u00e1tico, afirm\u00f3 Lorena Cu\u00e9llar; titular de CCOM anunci\u00f3 la creaci\u00f3n Unidad de Inteligencia para respaldar a los periodistas. Al reconocer que el trabajo de los medios de comunicaci\u00f3n es decisivo para la vida democr\u00e1tica y la libertad de la sociedad, la gobernadora Lorena [&hellip;]<\/p>\n","protected":false},"author":1,"featured_media":55648,"comment_status":"open","ping_status":"open","sticky":false,"template":"","format":"standard","meta":{"advanced_seo_description":"","jetpack_seo_html_title":"","jetpack_seo_noindex":false,"footnotes":"","jetpack_publicize_message":"","jetpack_is_tweetstorm":false,"jetpack_publicize_feature_enabled":true,"jetpack_social_post_already_shared":true,"jetpack_social_options":{"image_generator_settings":{"template":"highway","enabled":false}}},"categories":[5,3],"tags":[],"class_list":["post-55647","post","type-post","status-publish","format-standard","has-post-thumbnail","hentry","category-carrucel","category-gobierno"],"jetpack_publicize_connections":[],"jetpack_featured_media_url":"https:\/\/elcensornoticias.com\/wp-content\/uploads\/2025\/12\/IMG-20251208-WA0033-2.jpg","jetpack_likes_enabled":true,"jetpack_sharing_enabled":true,"jetpack_shortlink":"https:\/\/wp.me\/p6xy50-etx","_links":{"self":[{"href":"https:\/\/elcensornoticias.com\/index.php?rest_route=\/wp\/v2\/posts\/55647","targetHints":{"allow":["GET"]}}],"collection":[{"href":"https:\/\/elcensornoticias.com\/index.php?rest_route=\/wp\/v2\/posts"}],"about":[{"href":"https:\/\/elcensornoticias.com\/index.php?rest_route=\/wp\/v2\/types\/post"}],"author":[{"embeddable":true,"href":"https:\/\/elcensornoticias.com\/index.php?rest_route=\/wp\/v2\/users\/1"}],"replies":[{"embeddable":true,"href":"https:\/\/elcensornoticias.com\/index.php?rest_route=%2Fwp%2Fv2%2Fcomments&post=55647"}],"version-history":[{"count":1,"href":"https:\/\/elcensornoticias.com\/index.php?rest_route=\/wp\/v2\/posts\/55647\/revisions"}],"predecessor-version":[{"id":55649,"href":"https:\/\/elcensornoticias.com\/index.php?rest_route=\/wp\/v2\/posts\/55647\/revisions\/55649"}],"wp:featuredmedia":[{"embeddable":true,"href":"https:\/\/elcensornoticias.com\/index.php?rest_route=\/wp\/v2\/media\/55648"}],"wp:attachment":[{"href":"https:\/\/elcensornoticias.com\/index.php?rest_route=%2Fwp%2Fv2%2Fmedia&parent=55647"}],"wp:term":[{"taxonomy":"category","embeddable":true,"href":"https:\/\/elcensornoticias.com\/index.php?rest_route=%2Fwp%2Fv2%2Fcategories&post=55647"},{"taxonomy":"post_tag","embeddable":true,"href":"https:\/\/elcensornoticias.com\/index.php?rest_route=%2Fwp%2Fv2%2Ftags&post=55647"}],"curies":[{"name":"wp","href":"https:\/\/api.w.org\/{rel}","templated":true}]}}