{"id":55644,"date":"2025-12-09T00:18:51","date_gmt":"2025-12-09T00:18:51","guid":{"rendered":"http:\/\/elcensornoticias.com\/?p=55644"},"modified":"2025-12-09T00:18:54","modified_gmt":"2025-12-09T00:18:54","slug":"canal-veintidos-estrena-cronica-animal","status":"publish","type":"post","link":"https:\/\/elcensornoticias.com\/?p=55644","title":{"rendered":"CANAL\u00a0VEINTID\u00d3S ESTRENA\u00a0CR\u00d3NICA ANIMAL"},"content":{"rendered":"\n<ul class=\"wp-block-list\">\n<li><strong>Un programa que mezcla podcast, redes sociales y televisi\u00f3n para ofrecer una mirada al ser humano y su relaci\u00f3n con otros animales<\/strong><\/li>\n\n\n\n<li><strong>Regreso de Laura Barrera a la pantalla del Veintid\u00f3s<\/strong><\/li>\n\n\n\n<li><strong>Estreno: mi\u00e9rcoles 10 de diciembre, a las 17:30 horas, a trav\u00e9s de la se\u00f1al 22.1<\/strong><\/li>\n<\/ul>\n\n\n\n<p>Ciudad de M\u00e9xico, a 8 de diciembre de 2025. Como parte del compromiso por ofrecer producciones originales a su audiencia, el&nbsp;<strong>Canal de las Culturas de M\u00e9xico<\/strong>&nbsp;cierra el a\u00f1o con el estreno de&nbsp;<strong><em>Cr\u00f3nica animal<\/em><\/strong>, un programa conducido por la periodista&nbsp;<strong>Laura Barrera<\/strong>&nbsp;que propone una mirada fresca y profunda en torno a la relaci\u00f3n m\u00e1s compleja que tiene el ser humano con cualquier otro integrante de la Tierra: los otros animales.<\/p>\n\n\n\n<p><strong>Promocional&nbsp;<\/strong><strong><em><u><a rel=\"noreferrer noopener\" target=\"_blank\" href=\"https:\/\/youtu.be\/3UTJAX064_c?si=H8iANdWPdrLUjzBl\">Cr\u00f3nica animal con Laura Barrera<\/a><\/u><\/em><\/strong><\/p>\n\n\n\n<p>La serie desarrolla un concepto en el que confluyen recursos de la televisi\u00f3n, el podcast, las redes sociales, la cultura pop y la tradici\u00f3n popular; con sustento en la investigaci\u00f3n period\u00edstica, el seguimiento de casos y recuperaci\u00f3n de testimonios desde la ciencia, el arte, la moda, la psiquiatr\u00eda, el cine, la mitolog\u00eda y la ficci\u00f3n.&nbsp;<strong><em>Cr\u00f3nica animal<\/em><\/strong>&nbsp;ofrece una visi\u00f3n profunda y entretenida sobre la relaci\u00f3n del ser humano con los otros animales desde una \u00f3ptica social, cercana a la vida cotidiana, que retoma miedos y anhelos.<\/p>\n\n\n\n<p>La periodista, productora y conductora,&nbsp;<strong>Laura Barrera<\/strong>, abordar\u00e1 en cada cap\u00edtulo un tema en el que, bajo tres casos espec\u00edficos, brindar\u00e1n una&nbsp;visi\u00f3n de<\/p>\n\n\n\n<p>360 grados sobre una problem\u00e1tica, enriquecida con escenas cinematogr\u00e1ficas, literarias, testimoniales y con una dosis de buen humor.&nbsp; Este programa plantea preguntas y busca respuestas de la mano de especialistas en ramas como la biolog\u00eda, la historia, la psiquiatr\u00eda, antropolog\u00eda, el cine y la moda, as\u00ed como de la ciudadan\u00eda.<\/p>\n\n\n\n<p>El primer episodio titulado&nbsp;<strong><em>Riqueza, poder y animales<\/em><\/strong>, nos muestra el caso de Mike Tyson y su relaci\u00f3n con los tigres de bengala m\u00e1s famosos de Las Vegas, entre otros temas. Adem\u00e1s,&nbsp;<strong><em>Fauna urbana\u2026 el regreso<\/em><\/strong>,&nbsp;<strong><em>Humanizaci\u00f3n de los animales<\/em><\/strong>,&nbsp;<strong><em>Dom\u00e9stico vs salvaje<\/em><\/strong>,&nbsp;<strong><em>Rito y pensamiento m\u00e1gico<\/em><\/strong>&nbsp;y&nbsp;<strong><em>Especies invasoras<\/em><\/strong>, son los siguientes cap\u00edtulos que conforman esta producci\u00f3n original del&nbsp;<strong>Veintid\u00f3s<\/strong>.<\/p>\n\n\n\n<p>La audiencia podr\u00e1 disfrutar este programa&nbsp;<strong>los mi\u00e9rcoles<\/strong>,<strong>&nbsp;a partir del<\/strong>&nbsp;<strong>10 de diciembre<\/strong>,&nbsp;<strong>a las 17:30 horas<\/strong>, por la&nbsp;<strong>se\u00f1al 22.1,&nbsp;<\/strong>en&nbsp;<strong><u><a rel=\"noreferrer noopener\" target=\"_blank\" href=\"http:\/\/www.youtube.com\/@canal22\">YouTube<\/a><\/u><\/strong>&nbsp;y en<strong><em><u><a rel=\"noreferrer noopener\" target=\"_blank\" href=\"https:\/\/www.canal22.org.mx\/\">streaming<\/a><\/u><\/em><\/strong>, disponible en el portal de la televisora.<\/p>\n","protected":false},"excerpt":{"rendered":"<p>Ciudad de M\u00e9xico, a 8 de diciembre de 2025. Como parte del compromiso por ofrecer producciones originales a su audiencia, el&nbsp;Canal de las Culturas de M\u00e9xico&nbsp;cierra el a\u00f1o con el estreno de&nbsp;Cr\u00f3nica animal, un programa conducido por la periodista&nbsp;Laura Barrera&nbsp;que propone una mirada fresca y profunda en torno a la relaci\u00f3n m\u00e1s compleja que tiene [&hellip;]<\/p>\n","protected":false},"author":1,"featured_media":55645,"comment_status":"open","ping_status":"open","sticky":false,"template":"","format":"standard","meta":{"advanced_seo_description":"","jetpack_seo_html_title":"","jetpack_seo_noindex":false,"footnotes":"","jetpack_publicize_message":"","jetpack_is_tweetstorm":false,"jetpack_publicize_feature_enabled":true,"jetpack_social_post_already_shared":true,"jetpack_social_options":{"image_generator_settings":{"template":"highway","enabled":false}}},"categories":[26],"tags":[],"class_list":["post-55644","post","type-post","status-publish","format-standard","has-post-thumbnail","hentry","category-cultura"],"jetpack_publicize_connections":[],"jetpack_featured_media_url":"https:\/\/elcensornoticias.com\/wp-content\/uploads\/2025\/12\/Cronica-animal.jpeg","jetpack_likes_enabled":true,"jetpack_sharing_enabled":true,"jetpack_shortlink":"https:\/\/wp.me\/p6xy50-etu","_links":{"self":[{"href":"https:\/\/elcensornoticias.com\/index.php?rest_route=\/wp\/v2\/posts\/55644","targetHints":{"allow":["GET"]}}],"collection":[{"href":"https:\/\/elcensornoticias.com\/index.php?rest_route=\/wp\/v2\/posts"}],"about":[{"href":"https:\/\/elcensornoticias.com\/index.php?rest_route=\/wp\/v2\/types\/post"}],"author":[{"embeddable":true,"href":"https:\/\/elcensornoticias.com\/index.php?rest_route=\/wp\/v2\/users\/1"}],"replies":[{"embeddable":true,"href":"https:\/\/elcensornoticias.com\/index.php?rest_route=%2Fwp%2Fv2%2Fcomments&post=55644"}],"version-history":[{"count":1,"href":"https:\/\/elcensornoticias.com\/index.php?rest_route=\/wp\/v2\/posts\/55644\/revisions"}],"predecessor-version":[{"id":55646,"href":"https:\/\/elcensornoticias.com\/index.php?rest_route=\/wp\/v2\/posts\/55644\/revisions\/55646"}],"wp:featuredmedia":[{"embeddable":true,"href":"https:\/\/elcensornoticias.com\/index.php?rest_route=\/wp\/v2\/media\/55645"}],"wp:attachment":[{"href":"https:\/\/elcensornoticias.com\/index.php?rest_route=%2Fwp%2Fv2%2Fmedia&parent=55644"}],"wp:term":[{"taxonomy":"category","embeddable":true,"href":"https:\/\/elcensornoticias.com\/index.php?rest_route=%2Fwp%2Fv2%2Fcategories&post=55644"},{"taxonomy":"post_tag","embeddable":true,"href":"https:\/\/elcensornoticias.com\/index.php?rest_route=%2Fwp%2Fv2%2Ftags&post=55644"}],"curies":[{"name":"wp","href":"https:\/\/api.w.org\/{rel}","templated":true}]}}