{"id":55641,"date":"2025-12-09T00:16:11","date_gmt":"2025-12-09T00:16:11","guid":{"rendered":"http:\/\/elcensornoticias.com\/?p=55641"},"modified":"2025-12-09T00:16:37","modified_gmt":"2025-12-09T00:16:37","slug":"1er-encuentro-de-representantes-de-establecimientos-solidarios","status":"publish","type":"post","link":"https:\/\/elcensornoticias.com\/?p=55641","title":{"rendered":"1er Encuentro de Representantes de Establecimientos Solidarios"},"content":{"rendered":"\n<p>Rector agradece su labor y solidaridad que refleja los valores humanistas y de responsabilidad social<\/p>\n\n\n\n<p>La Fundaci\u00f3n de la Universidad Aut\u00f3noma de Tlaxcala (FUATx), en colaboraci\u00f3n con la Facultad de Ciencias Econ\u00f3mico Administrativas, llev\u00f3 a cabo el&nbsp;\ud835\udfcf\ud835\udc1e\ud835\udc2b&nbsp;\ud835\udc04\ud835\udc27\ud835\udc1c\ud835\udc2e\ud835\udc1e\ud835\udc27\ud835\udc2d\ud835\udc2b\ud835\udc28&nbsp;\ud835\udc1d\ud835\udc1e&nbsp;\ud835\udc11\ud835\udc1e\ud835\udc29\ud835\udc2b\ud835\udc1e\ud835\udc2c\ud835\udc1e\ud835\udc27\ud835\udc2d\ud835\udc1a\ud835\udc27\ud835\udc2d\ud835\udc1e\ud835\udc2c&nbsp;\ud835\udc1d\ud835\udc1e&nbsp;\ud835\udc04\ud835\udc2c\ud835\udc2d\ud835\udc1a\ud835\udc1b\ud835\udc25\ud835\udc1e\ud835\udc1c\ud835\udc22\ud835\udc26\ud835\udc22\ud835\udc1e\ud835\udc27\ud835\udc2d\ud835\udc28\ud835\udc2c&nbsp;\ud835\udc12\ud835\udc28\ud835\udc25\ud835\udc22\ud835\udc1d\ud835\udc1a\ud835\udc2b\ud835\udc22\ud835\udc28\ud835\udc2c, con la participaci\u00f3n de 85 negocios aliados para fortalecer la colaboraci\u00f3n social y los apoyos que brindan a la comunidad universitaria.<\/p>\n\n\n\n<p>Durante el encuentro que se realiz\u00f3 en el Sal\u00f3n Alfol\u00ed del Hotel Se\u00f1orial, el Doctor Seraf\u00edn Ortiz Ortiz, Rector de la UATx, en su calidad de Presidente Honor\u00edfico y fundador de la FUATx, se\u00f1al\u00f3 que la sociedad civil no podr\u00eda comprenderse sin la escuela, la empresa, la iglesia y las distintas organizaciones sociales que, sin ser parte del poder p\u00fablico, contribuyen al desarrollo colectivo.<\/p>\n\n\n\n<p>Adem\u00e1s, reconoci\u00f3 y agradeci\u00f3 la labor de los establecimientos aliados al destacar que su solidaridad refleja los valores humanistas y de responsabilidad social, construyendo un escenario de grandeza y prosperidad para Tlaxcala.<\/p>\n\n\n\n<p>En su intervenci\u00f3n, el Maestro Dante Morales Cruz, Presidente de la FUATx, agradeci\u00f3 el compromiso permanente de los establecimientos con la comunidad universitaria, y tambi\u00e9n la presencia del Maestro Juan M\u00e9ndez V\u00e1zquez, Exrector de la UATx, quien asisti\u00f3 con la representaci\u00f3n de los asociados de la FUATx, lo que reafirma el respaldo institucional a esta red de aliados solidarios que impulsa acciones que transforman vidas y fortalece la presencia social de la Fundaci\u00f3n.<\/p>\n\n\n\n<p>Por su parte, el Doctor&nbsp; Mario Franz Subieta Zecua, Director de la Facultad de Ciencias Econ\u00f3mico Administrativas, subray\u00f3 que dichas alianzas fortalecen la profesionalizaci\u00f3n de los negocios aliados mediante la capacitaci\u00f3n continua.<\/p>\n\n\n\n<p>Como cierre de actividades, se imparti\u00f3 el&nbsp;\ud835\udc13\ud835\udc1a\ud835\udc25\ud835\udc25\ud835\udc1e\ud835\udc2b&nbsp;\ud835\udc1d\ud835\udc1e&nbsp;\ud835\udc0c\ud835\udc1a\ud835\udc2b\ud835\udc24\ud835\udc1e\ud835\udc2d\ud835\udc22\ud835\udc27\ud835\udc20&nbsp;\ud835\udc03\ud835\udc22\ud835\udc20\ud835\udc22\ud835\udc2d\ud835\udc1a\ud835\udc25&nbsp;\ud835\udc32&nbsp;\ud835\udc15\ud835\udc1e\ud835\udc27\ud835\udc2d\ud835\udc1a\ud835\udc2c&nbsp;a cargo de la Doctora&nbsp; Acela Trevera D\u00e1vila y del Maestro V\u00edctor Herrera Loranca, docentes de la Ciencias Econ\u00f3mico Administrativas, quienes compartieron herramientas para mejorar el posicionamiento y la proyecci\u00f3n de los establecimientos participantes.<\/p>\n","protected":false},"excerpt":{"rendered":"<p>Rector agradece su labor y solidaridad que refleja los valores humanistas y de responsabilidad social La Fundaci\u00f3n de la Universidad Aut\u00f3noma de Tlaxcala (FUATx), en colaboraci\u00f3n con la Facultad de Ciencias Econ\u00f3mico Administrativas, llev\u00f3 a cabo el&nbsp;\ud835\udfcf\ud835\udc1e\ud835\udc2b&nbsp;\ud835\udc04\ud835\udc27\ud835\udc1c\ud835\udc2e\ud835\udc1e\ud835\udc27\ud835\udc2d\ud835\udc2b\ud835\udc28&nbsp;\ud835\udc1d\ud835\udc1e&nbsp;\ud835\udc11\ud835\udc1e\ud835\udc29\ud835\udc2b\ud835\udc1e\ud835\udc2c\ud835\udc1e\ud835\udc27\ud835\udc2d\ud835\udc1a\ud835\udc27\ud835\udc2d\ud835\udc1e\ud835\udc2c&nbsp;\ud835\udc1d\ud835\udc1e&nbsp;\ud835\udc04\ud835\udc2c\ud835\udc2d\ud835\udc1a\ud835\udc1b\ud835\udc25\ud835\udc1e\ud835\udc1c\ud835\udc22\ud835\udc26\ud835\udc22\ud835\udc1e\ud835\udc27\ud835\udc2d\ud835\udc28\ud835\udc2c&nbsp;\ud835\udc12\ud835\udc28\ud835\udc25\ud835\udc22\ud835\udc1d\ud835\udc1a\ud835\udc2b\ud835\udc22\ud835\udc28\ud835\udc2c, con la participaci\u00f3n de 85 negocios aliados para fortalecer la colaboraci\u00f3n social y los apoyos que brindan a [&hellip;]<\/p>\n","protected":false},"author":1,"featured_media":55642,"comment_status":"open","ping_status":"open","sticky":false,"template":"","format":"standard","meta":{"advanced_seo_description":"","jetpack_seo_html_title":"","jetpack_seo_noindex":false,"footnotes":"","jetpack_publicize_message":"","jetpack_is_tweetstorm":false,"jetpack_publicize_feature_enabled":true,"jetpack_social_post_already_shared":true,"jetpack_social_options":{"image_generator_settings":{"template":"highway","enabled":false}}},"categories":[2,28],"tags":[],"class_list":["post-55641","post","type-post","status-publish","format-standard","has-post-thumbnail","hentry","category-destacadas","category-educacion"],"jetpack_publicize_connections":[],"jetpack_featured_media_url":"https:\/\/elcensornoticias.com\/wp-content\/uploads\/2025\/12\/8-FUAT-y-FCEA-organizaron-1er-Encuentro-de-Representantes-de-Establecimientos-Solidarios-1.jpeg","jetpack_likes_enabled":true,"jetpack_sharing_enabled":true,"jetpack_shortlink":"https:\/\/wp.me\/p6xy50-etr","_links":{"self":[{"href":"https:\/\/elcensornoticias.com\/index.php?rest_route=\/wp\/v2\/posts\/55641","targetHints":{"allow":["GET"]}}],"collection":[{"href":"https:\/\/elcensornoticias.com\/index.php?rest_route=\/wp\/v2\/posts"}],"about":[{"href":"https:\/\/elcensornoticias.com\/index.php?rest_route=\/wp\/v2\/types\/post"}],"author":[{"embeddable":true,"href":"https:\/\/elcensornoticias.com\/index.php?rest_route=\/wp\/v2\/users\/1"}],"replies":[{"embeddable":true,"href":"https:\/\/elcensornoticias.com\/index.php?rest_route=%2Fwp%2Fv2%2Fcomments&post=55641"}],"version-history":[{"count":1,"href":"https:\/\/elcensornoticias.com\/index.php?rest_route=\/wp\/v2\/posts\/55641\/revisions"}],"predecessor-version":[{"id":55643,"href":"https:\/\/elcensornoticias.com\/index.php?rest_route=\/wp\/v2\/posts\/55641\/revisions\/55643"}],"wp:featuredmedia":[{"embeddable":true,"href":"https:\/\/elcensornoticias.com\/index.php?rest_route=\/wp\/v2\/media\/55642"}],"wp:attachment":[{"href":"https:\/\/elcensornoticias.com\/index.php?rest_route=%2Fwp%2Fv2%2Fmedia&parent=55641"}],"wp:term":[{"taxonomy":"category","embeddable":true,"href":"https:\/\/elcensornoticias.com\/index.php?rest_route=%2Fwp%2Fv2%2Fcategories&post=55641"},{"taxonomy":"post_tag","embeddable":true,"href":"https:\/\/elcensornoticias.com\/index.php?rest_route=%2Fwp%2Fv2%2Ftags&post=55641"}],"curies":[{"name":"wp","href":"https:\/\/api.w.org\/{rel}","templated":true}]}}