{"id":55638,"date":"2025-12-09T00:13:48","date_gmt":"2025-12-09T00:13:48","guid":{"rendered":"http:\/\/elcensornoticias.com\/?p=55638"},"modified":"2025-12-09T00:13:57","modified_gmt":"2025-12-09T00:13:57","slug":"en-quintana-roo-inauguran-la-reunion-nacional-de-cultura-2025","status":"publish","type":"post","link":"https:\/\/elcensornoticias.com\/?p=55638","title":{"rendered":"EN QUINTANA ROO, INAUGURAN LA REUNI\u00d3N NACIONAL DE CULTURA 2025\u00a0"},"content":{"rendered":"\n<ul class=\"wp-block-list\">\n<li><strong>El primer d\u00eda de actividades incluye una sesi\u00f3n plenaria de representantes de Cultura de las 32 entidades del pa\u00eds<\/strong><\/li>\n\n\n\n<li><strong>Se realizan las mesas: Circuitos culturales nacionales e internacionales; Cultura comunitaria y cultura para la paz: Culturas vivas, patrimonio inmaterial e interculturalidad; Educaci\u00f3n art\u00edstica y estudios culturales; Bibliotecas y fomento a la lectura; Medios p\u00fablicos y pol\u00edtica audiovisual; Patrimonio antropol\u00f3gico; Cultura, arte y migraci\u00f3n, y Econom\u00eda creativa<\/strong><\/li>\n<\/ul>\n\n\n\n<p>La secretaria de Cultura del Gobierno de M\u00e9xico, Claudia Curiel de Icaza, y la gobernadora de Quintana Roo, Mara Lezama Espinosa, encabezaron el d\u00eda de hoy lunes 8 de diciembre de 2025 la inauguraci\u00f3n de la Reuni\u00f3n Nacional de Cultura (RNC) 2025, realizada en el Centro de Convenciones de Quintana Roo, donde se dan cita representantes de las instituciones culturales de las 32 entidades del pa\u00eds.<\/p>\n\n\n\n<p>La secretaria Curiel afirm\u00f3 que la Reuni\u00f3n Nacional de Cultura es \u201cuno de los espacios sin duda m\u00e1s importantes del pa\u00eds, porque aqu\u00ed encontramos visiones diversas, realidades distintas, experiencias territoriales que enriquecen la pol\u00edtica cultural nacional\u201d.<\/p>\n\n\n\n<p>Tambi\u00e9n subray\u00f3 que cada titular de Cultura presenta en la RNC \u201cexperiencias que hablan de la diversidad, no solo del pa\u00eds, sino del hacer pol\u00edtica cultural determinada en el territorio. A todos nos convoca la convicci\u00f3n de que, a partir de las diferencias, somos capaces de construir acuerdos, y en este espacio vamos a trabajar juntas y juntos\u201d.<\/p>\n\n\n\n<p>Durante la ceremonia de apertura, la gobernadora de Quintana Roo, Mara Lezama, asegur\u00f3 que en este gobierno de la Cuarta Transformaci\u00f3n visibiliza a las comunidades ind\u00edgenas y afromexicanas, las reconoce como sujetas de derechos y como protagonistas de este nuevo tiempo. \u201cPor primera vez en la historia estas comunidades han sido visibilizadas, escuchadas y apoyadas con pol\u00edticas que respetan su autonom\u00eda, sus territorios y su forma de entender el mundo\u201d explic\u00f3.<\/p>\n\n\n\n<p>Record\u00f3 que el Plan Nacional de Desarrollo 2025\u20132030, que impulsa la Presidenta Claudia Sheinbaum, coloca a la cultura en el centro del proyecto de la transformaci\u00f3n del pa\u00eds, visi\u00f3n que en Quintana Roo se refleja en cada decisi\u00f3n.<\/p>\n\n\n\n<p>La directora general del Instituto de la Cultura y las Artes de Quintana Roo, Lilian Jes\u00fas Villanueva Chan dio la bienvenida al estado, \u201ca esta tierra caribe\u00f1a. Bienvenidos a conocer el arte de las mujeres artesanas, bordadoras, tejedoras de bejuco, bordadoras de hamaca. Bienvenidos a conocer la cuna del primer mestizaje, bienvenidos a Quintana Roo\u201d.<\/p>\n\n\n\n<p>Asimismo, se firm\u00f3 un convenio marco de colaboraci\u00f3n entre la Secretar\u00eda de Cultura del Gobierno de M\u00e9xico y el estado de Quintana Roo.<\/p>\n\n\n\n<p><strong>Plenaria: exposici\u00f3n de l\u00edneas de trabajo y di\u00e1logo con titulares de cultura<\/strong><\/p>\n\n\n\n<p>La RNC 2025 tiene como prop\u00f3sito fortalecer los mecanismos de coordinaci\u00f3n entre estados y federaci\u00f3n, evaluar los avances del sector y trazar rutas comunes para garantizar el acceso pleno a los derechos culturales en todo M\u00e9xico.<\/p>\n\n\n\n<p>Tras la inauguraci\u00f3n, inici\u00f3 la sesi\u00f3n plenaria con titulares de cultura, un espacio de di\u00e1logo en el que representantes de las 32 entidades compartieron avances, necesidades, propuestas y perspectivas para el desarrollo cultural en los estados.<\/p>\n\n\n\n<p>Asimismo, se realizar\u00e1n las mesas: Circuitos culturales nacionales e internacionales; Cultura comunitaria y cultura para la paz: Culturas vivas, patrimonio inmaterial e interculturalidad; Educaci\u00f3n art\u00edstica y estudios culturales; Bibliotecas y fomento a la lectura; Medios p\u00fablicos y pol\u00edtica audiovisual; Patrimonio antropol\u00f3gico; Cultura, arte y migraci\u00f3n y Econom\u00eda creativa.<\/p>\n\n\n\n<p>Con ellas se establecer\u00e1n diagn\u00f3sticos comunes para revisar programas federales, compartir experiencias exitosas y acordar acciones que fortalezcan el ejercicio de los derechos culturales en todas las regiones del pa\u00eds.<\/p>\n\n\n\n<p>La RNC 2025 tambi\u00e9n es un punto de encuentro para generar l\u00edneas comunes de trabajo, identificar buenas pr\u00e1cticas y consolidar acuerdos que favorezcan la gesti\u00f3n cultural en el territorio nacional.<\/p>\n\n\n\n<p>Los trabajos de la RNC contin\u00faan el martes 9 de diciembre con la revisi\u00f3n de acuerdos, definiciones program\u00e1ticas y una sesi\u00f3n final para establecer las l\u00edneas de acci\u00f3n que las 32 entidades impulsar\u00e1n durante 2026.<\/p>\n\n\n\n<p>Sigue las redes sociales de la Secretar\u00eda de Cultura en X&nbsp;(@cultura_mx), Facebook(\/SecretariaCulturaMX) e Instagram (@culturamx).&nbsp;<\/p>\n","protected":false},"excerpt":{"rendered":"<p>La secretaria de Cultura del Gobierno de M\u00e9xico, Claudia Curiel de Icaza, y la gobernadora de Quintana Roo, Mara Lezama Espinosa, encabezaron el d\u00eda de hoy lunes 8 de diciembre de 2025 la inauguraci\u00f3n de la Reuni\u00f3n Nacional de Cultura (RNC) 2025, realizada en el Centro de Convenciones de Quintana Roo, donde se dan cita [&hellip;]<\/p>\n","protected":false},"author":1,"featured_media":55639,"comment_status":"open","ping_status":"open","sticky":false,"template":"","format":"standard","meta":{"advanced_seo_description":"","jetpack_seo_html_title":"","jetpack_seo_noindex":false,"footnotes":"","jetpack_publicize_message":"","jetpack_is_tweetstorm":false,"jetpack_publicize_feature_enabled":true,"jetpack_social_post_already_shared":true,"jetpack_social_options":{"image_generator_settings":{"template":"highway","enabled":false}}},"categories":[26],"tags":[],"class_list":["post-55638","post","type-post","status-publish","format-standard","has-post-thumbnail","hentry","category-cultura"],"jetpack_publicize_connections":[],"jetpack_featured_media_url":"https:\/\/elcensornoticias.com\/wp-content\/uploads\/2025\/12\/PHOTO-2025-12-08-11-24-23-1.jpg","jetpack_likes_enabled":true,"jetpack_sharing_enabled":true,"jetpack_shortlink":"https:\/\/wp.me\/p6xy50-eto","_links":{"self":[{"href":"https:\/\/elcensornoticias.com\/index.php?rest_route=\/wp\/v2\/posts\/55638","targetHints":{"allow":["GET"]}}],"collection":[{"href":"https:\/\/elcensornoticias.com\/index.php?rest_route=\/wp\/v2\/posts"}],"about":[{"href":"https:\/\/elcensornoticias.com\/index.php?rest_route=\/wp\/v2\/types\/post"}],"author":[{"embeddable":true,"href":"https:\/\/elcensornoticias.com\/index.php?rest_route=\/wp\/v2\/users\/1"}],"replies":[{"embeddable":true,"href":"https:\/\/elcensornoticias.com\/index.php?rest_route=%2Fwp%2Fv2%2Fcomments&post=55638"}],"version-history":[{"count":1,"href":"https:\/\/elcensornoticias.com\/index.php?rest_route=\/wp\/v2\/posts\/55638\/revisions"}],"predecessor-version":[{"id":55640,"href":"https:\/\/elcensornoticias.com\/index.php?rest_route=\/wp\/v2\/posts\/55638\/revisions\/55640"}],"wp:featuredmedia":[{"embeddable":true,"href":"https:\/\/elcensornoticias.com\/index.php?rest_route=\/wp\/v2\/media\/55639"}],"wp:attachment":[{"href":"https:\/\/elcensornoticias.com\/index.php?rest_route=%2Fwp%2Fv2%2Fmedia&parent=55638"}],"wp:term":[{"taxonomy":"category","embeddable":true,"href":"https:\/\/elcensornoticias.com\/index.php?rest_route=%2Fwp%2Fv2%2Fcategories&post=55638"},{"taxonomy":"post_tag","embeddable":true,"href":"https:\/\/elcensornoticias.com\/index.php?rest_route=%2Fwp%2Fv2%2Ftags&post=55638"}],"curies":[{"name":"wp","href":"https:\/\/api.w.org\/{rel}","templated":true}]}}