{"id":55635,"date":"2025-12-09T00:11:33","date_gmt":"2025-12-09T00:11:33","guid":{"rendered":"http:\/\/elcensornoticias.com\/?p=55635"},"modified":"2025-12-09T00:11:42","modified_gmt":"2025-12-09T00:11:42","slug":"le-ira-muy-bien-al-dip-ray-vazquez-conchas-lo-felicitan-legisladores-federales","status":"publish","type":"post","link":"https:\/\/elcensornoticias.com\/?p=55635","title":{"rendered":"\u201cLe ir\u00e1 muy bien al Dip. Ray V\u00e1zquez Conchas\u201d; lo felicitan Legisladores Federales"},"content":{"rendered":"\n<p>Con motivo de su Primer Informe de Actividades Legislativas celebrado este fin de semana en Tlaxcala, le auguran \u00e9xito en sus actividades<\/p>\n\n\n\n<p>Encabezados por el Presidente de la Junta de Coordinaci\u00f3n Pol\u00edtica (Jucopo) y el Coordinador de Operaci\u00f3n Pol\u00edtica de la C\u00e1mara de Diputados, Ricardo Monreal \u00c1vila y Pedro Haces Barba, respectivamente, as\u00ed como m\u00e1s de 30 legisladoras y legisladores, felicitaron a su compa\u00f1ero Raymundo V\u00e1zquez Conchas con motivo de su Primer Informe de Actividades Legislativas.&nbsp;<\/p>\n\n\n\n<p>A trav\u00e9s de un emotivo video, las y los diputados reconocieron la labor legislativa de quien llaman afectuosamente \u201cRay\u201d en San L\u00e1zaro, porque se ha ganado el cari\u00f1o y el respeto de los legisladores de todos los partidos, no solo de Morena al que pertenece, sino de todos los partidos.&nbsp;<\/p>\n\n\n\n<p>El tambi\u00e9n Coordinador del Grupo Parlamentario de Morena, Ricardo Monreal, afirm\u00f3 que las y los tlaxcaltecas no se equivocaron al elegir a V\u00e1zquez Conchas como su representante popular, y una muestra de ello, es la transparencia y la rendici\u00f3n de cuentas que brinda a la ciudadan\u00eda con su informe de actividades.&nbsp;<\/p>\n\n\n\n<p>\u201cLe mando mi cari\u00f1o a todos y espero que a Ray le vaya muy bien en el futuro, que siga sirviendo a su pueblo con pasi\u00f3n y con entusiasmo\u201d, expres\u00f3 en un video, al tiempo que explic\u00f3 que debido al an\u00e1lisis de la reforma a la Ley de Aguas Nacionales se extendi\u00f3 y complic\u00f3 su visita a Tlaxcala.&nbsp;<\/p>\n\n\n\n<p>Mientras que el Coordinador de Operaci\u00f3n Pol\u00edtica, Pedro Haces, calific\u00f3 a Ray V\u00e1zquez como \u201cun gran Diputado\u201d y \u201clo mejor que tiene Tlaxcala\u201d, seguido de decenas de felicitaciones de congresistas de diversos estados de la Rep\u00fablica.<\/p>\n\n\n\n<p>De tal manera, tanto que los Parlamentarios que se dieron cita en la Plaza de Toros Jorge \u201cEl Ranchero\u201d Aguilar, as\u00ed como de sus compa\u00f1eros que estuvieron presentes, coincidieron por medio de un video que se proyect\u00f3 durante en el informe, que Ray V\u00e1zquez es un hombre que ha puesto en alto el nombre de su estado, no solo en la C\u00e1mara de Diputados,&nbsp; sino tambi\u00e9n a nivel internacional en otros Parlamentos del mundo.<\/p>\n","protected":false},"excerpt":{"rendered":"<p>Con motivo de su Primer Informe de Actividades Legislativas celebrado este fin de semana en Tlaxcala, le auguran \u00e9xito en sus actividades Encabezados por el Presidente de la Junta de Coordinaci\u00f3n Pol\u00edtica (Jucopo) y el Coordinador de Operaci\u00f3n Pol\u00edtica de la C\u00e1mara de Diputados, Ricardo Monreal \u00c1vila y Pedro Haces Barba, respectivamente, as\u00ed como m\u00e1s [&hellip;]<\/p>\n","protected":false},"author":1,"featured_media":55636,"comment_status":"open","ping_status":"open","sticky":false,"template":"","format":"standard","meta":{"advanced_seo_description":"","jetpack_seo_html_title":"","jetpack_seo_noindex":false,"footnotes":"","jetpack_publicize_message":"","jetpack_is_tweetstorm":false,"jetpack_publicize_feature_enabled":true,"jetpack_social_post_already_shared":true,"jetpack_social_options":{"image_generator_settings":{"template":"highway","enabled":false}}},"categories":[2,1],"tags":[],"class_list":["post-55635","post","type-post","status-publish","format-standard","has-post-thumbnail","hentry","category-destacadas","category-politica"],"jetpack_publicize_connections":[],"jetpack_featured_media_url":"https:\/\/elcensornoticias.com\/wp-content\/uploads\/2025\/12\/IMG-20251208-WA0001.jpg","jetpack_likes_enabled":true,"jetpack_sharing_enabled":true,"jetpack_shortlink":"https:\/\/wp.me\/p6xy50-etl","_links":{"self":[{"href":"https:\/\/elcensornoticias.com\/index.php?rest_route=\/wp\/v2\/posts\/55635","targetHints":{"allow":["GET"]}}],"collection":[{"href":"https:\/\/elcensornoticias.com\/index.php?rest_route=\/wp\/v2\/posts"}],"about":[{"href":"https:\/\/elcensornoticias.com\/index.php?rest_route=\/wp\/v2\/types\/post"}],"author":[{"embeddable":true,"href":"https:\/\/elcensornoticias.com\/index.php?rest_route=\/wp\/v2\/users\/1"}],"replies":[{"embeddable":true,"href":"https:\/\/elcensornoticias.com\/index.php?rest_route=%2Fwp%2Fv2%2Fcomments&post=55635"}],"version-history":[{"count":1,"href":"https:\/\/elcensornoticias.com\/index.php?rest_route=\/wp\/v2\/posts\/55635\/revisions"}],"predecessor-version":[{"id":55637,"href":"https:\/\/elcensornoticias.com\/index.php?rest_route=\/wp\/v2\/posts\/55635\/revisions\/55637"}],"wp:featuredmedia":[{"embeddable":true,"href":"https:\/\/elcensornoticias.com\/index.php?rest_route=\/wp\/v2\/media\/55636"}],"wp:attachment":[{"href":"https:\/\/elcensornoticias.com\/index.php?rest_route=%2Fwp%2Fv2%2Fmedia&parent=55635"}],"wp:term":[{"taxonomy":"category","embeddable":true,"href":"https:\/\/elcensornoticias.com\/index.php?rest_route=%2Fwp%2Fv2%2Fcategories&post=55635"},{"taxonomy":"post_tag","embeddable":true,"href":"https:\/\/elcensornoticias.com\/index.php?rest_route=%2Fwp%2Fv2%2Ftags&post=55635"}],"curies":[{"name":"wp","href":"https:\/\/api.w.org\/{rel}","templated":true}]}}