{"id":55625,"date":"2025-12-05T02:08:09","date_gmt":"2025-12-05T02:08:09","guid":{"rendered":"http:\/\/elcensornoticias.com\/?p=55625"},"modified":"2025-12-05T02:08:22","modified_gmt":"2025-12-05T02:08:22","slug":"trabajo-entre-poderes-favorece-resultados-relevantes-en-seguridad-y-justicia-magistradas","status":"publish","type":"post","link":"https:\/\/elcensornoticias.com\/?p=55625","title":{"rendered":"TRABAJO ENTRE PODERES FAVORECE RESULTADOS RELEVANTES EN SEGURIDAD Y JUSTICIA: MAGISTRADAS"},"content":{"rendered":"\n<p>Reconocieron que la coordinaci\u00f3n interinstitucional, la modernizaci\u00f3n institucional y la profesionalizaci\u00f3n del personal han sido determinantes para mantener la seguridad en Tlaxcala y agilizar la impartici\u00f3n de justicia_<\/p>\n\n\n\n<p>Magistradas del Poder Judicial del Estado destacaron que la coordinaci\u00f3n entre el Poder Judicial, la Fiscal\u00eda General de Justicia del Estado (FGJE) y el Gobierno del Estado ha sido fundamental para fortalecer la seguridad en Tlaxcala y agilizar los procesos vinculados con la impartici\u00f3n de justicia.&nbsp;<\/p>\n\n\n\n<p>Tras la presentaci\u00f3n del Informe Anual de Incidencia Delictiva 2025 que encabez\u00f3 la gobernadora Lorena Cu\u00e9llar Cisneros, la magistrada de la Sala Civil-Familiar, Anel Ba\u00f1uelos Meneses, afirm\u00f3 que la actual administraci\u00f3n se ha caracterizado por priorizar la comunicaci\u00f3n institucional y el trabajo coordinado basado en el respeto entre poderes.&nbsp;<\/p>\n\n\n\n<p>\u201cEso nos ha llevado a tener los resultados tan relevantes que hoy se informan\u201d, se\u00f1al\u00f3.<\/p>\n\n\n\n<p>Ba\u00f1uelos Meneses enfatiz\u00f3 que el Poder Judicial avanza en la capacitaci\u00f3n continua del personal jurisdiccional, lo que ha contribuido a agilizar procesos y fortalecer la respuesta ante los delitos. \u201cSon quienes imparten justicia y emiten resoluciones. Capacitarles es clave para entregar resultados que espera la ciudadan\u00eda\u201d, explic\u00f3.<\/p>\n\n\n\n<p>A estas declaraciones se sum\u00f3 la magistrada presidenta del Tribunal de Disciplina Judicial, Violeta Fern\u00e1ndez V\u00e1zquez, quien subray\u00f3 que la coordinaci\u00f3n interinstitucional ha permitido avances significativos tanto en infraestructura como en eficiencia procesal.&nbsp;<\/p>\n\n\n\n<p>Destac\u00f3 que, gracias al apoyo del Gobierno del Estado, el Poder Judicial cuenta hoy con infraestructura adecuada para atender a los justiciables, como la apertura del Centro de Convivencia Familiar en Calpulalpan y Tlaxco, espacios que garantizan convivencias seguras para ni\u00f1as, ni\u00f1os y adolescentes.<\/p>\n\n\n\n<p>Asimismo, inform\u00f3 que se construyen nuevas salas de oralidad civil y familiar, lo que permitir\u00e1 cumplir con el modelo acusatorio y fortalecer la transparencia en los procesos.&nbsp;<\/p>\n\n\n\n<p>\u201cTenemos una extraordinaria coordinaci\u00f3n con Fiscal\u00eda. Ellos investigan y judicializan; a nosotros nos corresponde recibir los casos, cumplir plazos y atender adecuadamente a las v\u00edctimas, respetando los derechos de todas las partes\u201d, explic\u00f3.<\/p>\n\n\n\n<p>Ambas magistradas coincidieron en que la transparencia en la presentaci\u00f3n de los datos de incidencia delictiva permite evaluar avances y rendir cuentas a la poblaci\u00f3n. \u201cEs muy importante que la ciudadan\u00eda conozca c\u00f3mo vamos avanzando en resultados\u201d, apunt\u00f3 Ba\u00f1uelos Meneses.<\/p>\n\n\n\n<p>Las declaraciones reflejan el reconocimiento del Poder Judicial a una estrategia estatal basada en coordinaci\u00f3n institucional, fortalecimiento operativo, infraestructura y profesionalizaci\u00f3n, elementos que contribuyen a mantener la seguridad y avanzar hacia una impartici\u00f3n de justicia m\u00e1s eficiente.<\/p>\n","protected":false},"excerpt":{"rendered":"<p>Reconocieron que la coordinaci\u00f3n interinstitucional, la modernizaci\u00f3n institucional y la profesionalizaci\u00f3n del personal han sido determinantes para mantener la seguridad en Tlaxcala y agilizar la impartici\u00f3n de justicia_ Magistradas del Poder Judicial del Estado destacaron que la coordinaci\u00f3n entre el Poder Judicial, la Fiscal\u00eda General de Justicia del Estado (FGJE) y el Gobierno del Estado [&hellip;]<\/p>\n","protected":false},"author":1,"featured_media":55626,"comment_status":"open","ping_status":"open","sticky":false,"template":"","format":"standard","meta":{"advanced_seo_description":"","jetpack_seo_html_title":"","jetpack_seo_noindex":false,"footnotes":"","jetpack_publicize_message":"","jetpack_is_tweetstorm":false,"jetpack_publicize_feature_enabled":true,"jetpack_social_post_already_shared":true,"jetpack_social_options":{"image_generator_settings":{"template":"highway","enabled":false}}},"categories":[2,3],"tags":[],"class_list":["post-55625","post","type-post","status-publish","format-standard","has-post-thumbnail","hentry","category-destacadas","category-gobierno"],"jetpack_publicize_connections":[],"jetpack_featured_media_url":"https:\/\/elcensornoticias.com\/wp-content\/uploads\/2025\/12\/Screenshot_20251204-191925-097.png","jetpack_likes_enabled":true,"jetpack_sharing_enabled":true,"jetpack_shortlink":"https:\/\/wp.me\/p6xy50-etb","_links":{"self":[{"href":"https:\/\/elcensornoticias.com\/index.php?rest_route=\/wp\/v2\/posts\/55625","targetHints":{"allow":["GET"]}}],"collection":[{"href":"https:\/\/elcensornoticias.com\/index.php?rest_route=\/wp\/v2\/posts"}],"about":[{"href":"https:\/\/elcensornoticias.com\/index.php?rest_route=\/wp\/v2\/types\/post"}],"author":[{"embeddable":true,"href":"https:\/\/elcensornoticias.com\/index.php?rest_route=\/wp\/v2\/users\/1"}],"replies":[{"embeddable":true,"href":"https:\/\/elcensornoticias.com\/index.php?rest_route=%2Fwp%2Fv2%2Fcomments&post=55625"}],"version-history":[{"count":1,"href":"https:\/\/elcensornoticias.com\/index.php?rest_route=\/wp\/v2\/posts\/55625\/revisions"}],"predecessor-version":[{"id":55627,"href":"https:\/\/elcensornoticias.com\/index.php?rest_route=\/wp\/v2\/posts\/55625\/revisions\/55627"}],"wp:featuredmedia":[{"embeddable":true,"href":"https:\/\/elcensornoticias.com\/index.php?rest_route=\/wp\/v2\/media\/55626"}],"wp:attachment":[{"href":"https:\/\/elcensornoticias.com\/index.php?rest_route=%2Fwp%2Fv2%2Fmedia&parent=55625"}],"wp:term":[{"taxonomy":"category","embeddable":true,"href":"https:\/\/elcensornoticias.com\/index.php?rest_route=%2Fwp%2Fv2%2Fcategories&post=55625"},{"taxonomy":"post_tag","embeddable":true,"href":"https:\/\/elcensornoticias.com\/index.php?rest_route=%2Fwp%2Fv2%2Ftags&post=55625"}],"curies":[{"name":"wp","href":"https:\/\/api.w.org\/{rel}","templated":true}]}}