{"id":55618,"date":"2025-12-05T01:56:10","date_gmt":"2025-12-05T01:56:10","guid":{"rendered":"http:\/\/elcensornoticias.com\/?p=55618"},"modified":"2025-12-05T01:56:17","modified_gmt":"2025-12-05T01:56:17","slug":"segunda-feria-de-la-inclusion","status":"publish","type":"post","link":"https:\/\/elcensornoticias.com\/?p=55618","title":{"rendered":"SEGUNDA FERIA DE LA INCLUSI\u00d3N"},"content":{"rendered":"\n<p>PARA FOMENTAR DESARROLLO INTEGRAL DE PERSONAS CON DISCAPACIDAD<\/p>\n\n\n\n<p>Este esfuerzo colectivo reuni\u00f3 actividades acad\u00e9micas, art\u00edsticas, deportivas y recreativas, adem\u00e1s de un corredor de productos elaborados por personas con discapacidad y adultos mayores, con el objetivo de impulsar su autonom\u00eda econ\u00f3mica y visibilizar su talento_<\/p>\n\n\n\n<p>En el marco del D\u00eda Internacional de las Personas con Discapacidad, el Sistema Estatal para el Desarrollo Integral de la Familia (SEDIF) realiz\u00f3 la Segunda Feria de la Inclusi\u00f3n, un encuentro orientado a visibilizar derechos, promover igualdad de oportunidades y fortalecer la participaci\u00f3n plena de las personas con discapacidad en Tlaxcala.<\/p>\n\n\n\n<p>Durante el evento, la presidenta honor\u00edfica del SEDIF, Mariana Espinosa de los Monteros Cu\u00e9llar, destac\u00f3 que este esfuerzo colectivo busca sensibilizar a la sociedad y derribar barreras que limitan el desarrollo y la autonom\u00eda de este sector de la poblaci\u00f3n, y subray\u00f3 que sensibilizar a la sociedad y derribar barreras que limitan el desarrollo y la autonom\u00eda de este sector sigue siendo una tarea esencial.<\/p>\n\n\n\n<p>Asimismo, anunci\u00f3 que Tlaxcala alcanz\u00f3 una meta hist\u00f3rica: los 60 municipios cuentan ya con una Unidad B\u00e1sica de Rehabilitaci\u00f3n (UBR), lo que garantiza atenci\u00f3n cercana y profesional para ni\u00f1as, ni\u00f1os, j\u00f3venes, personas adultas y personas mayores con discapacidad, sin necesidad de largos traslados.<\/p>\n\n\n\n<p>Espinosa de los Monteros inform\u00f3 adem\u00e1s que avanza la construcci\u00f3n del Centro de Rehabilitaci\u00f3n, Inclusi\u00f3n y Autismo Tlaxcala (CRIAT), un proyecto de atenci\u00f3n especializada que operar\u00e1 bajo un modelo similar al Telet\u00f3n, pero financiado con recursos estatales. Aunque el inmueble contin\u00faa en proceso de edificaci\u00f3n, el equipo interdisciplinario ya trabaja en la identificaci\u00f3n de quienes ser\u00e1n los primeros pacientes.<\/p>\n\n\n\n<p>La feria \u2014realizada con la participaci\u00f3n del titular de la Secretar\u00eda de Educaci\u00f3n P\u00fablica del Estado (SEPE), Homero Meneses Hern\u00e1ndez, el atleta paral\u00edmpico tlaxcalteca Leonardo P\u00e9rez Ju\u00e1rez y representantes de diversas instituciones\u2014 incluy\u00f3 actividades acad\u00e9micas, art\u00edsticas, deportivas y recreativas, adem\u00e1s de un corredor con productos elaborados por personas con discapacidad y personas adultas mayores, con el objetivo de impulsar su autonom\u00eda econ\u00f3mica.<\/p>\n\n\n\n<p>El SEDIF destac\u00f3 que estas acciones refuerzan el sentido de pertenencia y la participaci\u00f3n de las personas con discapacidad, al tiempo que llam\u00f3 a las familias a acercarse al organismo para recibir orientaci\u00f3n, acompa\u00f1amiento y apoyo en materia de inclusi\u00f3n y rehabilitaci\u00f3n.<\/p>\n\n\n\n<p>La jornada se consolid\u00f3 como un espacio para celebrar la diversidad humana y reafirmar que en Tlaxcala la inclusi\u00f3n se construye todos los d\u00edas, desde las pol\u00edticas p\u00fablicas hasta las pr\u00e1cticas comunitarias.<\/p>\n","protected":false},"excerpt":{"rendered":"<p>PARA FOMENTAR DESARROLLO INTEGRAL DE PERSONAS CON DISCAPACIDAD Este esfuerzo colectivo reuni\u00f3 actividades acad\u00e9micas, art\u00edsticas, deportivas y recreativas, adem\u00e1s de un corredor de productos elaborados por personas con discapacidad y adultos mayores, con el objetivo de impulsar su autonom\u00eda econ\u00f3mica y visibilizar su talento_ En el marco del D\u00eda Internacional de las Personas con Discapacidad, [&hellip;]<\/p>\n","protected":false},"author":1,"featured_media":55619,"comment_status":"open","ping_status":"open","sticky":false,"template":"","format":"standard","meta":{"advanced_seo_description":"","jetpack_seo_html_title":"","jetpack_seo_noindex":false,"footnotes":"","jetpack_publicize_message":"","jetpack_is_tweetstorm":false,"jetpack_publicize_feature_enabled":true,"jetpack_social_post_already_shared":true,"jetpack_social_options":{"image_generator_settings":{"template":"highway","enabled":false}}},"categories":[5,3],"tags":[],"class_list":["post-55618","post","type-post","status-publish","format-standard","has-post-thumbnail","hentry","category-carrucel","category-gobierno"],"jetpack_publicize_connections":[],"jetpack_featured_media_url":"https:\/\/elcensornoticias.com\/wp-content\/uploads\/2025\/12\/IMG-20251204-WA0035.jpg","jetpack_likes_enabled":true,"jetpack_sharing_enabled":true,"jetpack_shortlink":"https:\/\/wp.me\/p6xy50-et4","_links":{"self":[{"href":"https:\/\/elcensornoticias.com\/index.php?rest_route=\/wp\/v2\/posts\/55618","targetHints":{"allow":["GET"]}}],"collection":[{"href":"https:\/\/elcensornoticias.com\/index.php?rest_route=\/wp\/v2\/posts"}],"about":[{"href":"https:\/\/elcensornoticias.com\/index.php?rest_route=\/wp\/v2\/types\/post"}],"author":[{"embeddable":true,"href":"https:\/\/elcensornoticias.com\/index.php?rest_route=\/wp\/v2\/users\/1"}],"replies":[{"embeddable":true,"href":"https:\/\/elcensornoticias.com\/index.php?rest_route=%2Fwp%2Fv2%2Fcomments&post=55618"}],"version-history":[{"count":1,"href":"https:\/\/elcensornoticias.com\/index.php?rest_route=\/wp\/v2\/posts\/55618\/revisions"}],"predecessor-version":[{"id":55620,"href":"https:\/\/elcensornoticias.com\/index.php?rest_route=\/wp\/v2\/posts\/55618\/revisions\/55620"}],"wp:featuredmedia":[{"embeddable":true,"href":"https:\/\/elcensornoticias.com\/index.php?rest_route=\/wp\/v2\/media\/55619"}],"wp:attachment":[{"href":"https:\/\/elcensornoticias.com\/index.php?rest_route=%2Fwp%2Fv2%2Fmedia&parent=55618"}],"wp:term":[{"taxonomy":"category","embeddable":true,"href":"https:\/\/elcensornoticias.com\/index.php?rest_route=%2Fwp%2Fv2%2Fcategories&post=55618"},{"taxonomy":"post_tag","embeddable":true,"href":"https:\/\/elcensornoticias.com\/index.php?rest_route=%2Fwp%2Fv2%2Ftags&post=55618"}],"curies":[{"name":"wp","href":"https:\/\/api.w.org\/{rel}","templated":true}]}}