{"id":55593,"date":"2025-12-05T01:06:09","date_gmt":"2025-12-05T01:06:09","guid":{"rendered":"http:\/\/elcensornoticias.com\/?p=55593"},"modified":"2025-12-05T01:06:22","modified_gmt":"2025-12-05T01:06:22","slug":"lo-mejor-del-cine-nacional-e-internacional","status":"publish","type":"post","link":"https:\/\/elcensornoticias.com\/?p=55593","title":{"rendered":"LO MEJOR DEL CINE NACIONAL E INTERNACIONAL"},"content":{"rendered":"\n<ul class=\"wp-block-list\">\n<li><strong>En el recinto, al poniente de la ciudad, la 78 Muestra Internacional de Cine contin\u00faa en cartelera con las propuestas m\u00e1s destacadas de la cinematograf\u00eda laureada en festivales<\/strong><\/li>\n\n\n\n<li><strong>Los ciclos\u00a0<em>Simpat\u00eda por el Rock<\/em>,\u00a0<em>Un viaje por<\/em>\u00a0<em>el cine mexicano<\/em>,\u00a0<em>Cine Sesiones\u00a0<\/em>y\u00a0<em>Cine Sesiones Infancias\u00a0<\/em>reciben a destacadas personalidades del s\u00e9ptimo arte mexicano<\/strong><\/li>\n<\/ul>\n\n\n\n<p>Durante la primera quincena de diciembre de 2025, la Cineteca Nacional Chapultepec, instituci\u00f3n de la Secretar\u00eda de Cultura del Gobierno de M\u00e9xico, ofrece las \u00faltimas funciones de la 78 Muestra Internacional de Cine, con los filmes de Sergei Loznitsa, Emir Kusturica, Mascha Schilinski y Kaouther Ben Hania, y ofrece una selecci\u00f3n que da cuenta de la labor de la difusi\u00f3n del cine mexicano y la apertura a m\u00e1s y nuevos p\u00fablicos y audiencias para motivar el di\u00e1logo y la cinefilia, en el recinto.<\/p>\n\n\n\n<p>Miradas, historias y voces contempor\u00e1neas, lo mejor del cine mundial, contin\u00faa en la cartelera de Cineteca Nacional Chapultepec, a trav\u00e9s de cintas que exploran temas de actualidad, cuestiones sociales y ensayos autorales en torno a la desolaci\u00f3n y los roles de poder. A\u00fan en cartelera, se presentan:<\/p>\n\n\n\n<ul class=\"wp-block-list\">\n<li>Viernes 5 de diciembre<\/li>\n<\/ul>\n\n\n\n<p><em>Dos fiscales<\/em><strong>&nbsp;<\/strong>(Sergei Loznitsa, 2025) | 13:50 h y 19:15 h, sala 3<\/p>\n\n\n\n<p><em>Sirat: trance en el desierto<\/em><strong>&nbsp;<\/strong>(Oliver Laxe, 2025), 16:15 h, sala 3<\/p>\n\n\n\n<ul class=\"wp-block-list\">\n<li>S\u00e1bado 6, domingo 7 y lunes 8 de diciembre<\/li>\n<\/ul>\n\n\n\n<p><em>Underground<\/em>&nbsp;(Emir Kusturica, 1995), 13:30 h y 18:15 h, sala 3<\/p>\n\n\n\n<p><em>Dos Extra\u00f1os, dos estaciones<\/em>&nbsp;(Sho Miyake,2025), 16 h, sala 3<\/p>\n\n\n\n<ul class=\"wp-block-list\">\n<li>Martes 9, mi\u00e9rcoles 10 y jueves 11 de diciembre<\/li>\n<\/ul>\n\n\n\n<p><em>El sonido al caer<\/em>&nbsp;(Mascha Schilinski, 2025), 13:30 y 18:30 h, sala 3<\/p>\n\n\n\n<p><em>La voz de Hind Rajab<\/em>&nbsp;(Kaouther Ben Hania, 2025), 16:30 h, sala 3<\/p>\n\n\n\n<p>*Boletos disponibles en taquillas. Programaci\u00f3n sujeta a cambios sin previo aviso.<\/p>\n\n\n\n<p><strong>Cl\u00e1sicos en Pantalla Grande: El cine de ciencia ficci\u00f3n<\/strong><\/p>\n\n\n\n<p>Uno de los ciclos m\u00e1s populares y mejor recibidos dentro de esta sede llega a su fin con tres cintas que retratan la mirada del g\u00e9nero desde los a\u00f1os 80, en tres fronteras distintas, Estados Unidos, Francia y M\u00e9xico, respectivamente:&nbsp;<em>El a\u00f1o que hacemos contacto<\/em>&nbsp;(Peter Hyams, 1984);&nbsp;<em>Los amos del tiempo<\/em>&nbsp;(Ren\u00e9 Laloux, 1982) y&nbsp;<em>El ombligo de la luna<\/em>&nbsp;(Jorge Prior, 1985).<\/p>\n\n\n\n<p>*Boletos disponibles en taquillas. Consulta cartelera para horarios y salas.<\/p>\n\n\n\n<p><strong><br>Programaci\u00f3n para el di\u00e1logo y la reflexi\u00f3n colectiva<\/strong><\/p>\n\n\n\n<p>El exitoso ciclo de cine&nbsp;<em>Simpat\u00eda por el Rock<\/em>&nbsp;invita al p\u00fablico a la Cineteca Nacional Chapultepec con dos proyecciones gratuitas que celebran el legado del rock en la gran pantalla. Las sesiones (moderadas por Enrique Renter\u00eda) cuentan con la presencia de invitados especiales.<\/p>\n\n\n\n<ul class=\"wp-block-list\">\n<li>Viernes 5 de diciembre<\/li>\n<\/ul>\n\n\n\n<p><strong><em>Gimme the power&nbsp;<\/em><\/strong>(Olallo Rubio, 2012). Proyecci\u00f3n + Charla: sala 7, 17 h | Entrada libre, cortes\u00edas en la taquilla 1. Participa:&nbsp;Olallo Rubio<\/p>\n\n\n\n<ul class=\"wp-block-list\">\n<li>Viernes 12 de diciembre<\/li>\n<\/ul>\n\n\n\n<p><strong><em>Depeche mode: M&nbsp;<\/em><\/strong>(Fernando Fr\u00edas, 2025). Proyecci\u00f3n + Charla: sala 7, 17 h | Entrada libre, cortes\u00edas en la taquilla 1. Participa: Fernando Fr\u00edas<\/p>\n\n\n\n<p>En el ciclo<em>&nbsp;<strong>Un viaje por el cine mexicano<\/strong><\/em>, en el que participa Silvestre L\u00f3pez Portillo, el s\u00e1bado 6 de diciembre se llevar\u00e1 a cabo una proyecci\u00f3n especial de&nbsp;<em>Los Olvidados<\/em>&nbsp;(1950), de Luis Bu\u00f1uel. La funci\u00f3n ocurrir\u00e1 a las 12 h en la sala 7 y contar\u00e1 con la presencia de Rafael Avi\u00f1a.<\/p>\n\n\n\n<p>Para el cierre de actividades, se tendr\u00e1 una funci\u00f3n especial de<em>Los adioses&nbsp;<\/em>(Natalia Berist\u00e1in, 2017), con la presencia de la directora y la actriz Karina Gidi. Sala 7, a las 12 h. Entrada libre, cortes\u00edas en la taquilla 1.<\/p>\n\n\n\n<p>El ciclo&nbsp;<strong><em>Cine Sesiones<\/em><\/strong>, moderado por Valeria Barr\u00f3n, presenta el s\u00e1bado 6 de diciembre, a las 16 h, en la sala 5,&nbsp;<em>Te prometo anarqu\u00eda<\/em>&nbsp;(Julio Hern\u00e1ndez Cord\u00f3n, 2015), filme que reflexiona en torno a la amistad y el alcance de las relaciones interpersonales. Entrada libre, cortes\u00edas en la taquilla 1.<\/p>\n\n\n\n<p>Para los restantes d\u00edas del mes, se presentar\u00e1n las dos \u00faltimas proyecciones de&nbsp;<em>Les Nuits en Or,<\/em>&nbsp;el programa que re\u00fane los mejores cortometrajes del a\u00f1o, seleccionados y presentados por L\u2019Acad\u00e9mie des C\u00e9sar, la Academia Mexicana de Artes y Ciencias Cinematogr\u00e1ficas (AMACC) y Procine.<\/p>\n\n\n\n<ul class=\"wp-block-list\">\n<li>Martes 9 de diciembre<\/li>\n<\/ul>\n\n\n\n<p><strong><em>Les Nuits en Or.<\/em><\/strong><em>&nbsp;<strong>Programa 3&nbsp;<\/strong><\/em>(2025).Proyecci\u00f3n + Charla: sala 5, 17 h | Entrada libre, cortes\u00edas en la taquilla 1. Modera: Valeria Barr\u00f3n<\/p>\n\n\n\n<ul class=\"wp-block-list\">\n<li>Jueves 11 de diciembre<\/li>\n<\/ul>\n\n\n\n<p><strong><em>Les Nuits en Or. Programa 4&nbsp;<\/em><\/strong>(2025). Proyecci\u00f3n + Charla: sala 5, 17 h | Entrada libre, cortes\u00edas en la taquilla 1. Modera: Valeria Barr\u00f3n<\/p>\n\n\n\n<p>Y, en colaboraci\u00f3n con el Goethe-Institut M\u00e9xico, el s\u00e1bado 13 de diciembre, se proyectar\u00e1&nbsp;<strong><em>Undine<\/em><\/strong>&nbsp;(Christian Petzold, 2020), pel\u00edcula que retoma el mito de la&nbsp;<em>undina<\/em>, presente en la cosmogon\u00eda germana, desde una perspectiva contempor\u00e1nea.<\/p>\n\n\n\n<p>Proyecci\u00f3n + Charla: sala 5, 16 h | Entrada libre, cortes\u00edas en la taquilla 1. Modera: Valeria Barr\u00f3n.<\/p>\n\n\n\n<p>El ciclo<em>&nbsp;<strong>Cine Sesiones Infancias<\/strong><\/em>, moderado por Dulce Celestino, culmina actividades con una&nbsp;<strong><em>Selecci\u00f3n de cortometrajes infantiles&nbsp;<\/em><\/strong><em>(<\/em>2025) en el Foro al aire libre. Domingo 14 de diciembre, 14:30 h | Entrada libre, cortes\u00edas en la taquilla 1.<\/p>\n\n\n\n<p>La Cineteca Nacional Chapultepec se ubica en Avenida Vasco de Quiroga 1401, colonia Santa Fe, alcald\u00eda \u00c1lvaro Obreg\u00f3n, Ciudad de M\u00e9xico. Para su f\u00e1cil acceso se puede llegar a la estaci\u00f3n Parcur\/Cineteca de la L\u00ednea 3 del Cableb\u00fas.<\/p>\n","protected":false},"excerpt":{"rendered":"<p>Durante la primera quincena de diciembre de 2025, la Cineteca Nacional Chapultepec, instituci\u00f3n de la Secretar\u00eda de Cultura del Gobierno de M\u00e9xico, ofrece las \u00faltimas funciones de la 78 Muestra Internacional de Cine, con los filmes de Sergei Loznitsa, Emir Kusturica, Mascha Schilinski y Kaouther Ben Hania, y ofrece una selecci\u00f3n que da cuenta de [&hellip;]<\/p>\n","protected":false},"author":1,"featured_media":55594,"comment_status":"open","ping_status":"open","sticky":false,"template":"","format":"standard","meta":{"advanced_seo_description":"","jetpack_seo_html_title":"","jetpack_seo_noindex":false,"footnotes":"","jetpack_publicize_message":"","jetpack_is_tweetstorm":false,"jetpack_publicize_feature_enabled":true,"jetpack_social_post_already_shared":true,"jetpack_social_options":{"image_generator_settings":{"template":"highway","enabled":false}}},"categories":[26],"tags":[],"class_list":["post-55593","post","type-post","status-publish","format-standard","has-post-thumbnail","hentry","category-cultura"],"jetpack_publicize_connections":[],"jetpack_featured_media_url":"https:\/\/elcensornoticias.com\/wp-content\/uploads\/2025\/12\/WhatsApp-Image-2025-12-04-at-10.57.38.jpeg","jetpack_likes_enabled":true,"jetpack_sharing_enabled":true,"jetpack_shortlink":"https:\/\/wp.me\/p6xy50-esF","_links":{"self":[{"href":"https:\/\/elcensornoticias.com\/index.php?rest_route=\/wp\/v2\/posts\/55593","targetHints":{"allow":["GET"]}}],"collection":[{"href":"https:\/\/elcensornoticias.com\/index.php?rest_route=\/wp\/v2\/posts"}],"about":[{"href":"https:\/\/elcensornoticias.com\/index.php?rest_route=\/wp\/v2\/types\/post"}],"author":[{"embeddable":true,"href":"https:\/\/elcensornoticias.com\/index.php?rest_route=\/wp\/v2\/users\/1"}],"replies":[{"embeddable":true,"href":"https:\/\/elcensornoticias.com\/index.php?rest_route=%2Fwp%2Fv2%2Fcomments&post=55593"}],"version-history":[{"count":1,"href":"https:\/\/elcensornoticias.com\/index.php?rest_route=\/wp\/v2\/posts\/55593\/revisions"}],"predecessor-version":[{"id":55595,"href":"https:\/\/elcensornoticias.com\/index.php?rest_route=\/wp\/v2\/posts\/55593\/revisions\/55595"}],"wp:featuredmedia":[{"embeddable":true,"href":"https:\/\/elcensornoticias.com\/index.php?rest_route=\/wp\/v2\/media\/55594"}],"wp:attachment":[{"href":"https:\/\/elcensornoticias.com\/index.php?rest_route=%2Fwp%2Fv2%2Fmedia&parent=55593"}],"wp:term":[{"taxonomy":"category","embeddable":true,"href":"https:\/\/elcensornoticias.com\/index.php?rest_route=%2Fwp%2Fv2%2Fcategories&post=55593"},{"taxonomy":"post_tag","embeddable":true,"href":"https:\/\/elcensornoticias.com\/index.php?rest_route=%2Fwp%2Fv2%2Ftags&post=55593"}],"curies":[{"name":"wp","href":"https:\/\/api.w.org\/{rel}","templated":true}]}}