{"id":55586,"date":"2025-12-04T01:33:10","date_gmt":"2025-12-04T01:33:10","guid":{"rendered":"http:\/\/elcensornoticias.com\/?p=55586"},"modified":"2025-12-04T01:33:17","modified_gmt":"2025-12-04T01:33:17","slug":"conmemoran-dia-internacional-de-las-personas-con-discapacidad","status":"publish","type":"post","link":"https:\/\/elcensornoticias.com\/?p=55586","title":{"rendered":"Conmemoran D\u00eda Internacional de las Personas con Discapacidad"},"content":{"rendered":"\n<p>Esta tarde, en el Patio Vitral del Congreso del Estado de Tlaxcala, se llev\u00f3 a cabo un foro conmemorativo por el D\u00eda Internacional de las Personas con Discapacidad, con el prop\u00f3sito de visibilizar, fortalecer y dar voz a este sector de la poblaci\u00f3n. El evento reuni\u00f3 a autoridades, especialistas y ciudadan\u00eda para reflexionar sobre los avances y los retos pendientes en materia de inclusi\u00f3n.<\/p>\n\n\n\n<p>En su mensaje, la diputada Gabriela Hern\u00e1ndez Islas, presidenta de la Comisi\u00f3n de Derechos Humanos, Grupos Vulnerables y Derechos de Ni\u00f1as, Ni\u00f1os y Adolescentes, destac\u00f3 que las personas con discapacidad \u201clevantan la voz no desde la carencia, sino desde la fuerza, la dignidad y la profunda convicci\u00f3n de que la inclusi\u00f3n no es un acto de buena voluntad, sino un derecho que debe garantizarse todos los d\u00edas, en todos los espacios y para todas las personas\u201d. Subray\u00f3 que, si bien existen avances, persisten barreras f\u00edsicas, sociales, culturales, laborales y estructurales que impiden su participaci\u00f3n plena y efectiva en la comunidad.<\/p>\n\n\n\n<p>Por su parte, la presidenta de la Comisi\u00f3n Estatal de Derechos Humanos, Jakqueline Ord\u00f3\u00f1ez Brasdefer, afirm\u00f3 que la inclusi\u00f3n es un compromiso permanente con la igualdad, que requiere escuchar, adaptar, acompa\u00f1ar y valorar a cada persona en su individualidad. Se\u00f1al\u00f3 que la discapacidad no es el problema; las verdaderas barreras son las f\u00edsicas, sociales y comunicacionales que impiden el ejercicio pleno de los derechos, por lo que es indispensable generar accesibilidad y asegurar oportunidades reales para todas y todos.<\/p>\n\n\n\n<p>Durante el foro, las y los ponentes Mar\u00eda del Carmen Mazarrasa Corona, Kevin Alexandre P\u00e9rez L\u00f3pez y Marco Antonio Vel\u00e1zquez Ram\u00edrez coincidieron en que persisten desaf\u00edos como la discriminaci\u00f3n, la falta de oportunidades laborales, el retroceso en la garant\u00eda de derechos y la escasez de apoyos pedag\u00f3gicos, de salud y de empleo. Tambi\u00e9n se\u00f1alaron que a\u00fan es limitado el n\u00famero de personas con discapacidad que ocupan espacios de toma de decisiones.<\/p>\n\n\n\n<p>El evento tambi\u00e9n incluy\u00f3 un bailable navide\u00f1o que foment\u00f3 la integraci\u00f3n y convivencia entre las y los asistentes, as\u00ed como la Expo Inclusi\u00f3n, un espacio destinado a la exposici\u00f3n y venta de productos elaborados por personas con discapacidad y sus familias. Asimismo, se instalaron m\u00f3dulos informativos de la Comisi\u00f3n Estatal de Derechos Humanos, el CRI y Sedeco que ofreci\u00f3 oferta laboral dirigida a personas con discapacidad.<\/p>\n\n\n\n<p>La actividad fue organizada de manera conjunta por la diputada Gabriela Hern\u00e1ndez Islas y la Comisi\u00f3n Estatal de Derechos Humanos, reafirmando el compromiso institucional de impulsar pol\u00edticas p\u00fablicas incluyentes y con enfoque de derechos humanos.<\/p>\n","protected":false},"excerpt":{"rendered":"<p>Esta tarde, en el Patio Vitral del Congreso del Estado de Tlaxcala, se llev\u00f3 a cabo un foro conmemorativo por el D\u00eda Internacional de las Personas con Discapacidad, con el prop\u00f3sito de visibilizar, fortalecer y dar voz a este sector de la poblaci\u00f3n. El evento reuni\u00f3 a autoridades, especialistas y ciudadan\u00eda para reflexionar sobre los [&hellip;]<\/p>\n","protected":false},"author":1,"featured_media":55587,"comment_status":"open","ping_status":"open","sticky":false,"template":"","format":"standard","meta":{"advanced_seo_description":"","jetpack_seo_html_title":"","jetpack_seo_noindex":false,"footnotes":"","jetpack_publicize_message":"","jetpack_is_tweetstorm":false,"jetpack_publicize_feature_enabled":true,"jetpack_social_post_already_shared":true,"jetpack_social_options":{"image_generator_settings":{"template":"highway","enabled":false}}},"categories":[27,2],"tags":[],"class_list":["post-55586","post","type-post","status-publish","format-standard","has-post-thumbnail","hentry","category-congreso","category-destacadas"],"jetpack_publicize_connections":[],"jetpack_featured_media_url":"https:\/\/elcensornoticias.com\/wp-content\/uploads\/2025\/12\/PHOTO-2025-12-03-17-10-38.jpg","jetpack_likes_enabled":true,"jetpack_sharing_enabled":true,"jetpack_shortlink":"https:\/\/wp.me\/p6xy50-esy","_links":{"self":[{"href":"https:\/\/elcensornoticias.com\/index.php?rest_route=\/wp\/v2\/posts\/55586","targetHints":{"allow":["GET"]}}],"collection":[{"href":"https:\/\/elcensornoticias.com\/index.php?rest_route=\/wp\/v2\/posts"}],"about":[{"href":"https:\/\/elcensornoticias.com\/index.php?rest_route=\/wp\/v2\/types\/post"}],"author":[{"embeddable":true,"href":"https:\/\/elcensornoticias.com\/index.php?rest_route=\/wp\/v2\/users\/1"}],"replies":[{"embeddable":true,"href":"https:\/\/elcensornoticias.com\/index.php?rest_route=%2Fwp%2Fv2%2Fcomments&post=55586"}],"version-history":[{"count":1,"href":"https:\/\/elcensornoticias.com\/index.php?rest_route=\/wp\/v2\/posts\/55586\/revisions"}],"predecessor-version":[{"id":55588,"href":"https:\/\/elcensornoticias.com\/index.php?rest_route=\/wp\/v2\/posts\/55586\/revisions\/55588"}],"wp:featuredmedia":[{"embeddable":true,"href":"https:\/\/elcensornoticias.com\/index.php?rest_route=\/wp\/v2\/media\/55587"}],"wp:attachment":[{"href":"https:\/\/elcensornoticias.com\/index.php?rest_route=%2Fwp%2Fv2%2Fmedia&parent=55586"}],"wp:term":[{"taxonomy":"category","embeddable":true,"href":"https:\/\/elcensornoticias.com\/index.php?rest_route=%2Fwp%2Fv2%2Fcategories&post=55586"},{"taxonomy":"post_tag","embeddable":true,"href":"https:\/\/elcensornoticias.com\/index.php?rest_route=%2Fwp%2Fv2%2Ftags&post=55586"}],"curies":[{"name":"wp","href":"https:\/\/api.w.org\/{rel}","templated":true}]}}