{"id":55402,"date":"2025-11-25T21:52:13","date_gmt":"2025-11-25T21:52:13","guid":{"rendered":"http:\/\/elcensornoticias.com\/?p=55402"},"modified":"2025-11-25T21:52:19","modified_gmt":"2025-11-25T21:52:19","slug":"mx-nuestro-cine-se-une-a-los-16-dias-de-activismo-contra-la-violencia-de-genero","status":"publish","type":"post","link":"https:\/\/elcensornoticias.com\/?p=55402","title":{"rendered":"MX NUESTRO CINE SE UNE A LOS 16 D\u00cdAS DE ACTIVISMO CONTRA LA VIOLENCIA DE G\u00c9NERO"},"content":{"rendered":"\n<ul class=\"wp-block-list\">\n<li>Programaci\u00f3n especial del 25 de noviembre al 10 de diciembre en apoyo a la campa\u00f1a global<\/li>\n\n\n\n<li>La iniciativa incluye dos fechas importantes: Erradicaci\u00f3n de la Violencia contra la Mujer y Lucha contra el SIDA<\/li>\n<\/ul>\n\n\n\n<p>Ciudad de M\u00e9xico, a 22 de noviembre de 2025.&nbsp;MX Nuestro Cine&nbsp;se une a la iniciativa global de los&nbsp;16 D\u00edas de activismo contra la violencia de g\u00e9nero&nbsp;con una programaci\u00f3n especial que se transmitir\u00e1&nbsp;del 25 de noviembre al 10 de diciembre. Esta campa\u00f1a internacional tiene como objetivo llamar a la acci\u00f3n para prevenir y eliminar la violencia de g\u00e9nero, de manera principal contra las mujeres y ni\u00f1as en todo el mundo.<\/p>\n\n\n\n<figure class=\"wp-block-image size-full\"><img loading=\"lazy\" decoding=\"async\" width=\"600\" height=\"400\" src=\"http:\/\/elcensornoticias.com\/wp-content\/uploads\/2025\/11\/Cartelera-2_MX-Nuestro-Cine-1.jpeg\" alt=\"\" class=\"wp-image-55404\" srcset=\"https:\/\/elcensornoticias.com\/wp-content\/uploads\/2025\/11\/Cartelera-2_MX-Nuestro-Cine-1.jpeg 600w, https:\/\/elcensornoticias.com\/wp-content\/uploads\/2025\/11\/Cartelera-2_MX-Nuestro-Cine-1-300x200.jpeg 300w\" sizes=\"auto, (max-width: 600px) 100vw, 600px\" \/><\/figure>\n\n\n\n<p>La programaci\u00f3n&nbsp;inicia el 25 de noviembre,&nbsp;D\u00eda Internacional de la Eliminaci\u00f3n de la Violencia contra las Mujeres, fecha que visibiliza una de las violaciones de los derechos humanos m\u00e1s extendidas y persistentes, definida como todo acto de violencia que tenga o pueda tener como resultado un da\u00f1o o sufrimiento f\u00edsico, sexual o psicol\u00f3gico para la mujer.&nbsp; A trav\u00e9s del cine, se explorar\u00e1n historias que abordan las violencias heredadas, los secretos familiares y los procesos de duelo desde perspectivas intergeneracionales, as\u00ed como relatos que examinan la construcci\u00f3n de la maternidad y las relaciones familiares en contextos de ausencia y resiliencia.<\/p>\n\n\n\n<p>Dentro de este periodo, el canal tambi\u00e9n conmemora el 1 de diciembre,&nbsp;D\u00eda Mundial de la Lucha contra el SIDA, con cuatro pel\u00edculas cuya narrativa, enmarca esta fecha que destaca la importancia del acceso equitativo a servicios de salud, la prevenci\u00f3n y el tratamiento, as\u00ed como la promoci\u00f3n del trabajo con las comunidades para alcanzar a las personas m\u00e1s vulnerables.&nbsp; La programaci\u00f3n incluir\u00e1 contenidos que reflexionan sobre la salud mental, los procesos de reinserci\u00f3n social y la organizaci\u00f3n comunitaria para el acceso a derechos fundamentales.<\/p>\n\n\n\n<p>A trav\u00e9s de una especial curadur\u00eda,&nbsp;MX Nuestro Cine&nbsp;presentar\u00e1 41 pel\u00edculas entre documentales y ficciones, largometrajes y cortometrajes de Brasil, Argentina, Venezuela, Rep\u00fablica Dominicana, Espa\u00f1a, Per\u00fa y M\u00e9xico, que muestran la organizaci\u00f3n de mujeres en comunidades ind\u00edgenas y urbanas, su lucha por la participaci\u00f3n en la toma de decisiones y la transformaci\u00f3n de sus espacios de vida. Las producciones abordan adem\u00e1s testimonios \u00edntimos sobre procesos de liberaci\u00f3n y la reconstrucci\u00f3n del tejido social desde la perspectiva de g\u00e9nero.<\/p>\n\n\n\n<p>Se extiende la invitaci\u00f3n para sumarse a esta reflexi\u00f3n a trav\u00e9s de historias que promueven la construcci\u00f3n de una sociedad m\u00e1s justa. La programaci\u00f3n especial estar\u00e1 disponible en la&nbsp;se\u00f1al 22.2&nbsp;de televisi\u00f3n abierta y en&nbsp;<strong><em><u><a rel=\"noreferrer noopener\" target=\"_blank\" href=\"https:\/\/www.canal22.org.mx\/mx_nuestro_cine.html\">streaming<\/a><\/u><\/em><\/strong>&nbsp;por el portal oficial de la televisora. Los contenidos ser\u00e1n anunciados en las carteleras oficiales del canal.<\/p>\n\n\n\n<p>Los mejores especiales por&nbsp;<strong>MX&nbsp;Nuestro&nbsp;Cine<\/strong>, el canal dedicado al&nbsp;cine&nbsp;mexicano y latinoamericano de&nbsp;<strong>Canal Veintid\u00f3s<\/strong>.<\/p>\n","protected":false},"excerpt":{"rendered":"<p>Ciudad de M\u00e9xico, a 22 de noviembre de 2025.&nbsp;MX Nuestro Cine&nbsp;se une a la iniciativa global de los&nbsp;16 D\u00edas de activismo contra la violencia de g\u00e9nero&nbsp;con una programaci\u00f3n especial que se transmitir\u00e1&nbsp;del 25 de noviembre al 10 de diciembre. Esta campa\u00f1a internacional tiene como objetivo llamar a la acci\u00f3n para prevenir y eliminar la violencia [&hellip;]<\/p>\n","protected":false},"author":1,"featured_media":55403,"comment_status":"open","ping_status":"open","sticky":false,"template":"","format":"standard","meta":{"advanced_seo_description":"","jetpack_seo_html_title":"","jetpack_seo_noindex":false,"footnotes":"","jetpack_publicize_message":"","jetpack_is_tweetstorm":false,"jetpack_publicize_feature_enabled":true,"jetpack_social_post_already_shared":true,"jetpack_social_options":{"image_generator_settings":{"template":"highway","enabled":false}}},"categories":[26],"tags":[],"class_list":["post-55402","post","type-post","status-publish","format-standard","has-post-thumbnail","hentry","category-cultura"],"jetpack_publicize_connections":[],"jetpack_featured_media_url":"https:\/\/elcensornoticias.com\/wp-content\/uploads\/2025\/11\/Cartelera_MX-Nuestro-Cine.jpeg","jetpack_likes_enabled":true,"jetpack_sharing_enabled":true,"jetpack_shortlink":"https:\/\/wp.me\/p6xy50-epA","_links":{"self":[{"href":"https:\/\/elcensornoticias.com\/index.php?rest_route=\/wp\/v2\/posts\/55402","targetHints":{"allow":["GET"]}}],"collection":[{"href":"https:\/\/elcensornoticias.com\/index.php?rest_route=\/wp\/v2\/posts"}],"about":[{"href":"https:\/\/elcensornoticias.com\/index.php?rest_route=\/wp\/v2\/types\/post"}],"author":[{"embeddable":true,"href":"https:\/\/elcensornoticias.com\/index.php?rest_route=\/wp\/v2\/users\/1"}],"replies":[{"embeddable":true,"href":"https:\/\/elcensornoticias.com\/index.php?rest_route=%2Fwp%2Fv2%2Fcomments&post=55402"}],"version-history":[{"count":1,"href":"https:\/\/elcensornoticias.com\/index.php?rest_route=\/wp\/v2\/posts\/55402\/revisions"}],"predecessor-version":[{"id":55405,"href":"https:\/\/elcensornoticias.com\/index.php?rest_route=\/wp\/v2\/posts\/55402\/revisions\/55405"}],"wp:featuredmedia":[{"embeddable":true,"href":"https:\/\/elcensornoticias.com\/index.php?rest_route=\/wp\/v2\/media\/55403"}],"wp:attachment":[{"href":"https:\/\/elcensornoticias.com\/index.php?rest_route=%2Fwp%2Fv2%2Fmedia&parent=55402"}],"wp:term":[{"taxonomy":"category","embeddable":true,"href":"https:\/\/elcensornoticias.com\/index.php?rest_route=%2Fwp%2Fv2%2Fcategories&post=55402"},{"taxonomy":"post_tag","embeddable":true,"href":"https:\/\/elcensornoticias.com\/index.php?rest_route=%2Fwp%2Fv2%2Ftags&post=55402"}],"curies":[{"name":"wp","href":"https:\/\/api.w.org\/{rel}","templated":true}]}}