{"id":55393,"date":"2025-11-22T01:01:53","date_gmt":"2025-11-22T01:01:53","guid":{"rendered":"http:\/\/elcensornoticias.com\/?p=55393"},"modified":"2025-11-22T01:02:04","modified_gmt":"2025-11-22T01:02:04","slug":"obras-ganadoras-comic-en-lenguas-indigenas-nacionales","status":"publish","type":"post","link":"https:\/\/elcensornoticias.com\/?p=55393","title":{"rendered":"OBRAS GANADORAS, C\u00d3MIC EN LENGUAS IND\u00cdGENAS NACIONALES"},"content":{"rendered":"\n<ul class=\"wp-block-list\">\n<li>El primer lugar fue para\u00a0<em>Kwak okelkahkah kenehki alahtlanilos<\/em>\u00a0(<em>Cuando se hab\u00eda olvidado la petici\u00f3n de lluvias<\/em>), escrita en n\u00e1huatl; el segundo, a\u00a0<em>Kukuxrina\u00a0<\/em>(<em>El sue\u00f1o<\/em>), escrito en chocholteco, y el tercero, para\u00a0<em>U Julp\u00fauts\u2019 xWiikabo\u2019ob\u00a0<\/em>(<em>Las Hilvanadas de las Wiikab<\/em>), en maya<\/li>\n\n\n\n<li>Participaron\u00a0veinticinco obras \u2013diez enviadas por mujeres y quince por hombres\u2013, escritas en quince lenguas ind\u00edgenas nacionales y provenientes de once entidades del pa\u00eds\u00a0<\/li>\n\n\n\n<li>Con dicha convocatoria, la Secretar\u00eda de Cultura del Gobierno de M\u00e9xico promueve el uso, el fortalecimiento y la difusi\u00f3n de las lenguas ind\u00edgenas nacionales, as\u00ed como fomenta la creaci\u00f3n de obras de narrativa gr\u00e1fica en idiomas originarios<\/li>\n<\/ul>\n\n\n\n<p>La Secretar\u00eda de Cultura del Gobierno de M\u00e9xico, a trav\u00e9s del Instituto Nacional de Lenguas Ind\u00edgenas (INALI), entreg\u00f3 hoy, viernes 21 de noviembre de 2025, en la terraza del Museo del Estanquillo, los premios a los ganadores de la Convocatoria 2025 C\u00f3mic en Lenguas Ind\u00edgenas Nacionales, un certamen que tiene como objetivo promover el uso, el fortalecimiento y la difusi\u00f3n de las lenguas ind\u00edgenas, as\u00ed como fomentar la creaci\u00f3n de obras de narrativa gr\u00e1fica en idiomas originarios.&nbsp;<\/p>\n\n\n\n<p>Realizado en el marco del A\u00f1o de la Mujer Ind\u00edgena y del Plan de Acci\u00f3n de M\u00e9xico para el Decenio Internacional de las Lenguas Ind\u00edgenas (DILI) 2022-2032, el certamen dio el primer lugar a&nbsp;<em>Kwak okelkahkah kenehki alahtlanilos&nbsp;<\/em>(<em>Cuando se hab\u00eda olvidado la petici\u00f3n de lluvias<\/em>), escrita en Nawatlahtolli (N\u00e1huatl) por el Colectivo Tlanechikol.&nbsp;<\/p>\n\n\n\n<p>El segundo lugar fue para&nbsp;<em>Kukuxrina&nbsp;<\/em>(<em>El sue\u00f1o<\/em>), escrito en Ngigua\/Ngiba (Chocholteco) del Colectivo Xanedi, y el tercero, para&nbsp;<em>U Julp\u00fauts\u2019 xWiikabo\u2019ob&nbsp;<\/em>(<em>Las Hilvanadas de las Wiikab<\/em>), en Maayat\u02e1aan (Maya) del Colectivo Boon Kuxtal.&nbsp;<\/p>\n\n\n\n<p>Durante la ceremonia, la coordinadora general de Pol\u00edticas Ling\u00fc\u00edsticas del INALI, Rosa Almandina C\u00e1rdenas Demay, destac\u00f3 que el concurso celebra la creatividad, la memoria y la fuerza que habita en las lenguas ind\u00edgenas nacionales, pues cada una es un patrimonio vivo y un derecho que se debe ejercer plenamente.&nbsp;<\/p>\n\n\n\n<p>Asegur\u00f3 que en el marco del DILI 2022-2032, el INALI realiza acciones para que los idiomas originarios se escuchen, escriban y transmitan a nuevas generaciones; por lo que tambi\u00e9n se trabaja en la publicaci\u00f3n de materiales de lectura que se acerquen a las comunidad hablantes y facilitarles el acceso a contenidos propios.&nbsp;<\/p>\n\n\n\n<p>\u201cEste premio nos recuerda que las lenguas originarias est\u00e1n vivas y que su futuro se sigue escribiendo y dibujando con talento, sensibilidad y valent\u00eda, que esta ceremonia sea una invitaci\u00f3n tambi\u00e9n a seguir creando, so\u00f1ando y defendiendo la palabra en todas la lenguas que dan vida a nuestra naci\u00f3n\u201d, expres\u00f3 C\u00e1rdenas Demay.&nbsp;<\/p>\n\n\n\n<p>El premio, indic\u00f3, establece la necesidad de promover el uso de las lenguas ind\u00edgenas como medio de comunicaci\u00f3n en espacios p\u00fablicos y en los distintos medios, lo que ampl\u00eda su presencia en \u00e1mbitos de los que hist\u00f3ricamente han estado ausentes, lo que garantiza que sus hablantes fortalezcan su participaci\u00f3n en la vida cultural y social del pa\u00eds.&nbsp;<\/p>\n\n\n\n<p>Los colectivos ganadores fueron seleccionados de un total de veinticinco obras \u2013diez enviadas por mujeres y quince por hombres\u2013, escritas en quince lenguas ind\u00edgenas nacionales: Tu\u02e1un Savi (Mixteco), Maayat\u02e1aan (Maya), Nawatlahtolli (N\u00e1huatl), H\u00f1\u00e4h\u00f1u (Otom\u00ed), M\u00e8\u2019ph\u00e0\u00e0 (Tlapaneco), Triqui, Tutunak\u00fa, \u00c9nn\u00e1 (Mazateco), CH\u2019ol, Ngigua\/Ngiba (Chocholteco), J\u00f1atjo (Mazahua), Ayuujk (Mixe), Jach t\ua78baan (Lacand\u00f3n), P\u02e1urhepecha y Zapoteco.<\/p>\n\n\n\n<p>Las y los participantes radican en once entidades federativas del pa\u00eds: Chiapas, Estado de M\u00e9xico, Guerrero, Hidalgo, Michoac\u00e1n, Oaxaca, Puebla, Quer\u00e9taro, Tlaxcala, Veracruz y Yucat\u00e1n.<\/p>\n\n\n\n<p>El jurado \u2013conformado por Beatriz Adriana P\u00e9rez Cadena, Rosalba L\u00f3pez L\u00f3pez y Sashenka Hern\u00e1ndez Estrada\u2013 otorg\u00f3 tambi\u00e9n tres Menciones Honor\u00edficas por la calidad y relevancia de las obras a&nbsp;<em>Yoltanemililtajtsontokej&nbsp;<\/em>(<em>Bordando sue\u00f1os<\/em>) en N\u00e1huatl (Hueyapan, Puebla);&nbsp;<em>Tii xe\u2019ve&nbsp;<\/em>(<em>Animal de desbarrancadero<\/em>), en Tu\u2019un Savi (Mixteco), y&nbsp;<em>Didxa sti yaga bi&nbsp;<\/em>(<em>Los cuentos del Mezquite<\/em>), en Zapoteco.<\/p>\n\n\n\n<p><strong>Celebraci\u00f3n al trabajo colectivo&nbsp;<\/strong><\/p>\n\n\n\n<p>Almandina C\u00e1rdenas resalt\u00f3 \u201ces especialmente significativo que las obras ganadoras hayan sido creadas por colectivos, pues esto refleja la fuerza del trabajo colaborativo y el esp\u00edritu comunitario que caracteriza a los pueblos ind\u00edgenas\u201d.&nbsp;<\/p>\n\n\n\n<p>Jose Alfredo Hau, representante del Colectivo Boon Kuxtal ganador del tercer lugar, se\u00f1al\u00f3 que&nbsp;<em>Las Hilvanadas de las Wiikab&nbsp;<\/em>hace \u00e9nfasis en el trabajo generacional para la transmisi\u00f3n de conocimientos, as\u00ed como de la organizaci\u00f3n con la que cada territorio funciona.&nbsp;<\/p>\n\n\n\n<p>\u201cNo es algo que estemos haciendo solos, lo hacemos en conjunto y es importante para que busquemos la forma de fortalecer nuestra lengua y nuestra identidad (&#8230;) Estamos muy contentos y muy felices de que estas actividades tengan la posibilidad de visibilizar las diferentes lenguas de la naci\u00f3n\u201d, asegur\u00f3 Hau.&nbsp;<\/p>\n\n\n\n<p>Por su parte, Jessica Mitzy Reyes Ju\u00e1rez, representante del Colectivo Xanedi, agradeci\u00f3 a todas las personas que crearon la historia ganadora del segundo lugar<em>:&nbsp;<\/em>Don Pablo, Do\u00f1a Tere, Don Ram\u00f3n, Do\u00f1a Olguita y Don Ram\u00f3n, \u201cnuestra obra se llama&nbsp;<em>El Sue\u00f1o&nbsp;<\/em>y queremos seguir so\u00f1ando nuevos futuros posibles para las infancias chocholtecas\u201d.&nbsp;<\/p>\n\n\n\n<p>Para \u00c9rika Sebasti\u00e1n Aguilar, representante del colectivo ganador del primer lugar, compuesto por seis familias, asegur\u00f3 que la distinci\u00f3n honra la memoria y el legado de quienes, dentro de su comunidad n\u00e1huatl, les ense\u00f1aron a cuidar de la tierra y la naturaleza.&nbsp;<\/p>\n\n\n\n<p>Su obra se dirige a ni\u00f1os y j\u00f3venes, para que su idioma y los conocimientos ancestrales heredados no desaparezcan, pues cuenta la historia de una comunidad n\u00e1huatl que olvid\u00f3 el ritual de pedir lluvia y c\u00f3mo su protagonista, Tonina, inicia una aventura en la que aprende su lengua y recibe la sabidur\u00eda para convertirse en la guardiana del r\u00edo que garantizar\u00e1 la lluvia.&nbsp;<\/p>\n\n\n\n<p>Con el mismo esp\u00edritu de guardi\u00e1n del conocimiento, el Colectivo Tlanechikol \u2013que surgi\u00f3 en 2023 por la necesidad de las mujeres de su comunidad fueran reconocidas como comuneras\u2013 se convirti\u00f3 en un espacio comunitario para recuperar la memoria, ense\u00f1ar el idioma y rescatar saberes de la medicina tradicional, trabajo con el que esperan continuar gracias al premio de 100 mil pesos que reciben.&nbsp;<\/p>\n\n\n\n<p>Para consultar las obras ganadoras \u2013y pr\u00f3ximas a publicarse de manera gratuita\u2013, visite la p\u00e1gina INALI (<a rel=\"noreferrer noopener\" target=\"_blank\" href=\"http:\/\/inali.gob.mx\/\">inali.gob.mx<\/a>) as\u00ed como las redes sociales en Facebook, Instagram y YouTube.&nbsp;<\/p>\n\n\n\n<p>Sigue las redes sociales de la Secretar\u00eda de Cultura en X (@cultura_mx), (\/SecretariaCulturaMX) e Instagram (@culturamx).<\/p>\n","protected":false},"excerpt":{"rendered":"<p>La Secretar\u00eda de Cultura del Gobierno de M\u00e9xico, a trav\u00e9s del Instituto Nacional de Lenguas Ind\u00edgenas (INALI), entreg\u00f3 hoy, viernes 21 de noviembre de 2025, en la terraza del Museo del Estanquillo, los premios a los ganadores de la Convocatoria 2025 C\u00f3mic en Lenguas Ind\u00edgenas Nacionales, un certamen que tiene como objetivo promover el uso, [&hellip;]<\/p>\n","protected":false},"author":1,"featured_media":55394,"comment_status":"open","ping_status":"open","sticky":false,"template":"","format":"standard","meta":{"advanced_seo_description":"","jetpack_seo_html_title":"","jetpack_seo_noindex":false,"footnotes":"","jetpack_publicize_message":"","jetpack_is_tweetstorm":false,"jetpack_publicize_feature_enabled":true,"jetpack_social_post_already_shared":true,"jetpack_social_options":{"image_generator_settings":{"template":"highway","enabled":false}}},"categories":[26],"tags":[],"class_list":["post-55393","post","type-post","status-publish","format-standard","has-post-thumbnail","hentry","category-cultura"],"jetpack_publicize_connections":[],"jetpack_featured_media_url":"https:\/\/elcensornoticias.com\/wp-content\/uploads\/2025\/11\/WhatsApp-Image-2025-11-21-at-18.36.49-3.jpeg","jetpack_likes_enabled":true,"jetpack_sharing_enabled":true,"jetpack_shortlink":"https:\/\/wp.me\/p6xy50-epr","_links":{"self":[{"href":"https:\/\/elcensornoticias.com\/index.php?rest_route=\/wp\/v2\/posts\/55393","targetHints":{"allow":["GET"]}}],"collection":[{"href":"https:\/\/elcensornoticias.com\/index.php?rest_route=\/wp\/v2\/posts"}],"about":[{"href":"https:\/\/elcensornoticias.com\/index.php?rest_route=\/wp\/v2\/types\/post"}],"author":[{"embeddable":true,"href":"https:\/\/elcensornoticias.com\/index.php?rest_route=\/wp\/v2\/users\/1"}],"replies":[{"embeddable":true,"href":"https:\/\/elcensornoticias.com\/index.php?rest_route=%2Fwp%2Fv2%2Fcomments&post=55393"}],"version-history":[{"count":1,"href":"https:\/\/elcensornoticias.com\/index.php?rest_route=\/wp\/v2\/posts\/55393\/revisions"}],"predecessor-version":[{"id":55395,"href":"https:\/\/elcensornoticias.com\/index.php?rest_route=\/wp\/v2\/posts\/55393\/revisions\/55395"}],"wp:featuredmedia":[{"embeddable":true,"href":"https:\/\/elcensornoticias.com\/index.php?rest_route=\/wp\/v2\/media\/55394"}],"wp:attachment":[{"href":"https:\/\/elcensornoticias.com\/index.php?rest_route=%2Fwp%2Fv2%2Fmedia&parent=55393"}],"wp:term":[{"taxonomy":"category","embeddable":true,"href":"https:\/\/elcensornoticias.com\/index.php?rest_route=%2Fwp%2Fv2%2Fcategories&post=55393"},{"taxonomy":"post_tag","embeddable":true,"href":"https:\/\/elcensornoticias.com\/index.php?rest_route=%2Fwp%2Fv2%2Ftags&post=55393"}],"curies":[{"name":"wp","href":"https:\/\/api.w.org\/{rel}","templated":true}]}}