{"id":55356,"date":"2025-11-21T00:33:22","date_gmt":"2025-11-21T00:33:22","guid":{"rendered":"http:\/\/elcensornoticias.com\/?p=55356"},"modified":"2025-11-21T00:33:43","modified_gmt":"2025-11-21T00:33:43","slug":"secretaria-de-movilidad-refuerza-seguridad-vial-con-capacitacion-a-policias","status":"publish","type":"post","link":"https:\/\/elcensornoticias.com\/?p=55356","title":{"rendered":"SECRETAR\u00cdA DE MOVILIDAD REFUERZA SEGURIDAD VIAL CON CAPACITACI\u00d3N A POLIC\u00cdAS"},"content":{"rendered":"\n<p>Oficiales de Zitlalt\u00e9pec y de la Polic\u00eda Estatal de Caminos recibieron formaci\u00f3n especializada para prevenir siniestros viales y proteger la integridad de peatones y grupos vulnerables-<\/p>\n\n\n\n<p>La Secretar\u00eda de Movilidad y Transporte (SMyT) llev\u00f3 a cabo una jornada de capacitaci\u00f3n para elementos de Seguridad P\u00fablica Municipal de Zitlalt\u00e9pec y para agentes de la Polic\u00eda Estatal de Caminos y Vialidad de la Secretar\u00eda de Seguridad Ciudadana (SSC), con el prop\u00f3sito de fortalecer sus capacidades operativas y promover una movilidad m\u00e1s segura en el estado.<\/p>\n\n\n\n<p>La formaci\u00f3n, impartida por el \u00e1rea de Capacitaci\u00f3n y Cultura Vial de la SMyT, se realiz\u00f3 en cumplimiento del Reglamento de la Ley de Movilidad y Seguridad Vial de Tlaxcala, que establece la obligaci\u00f3n de autoridades estatales y municipales de impulsar acciones educativas, preventivas y operativas que reduzcan riesgos en la v\u00eda p\u00fablica.<\/p>\n\n\n\n<p>Durante la sesi\u00f3n, se destac\u00f3 que la coordinaci\u00f3n entre autoridades estatales y los ayuntamientos es fundamental para planear y supervisar pol\u00edticas de movilidad que garanticen infraestructura segura, accesible y con dise\u00f1o universal. Se record\u00f3 adem\u00e1s que los municipios son responsables de administrar los espacios p\u00fablicos y asegurar condiciones adecuadas para peatones, ciclistas, usuarios de transporte p\u00fablico y automovilistas.<\/p>\n\n\n\n<p>La capacitaci\u00f3n incluy\u00f3 temas como: jerarqu\u00eda de la movilidad, protecci\u00f3n prioritaria de peatones y grupos vulnerables, correcta aplicaci\u00f3n de la se\u00f1alizaci\u00f3n, actuaci\u00f3n policial ante hechos de tr\u00e1nsito, movilidad con perspectiva de g\u00e9nero y prevenci\u00f3n de siniestros viales, con \u00e9nfasis en la reducci\u00f3n de riesgos en zonas de mayor tr\u00e1nsito.<\/p>\n\n\n\n<p>La SMyT recalc\u00f3 que estas acciones contribuyen directamente al cumplimiento del art\u00edculo 4\u00ba constitucional, que reconoce el derecho de todas las personas a una movilidad segura, accesible, eficiente, sostenible, incluyente e igualitaria.&nbsp;<\/p>\n\n\n\n<p>Finalmente, la Secretar\u00eda reiter\u00f3 su compromiso de continuar trabajando de manera coordinada con los municipios y la SSC para fortalecer la seguridad vial en toda la entidad, bajo el principio de que proteger la vida en las v\u00edas p\u00fablicas es una responsabilidad compartida y prioritaria.<\/p>\n","protected":false},"excerpt":{"rendered":"<p>Oficiales de Zitlalt\u00e9pec y de la Polic\u00eda Estatal de Caminos recibieron formaci\u00f3n especializada para prevenir siniestros viales y proteger la integridad de peatones y grupos vulnerables- La Secretar\u00eda de Movilidad y Transporte (SMyT) llev\u00f3 a cabo una jornada de capacitaci\u00f3n para elementos de Seguridad P\u00fablica Municipal de Zitlalt\u00e9pec y para agentes de la Polic\u00eda Estatal [&hellip;]<\/p>\n","protected":false},"author":1,"featured_media":55357,"comment_status":"open","ping_status":"open","sticky":false,"template":"","format":"standard","meta":{"advanced_seo_description":"","jetpack_seo_html_title":"","jetpack_seo_noindex":false,"footnotes":"","jetpack_publicize_message":"","jetpack_is_tweetstorm":false,"jetpack_publicize_feature_enabled":true,"jetpack_social_post_already_shared":true,"jetpack_social_options":{"image_generator_settings":{"template":"highway","enabled":false}}},"categories":[2,3],"tags":[],"class_list":["post-55356","post","type-post","status-publish","format-standard","has-post-thumbnail","hentry","category-destacadas","category-gobierno"],"jetpack_publicize_connections":[],"jetpack_featured_media_url":"https:\/\/elcensornoticias.com\/wp-content\/uploads\/2025\/11\/IMG-20251120-WA0047-1.jpg","jetpack_likes_enabled":true,"jetpack_sharing_enabled":true,"jetpack_shortlink":"https:\/\/wp.me\/p6xy50-eoQ","_links":{"self":[{"href":"https:\/\/elcensornoticias.com\/index.php?rest_route=\/wp\/v2\/posts\/55356","targetHints":{"allow":["GET"]}}],"collection":[{"href":"https:\/\/elcensornoticias.com\/index.php?rest_route=\/wp\/v2\/posts"}],"about":[{"href":"https:\/\/elcensornoticias.com\/index.php?rest_route=\/wp\/v2\/types\/post"}],"author":[{"embeddable":true,"href":"https:\/\/elcensornoticias.com\/index.php?rest_route=\/wp\/v2\/users\/1"}],"replies":[{"embeddable":true,"href":"https:\/\/elcensornoticias.com\/index.php?rest_route=%2Fwp%2Fv2%2Fcomments&post=55356"}],"version-history":[{"count":1,"href":"https:\/\/elcensornoticias.com\/index.php?rest_route=\/wp\/v2\/posts\/55356\/revisions"}],"predecessor-version":[{"id":55358,"href":"https:\/\/elcensornoticias.com\/index.php?rest_route=\/wp\/v2\/posts\/55356\/revisions\/55358"}],"wp:featuredmedia":[{"embeddable":true,"href":"https:\/\/elcensornoticias.com\/index.php?rest_route=\/wp\/v2\/media\/55357"}],"wp:attachment":[{"href":"https:\/\/elcensornoticias.com\/index.php?rest_route=%2Fwp%2Fv2%2Fmedia&parent=55356"}],"wp:term":[{"taxonomy":"category","embeddable":true,"href":"https:\/\/elcensornoticias.com\/index.php?rest_route=%2Fwp%2Fv2%2Fcategories&post=55356"},{"taxonomy":"post_tag","embeddable":true,"href":"https:\/\/elcensornoticias.com\/index.php?rest_route=%2Fwp%2Fv2%2Ftags&post=55356"}],"curies":[{"name":"wp","href":"https:\/\/api.w.org\/{rel}","templated":true}]}}