{"id":55353,"date":"2025-11-21T00:30:50","date_gmt":"2025-11-21T00:30:50","guid":{"rendered":"http:\/\/elcensornoticias.com\/?p=55353"},"modified":"2025-11-21T00:31:07","modified_gmt":"2025-11-21T00:31:07","slug":"tlaxcala-conmemora-el-115-aniversario-del-inicio-de-la-revolucion-mexicana","status":"publish","type":"post","link":"https:\/\/elcensornoticias.com\/?p=55353","title":{"rendered":"TLAXCALA CONMEMORA EL 115 ANIVERSARIO DEL INICIO DE LA REVOLUCI\u00d3N MEXICANA"},"content":{"rendered":"\n<p>Autoridades recordaron la destacada participaci\u00f3n de tlaxcaltecas en el movimiento revolucionario; encabezaron el desfile c\u00edvico militar deportivo en la capital de estado.<\/p>\n\n\n\n<p>La gobernadora Lorena Cu\u00e9llar Cisneros encabez\u00f3 la ceremonia, y el desfile c\u00edvico militar deportivo, con motivo del 115 Aniversario del inicio de la Revoluci\u00f3n Mexicana, la Tercera Transformaci\u00f3n de la vida p\u00fablica del pa\u00eds, acompa\u00f1a por autoridades civiles y militares, as\u00ed como maestras, maestros, j\u00f3venes y ciudadanos.<\/p>\n\n\n\n<p>Desde las Escalinatas de los H\u00e9roes, en la Ciudad de Tlaxcala, el titular de la Secretar\u00eda de Educaci\u00f3n P\u00fablica del Estado (SEPE), Homero Meneses Hern\u00e1ndez, fungi\u00f3 como orador oficial, y ante los titulares de los poderes Ejecutivo, Legislativo y Judicial; miembros de las fuerzas armadas y ciudadan\u00eda tlaxcalteca, afirm\u00f3 que la transformaci\u00f3n de M\u00e9xico no est\u00e1 concluida.&nbsp;<\/p>\n\n\n\n<p>\u201cRequiere convicci\u00f3n, firmeza, \u00e9tica p\u00fablica y un compromiso profundo con nuestra historia, un rumbo que la presidenta Claudia Sheinbaum Pardo ha marcado junto con millones de mexicanos y que en Tlaxcala seguimos por convicci\u00f3n\u201d, dijo.<\/p>\n\n\n\n<p>Al recordar los or\u00edgenes del movimiento revolucionario, el funcionario asever\u00f3 que \u201ccuando un r\u00e9gimen deja de escuchar al pueblo, el pueblo abre caminos nuevos, y eso ocurri\u00f3 en 1910\u201d, con la dictadura de El Porfiriato en M\u00e9xico, \u201cque concentr\u00f3 el poder pol\u00edtico y econ\u00f3mico en pocas manos\u201d, din\u00e1mica que, en Tlaxcala, se expres\u00f3 en el Prosperato, \u201cque reprodujo mecanismos de control, exclusi\u00f3n y privilegio\u201d.<\/p>\n\n\n\n<p>Sin embargo, destac\u00f3 que las grandes transformaciones de M\u00e9xico siempre han tenido textos que condensan su esp\u00edritu, como \u201cLos Sentimientos de la Naci\u00f3n de Morelos para la Independencia, las ideas liberales de Ju\u00e1rez para la Reforma; y para la Revoluci\u00f3n, el Plan de San Luis de Francisco I. Madero\u201d.<\/p>\n\n\n\n<p>\u201cPero la fuerza pol\u00edtica m\u00e1s profunda vino de las frases que el propio pueblo acu\u00f1\u00f3 y que recorrieron el pa\u00eds entero: \u2018La tierra es de quien la trabaja\u2019; \u2018Sufragio efectivo, no reelecci\u00f3n\u2019. Esos principios derribaron un r\u00e9gimen y siguen definiendo el tipo de democracia que queremos construir: una democracia en la que el voto sea libre, respetado y donde nadie pueda imponerse sobre la voluntad de la ciudadan\u00eda\u201d, expuso.<\/p>\n\n\n\n<p>Al respecto, Homero Meneses resalt\u00f3 que, durante la Revoluci\u00f3n, Tlaxcala no fue espectadora, sino protagonista, por la participaci\u00f3n destaca de personajes como Domingo Arenas, uno de los principales jefes revolucionarios de la regi\u00f3n; Juan Cuamatzi, l\u00edder antirreeleccionista vinculado al ideario magonista; y Carmen V\u00e9lez, la Adelita tlaxcalteca que encabez\u00f3 tropas en 1910 y a quien la Junta Revolucionaria Pro Patria le otorg\u00f3 el grado de generala.<\/p>\n\n\n\n<p>\u201cRecordamos tambi\u00e9n a Diego S\u00e1nchez en Tepehitec; a Gabriel M. Hern\u00e1ndez, participante en la toma de Tlaxco; a Benigno Zenteno, quien combin\u00f3 evangelio y revoluci\u00f3n; y a los combatientes Pedro y Juana Morales, F\u00e9lix Ju\u00e1rez S\u00e1nchez, Erasmo Cruz y muchos otros m\u00e1s que integraron brigadas y movimientos locales. Todos ellos forman parte del entramado hist\u00f3rico de nuestra Revoluci\u00f3n, documentado en expedientes, archivos militares y relatos comunitarios\u201d, refiri\u00f3.<\/p>\n\n\n\n<p>Y junto a ellos, el secretario de Educaci\u00f3n tambi\u00e9n reconoci\u00f3 la presencia y la memoria de los h\u00e9roes an\u00f3nimos, \u201cmujeres y hombres que no ocuparon titulares ni recibieron homenajes, pero que dieron la vida por la justicia social\u201d, entre ellos Jacinto Matlalcoatl Cote, revolucionario tlaxcalteca, cuyo legado ha sido reivindicado por historiadores y por su propia familia.&nbsp;<\/p>\n\n\n\n<p>\u201cSu nombre, que durante a\u00f1os permaneci\u00f3 en silencio, hoy sale a la luz p\u00fablica y ser\u00e1 honrado en este desfile, en un acto de justicia hist\u00f3rica\u201d, apunt\u00f3.<\/p>\n\n\n\n<p>Meneses Hern\u00e1ndez subray\u00f3 que, a 115 a\u00f1os de distancia, \u201cel pa\u00eds vuelve a sostener un debate crucial: c\u00f3mo seguir fortaleciendo la democracia para que sea verdaderamente del pueblo, para mejorar las condiciones materiales de las y los trabajadores\u201d, pues as\u00ed como en 1910 se exigi\u00f3 sufragio efectivo y la no reelecci\u00f3n, \u201choy se discute c\u00f3mo impedir que el poder econ\u00f3mico condicione al poder pol\u00edtico; c\u00f3mo garantizar que ninguna minor\u00eda imponga su inter\u00e9s por encima de la voluntad popular; y c\u00f3mo asegurar que la dignidad laboral sea una realidad plena para todas y todos\u201d.<\/p>\n\n\n\n<p>\u201cLa Revoluci\u00f3n nos dej\u00f3 una ense\u00f1anza que sigue vigente: la democracia solo funciona cuando el pueblo es el protagonista, no el espectador\u201d, sentenci\u00f3.<\/p>\n\n\n\n<p>Tras el discurso oficial, la mandataria estatal y las autoridades presentes colocaron una ofrenda floral y montaron guardia de honor, para posteriormente trasladarse a la Plaza de la Constituci\u00f3n y presenciar el desfile conmemorativo al 115 Aniversario del inicio de la Revoluci\u00f3n Mexicana, al cual culmin\u00f3 sin novedad.<\/p>\n\n\n\n<p>Por parte del agrupamiento del Ej\u00e9rcito, Fuerza A\u00e9rea y Guardia Nacional, participaron cinco banderas nacionales, 364 elementos y 29 veh\u00edculos; de la Secretar\u00eda de Seguridad Ciudadana (SSC), 80 elementos, tres veh\u00edculos, dos motobombas y una ambulancia; de las distintas dependencias gubernamentales, 131 elementos, cinco veh\u00edculos y 10 entrenadores; y del sector educativo, 15 planteles, 441 docentes, dos mil 051 estudiantes y dos veh\u00edculos,&nbsp;<\/p>\n\n\n\n<p>Estuvieron presentes la diputada Maribel Le\u00f3n Cruz, presidenta de la Mesa Directiva del Congreso del Estado; la magistrada Fanny Margarita Amador Montes, presidenta del Tribunal Superior de Justicia del Estado; el general Mart\u00edn Jaramillo Barrios, comandante de la 23 Zona Militar; el general Ra\u00fal Mart\u00ednez Gonz\u00e1lez, coordinador estatal de la Guardia Nacional; Alfonso S\u00e1nchez Garc\u00eda, presidente municipal de Tlaxcala, y funcionarios estatales y del sector educativo.<\/p>\n","protected":false},"excerpt":{"rendered":"<p>Autoridades recordaron la destacada participaci\u00f3n de tlaxcaltecas en el movimiento revolucionario; encabezaron el desfile c\u00edvico militar deportivo en la capital de estado. La gobernadora Lorena Cu\u00e9llar Cisneros encabez\u00f3 la ceremonia, y el desfile c\u00edvico militar deportivo, con motivo del 115 Aniversario del inicio de la Revoluci\u00f3n Mexicana, la Tercera Transformaci\u00f3n de la vida p\u00fablica del [&hellip;]<\/p>\n","protected":false},"author":1,"featured_media":55354,"comment_status":"open","ping_status":"open","sticky":false,"template":"","format":"standard","meta":{"advanced_seo_description":"","jetpack_seo_html_title":"","jetpack_seo_noindex":false,"footnotes":"","jetpack_publicize_message":"","jetpack_is_tweetstorm":false,"jetpack_publicize_feature_enabled":true,"jetpack_social_post_already_shared":true,"jetpack_social_options":{"image_generator_settings":{"template":"highway","enabled":false}}},"categories":[5,3],"tags":[],"class_list":["post-55353","post","type-post","status-publish","format-standard","has-post-thumbnail","hentry","category-carrucel","category-gobierno"],"jetpack_publicize_connections":[],"jetpack_featured_media_url":"https:\/\/elcensornoticias.com\/wp-content\/uploads\/2025\/11\/IMG-20251120-WA0036.jpg","jetpack_likes_enabled":true,"jetpack_sharing_enabled":true,"jetpack_shortlink":"https:\/\/wp.me\/p6xy50-eoN","_links":{"self":[{"href":"https:\/\/elcensornoticias.com\/index.php?rest_route=\/wp\/v2\/posts\/55353","targetHints":{"allow":["GET"]}}],"collection":[{"href":"https:\/\/elcensornoticias.com\/index.php?rest_route=\/wp\/v2\/posts"}],"about":[{"href":"https:\/\/elcensornoticias.com\/index.php?rest_route=\/wp\/v2\/types\/post"}],"author":[{"embeddable":true,"href":"https:\/\/elcensornoticias.com\/index.php?rest_route=\/wp\/v2\/users\/1"}],"replies":[{"embeddable":true,"href":"https:\/\/elcensornoticias.com\/index.php?rest_route=%2Fwp%2Fv2%2Fcomments&post=55353"}],"version-history":[{"count":1,"href":"https:\/\/elcensornoticias.com\/index.php?rest_route=\/wp\/v2\/posts\/55353\/revisions"}],"predecessor-version":[{"id":55355,"href":"https:\/\/elcensornoticias.com\/index.php?rest_route=\/wp\/v2\/posts\/55353\/revisions\/55355"}],"wp:featuredmedia":[{"embeddable":true,"href":"https:\/\/elcensornoticias.com\/index.php?rest_route=\/wp\/v2\/media\/55354"}],"wp:attachment":[{"href":"https:\/\/elcensornoticias.com\/index.php?rest_route=%2Fwp%2Fv2%2Fmedia&parent=55353"}],"wp:term":[{"taxonomy":"category","embeddable":true,"href":"https:\/\/elcensornoticias.com\/index.php?rest_route=%2Fwp%2Fv2%2Fcategories&post=55353"},{"taxonomy":"post_tag","embeddable":true,"href":"https:\/\/elcensornoticias.com\/index.php?rest_route=%2Fwp%2Fv2%2Ftags&post=55353"}],"curies":[{"name":"wp","href":"https:\/\/api.w.org\/{rel}","templated":true}]}}