{"id":55343,"date":"2025-11-21T00:16:39","date_gmt":"2025-11-21T00:16:39","guid":{"rendered":"http:\/\/elcensornoticias.com\/?p=55343"},"modified":"2025-11-21T00:16:52","modified_gmt":"2025-11-21T00:16:52","slug":"una-historia-de-rock-en-tiempos-convulsos","status":"publish","type":"post","link":"https:\/\/elcensornoticias.com\/?p=55343","title":{"rendered":"UNA HISTORIA DE ROCK EN TIEMPOS CONVULSOS"},"content":{"rendered":"\n<ul class=\"wp-block-list\">\n<li><strong>Documental que aborda el proceso creativo de\u00a0<em>Jessico<\/em>, un destacado \u00e1lbum de la agrupaci\u00f3n de rock alternativo, Babasonicos, lanzado durante la crisis econ\u00f3mica y social en Argentina<\/strong><\/li>\n\n\n\n<li><strong>Estreno en Canal Veintid\u00f3s Internacional, MX Nuestro Cine (se\u00f1al 22.2) y Canal Veintid\u00f3s (se\u00f1al 22.1)<\/strong><\/li>\n<\/ul>\n\n\n\n<p>Ciudad de M\u00e9xico, a 20 de noviembre de 2025. En el marco del&nbsp;<strong>D\u00eda Internacional del M\u00fasico<\/strong>, las pantallas de&nbsp;<strong>Canal Veintid\u00f3s<\/strong>&nbsp;se unen a esta celebraci\u00f3n con el estreno de<strong><em>&nbsp;Jessico: Una historia de rock en tiempos convulsos<\/em><\/strong>, un documental dirigido por&nbsp;<strong>Alejandro Mart\u00edn Arias<\/strong>, que sigue a los integrantes de los&nbsp;<strong>Babasonicos<\/strong>&nbsp;durante la grabaci\u00f3n de&nbsp;<strong><em>Jessico<\/em><\/strong>, su sexto \u00e1lbum de estudio, en medio de la crisis de 2001 en Argentina.<\/p>\n\n\n\n<p><strong>Promocional&nbsp;<\/strong><strong><em><u><a rel=\"noreferrer noopener\" target=\"_blank\" href=\"https:\/\/youtu.be\/TeSvDBLa2kg\">Babas\u00f3nicos: Jessico. Una historia de Rock en tiempos convulsos<\/a><\/u><\/em><\/strong><\/p>\n\n\n\n<p>Los<strong>&nbsp;Babasonicos&nbsp;<\/strong>son una reconocida banda quesurgi\u00f3 en 1991 como parte de la ola de&nbsp;<em>Nuevo Rock Argentino<\/em>&nbsp;que se gest\u00f3 en los inicios de la d\u00e9cada. En 2001 la agrupaci\u00f3n, integrada en aquel entonces por Adri\u00e1n D\u00e1rgelos, Mariano Roger, Diego Tu\u00f1\u00f3n, Gabriel Manelli, Diego Castellano y Diego Rodr\u00edguez, lanz\u00f3&nbsp;<strong><em>Jessico<\/em><\/strong>, mientras Argentina sufr\u00eda la brutal crisis econ\u00f3mica que colaps\u00f3 el sistema financiero, suceso que marc\u00f3 la trayectoria de la banda. El cierre de disqueras, movilizaciones sociales y el impacto de su sencillo&nbsp;<em>El Loco<\/em>, son algunos de los acontecimientos que sigue el lente de Alejandro Arias, de la mano de testimonios, material de archivo in\u00e9dito, el show sorpresa con motivo del d\u00e9cimo aniversario del \u00e1lbum y los&nbsp;<em>outtakes<\/em>&nbsp;del disco.<\/p>\n\n\n\n<p><strong><em>Jessico: Una historia de rock en tiempos convulsos<\/em><\/strong>, se podr\u00e1 ver&nbsp;el&nbsp;<strong>viernes 21 de noviembre, a las 20:00 h PT \/ 23:00 h ET<\/strong>&nbsp;por&nbsp;la se\u00f1al Internacional; el&nbsp;<strong>s\u00e1bado 22, a las 20:30 horas<\/strong>&nbsp;por&nbsp;MX Nuestro Cine&nbsp;(se\u00f1al 22.2) y&nbsp;el&nbsp;<strong>domingo 23, a las 21:00 horas<\/strong>, por&nbsp;Canal Veintid\u00f3s&nbsp;(se\u00f1al 22.1)<\/p>\n\n\n\n<p>Este documental es parte de la programaci\u00f3n especial con motivo del&nbsp;<strong>D\u00eda Internacional del M\u00fasico<\/strong>, que se celebra el 22 de noviembre, en donde la audiencia tambi\u00e9n podr\u00e1 disfrutar el documental del&nbsp;<strong>Primer Piano Day en M\u00e9xico<\/strong>&nbsp;de&nbsp;<strong>Daniel Aspuru<\/strong>, un material que registra la llegada de este evento al pa\u00eds, cuya finalidad es celebrar al instrumento y a todo el equipo que lo rodea, una iniciativa del alem\u00e1n Nils Frahm que comenz\u00f3 en 2015; este filme re\u00fane testimonio y m\u00fasica original del m\u00fasico y compositor mexicano, Daniel Aspuru.<\/p>\n\n\n\n<p>Se\u00f1al 22.2 \u2013 MX Nuestro Cine<\/p>\n\n\n\n<p>Otros de los programas que se podr\u00e1n ver&nbsp;el s\u00e1bado 22 de noviembre en MX Nuestro Cine (se\u00f1al 22.2)&nbsp;son, a partir de las 9:00 horas, el documental&nbsp;<em>Armon\u00eda Comunitaria<\/em>, seguido por el&nbsp;concierto de la Orquesta Infantil Armon\u00eda comunitaria; m\u00e1s tarde, en Desde otras latitudes (Argentina),&nbsp;<em>Impulso sonoro. M\u00fasica y ciencias<\/em>; M\u00fasicos en Imagen:&nbsp;<em>9 compositores hacen m\u00fasica para cine<\/em>, Juan Arturo Brennan, Andr\u00e9s S\u00e1nchez Maher, Ra\u00fal Vizzi, Gus Reyes, Juan Jos\u00e9 Rodr\u00edguez, Camilla Uboldi, Jacobo Lieberman, Carlo Ayhll\u00f3n y Luc\u00eda \u00c1lvarez. Despu\u00e9s, se presenta el&nbsp;<em>Primer Piano Day en M\u00e9xico<\/em>&nbsp;de Daniel Aspuru; el documental&nbsp;<em>De bandas, vidas y otros sones<\/em>&nbsp;de Sonia Fritz y&nbsp;<em>La armon\u00eda del viento&nbsp;<\/em>de Cesar Parra Olmedo; Desde otras latitudes (Chile)&nbsp;<em>Buena Ruta<\/em>&nbsp;de Ggyyro Alberto Quevedo.<\/p>\n\n\n\n<p>Para cerra el d\u00eda, se presenta&nbsp;<em>Hay un grupo que dice&nbsp;<\/em>de Lourdes Prieto y al terminar,&nbsp;<em>Chava Flores \u00a1ese soy yo!&nbsp;<\/em>de Guadalupe Alonso. Se adjunta cartelera especial con horarios.<\/p>\n\n\n\n<p>Se\u00f1al 22.1 &#8211; Canal Veintid\u00f3s<\/p>\n\n\n\n<p>Por su parte, en la&nbsp;se\u00f1al 22.1 de Canal Veintid\u00f3s, el s\u00e1bado 22 de noviembre, a las 17:00 horas se presenta el documental&nbsp;<em>Llerenas, m\u00fasica del coraz\u00f3n<\/em>&nbsp;y a las 23:00 horas, el documental&nbsp;<em>Primer Piano Day en M\u00e9xico<\/em>&nbsp;de Daniel Aspuru.<\/p>\n\n\n\n<p>Canal Veintid\u00f3s Internacional (Estados Unidos)<\/p>\n\n\n\n<p>De igual manera, la&nbsp;se\u00f1al Internacional&nbsp;ofrecer\u00e1 el&nbsp;s\u00e1bado 22 de noviembre, a partir de las 11:00 h PT \/ 2:00 h ET, una programaci\u00f3n especial integrada por las siguientes producciones:&nbsp;<em>Suena. Bocafloja<\/em>;<em>&nbsp;La ciudad es mi m\u00fasica. Rockabilly<\/em>;<em>&nbsp;La isla distorsionada: Heavy metal y<\/em>&nbsp;<em>comunidad en Puerto Rico<\/em>;<em>&nbsp;La otra canci\u00f3n. \u00bfCu\u00e1ndo vienes a cantar a la casa?&nbsp;<\/em>y&nbsp;<em>El cancionero y sus amigos con Rosy Arango. Homenaje a Jos\u00e9 Alfredo Jim\u00e9nez<\/em>.<\/p>\n\n\n\n<p>Para consultar las carteleras completas de los especiales en las pantallas del&nbsp;Canal de las Culturas de M\u00e9xico, visita&nbsp;<strong><u><a rel=\"noreferrer noopener\" target=\"_blank\" href=\"https:\/\/www.canal22.org.mx\/index.html\">Canal Veintid\u00f3s<\/a><\/u><\/strong>,&nbsp;<strong><u><a rel=\"noreferrer noopener\" target=\"_blank\" href=\"https:\/\/www.canal22.org.mx\/mx_nuestro_cine.html\">MX Nuestro Cine<\/a><\/u><\/strong>&nbsp;&nbsp;y&nbsp;<strong><u><a rel=\"noreferrer noopener\" target=\"_blank\" href=\"https:\/\/www.canal22.org.mx\/internacional.html\">Canal Veintid\u00f3s Internacional<\/a><\/u><\/strong>; as\u00ed como sus respectivas redes sociales.<\/p>\n","protected":false},"excerpt":{"rendered":"<p>Ciudad de M\u00e9xico, a 20 de noviembre de 2025. En el marco del&nbsp;D\u00eda Internacional del M\u00fasico, las pantallas de&nbsp;Canal Veintid\u00f3s&nbsp;se unen a esta celebraci\u00f3n con el estreno de&nbsp;Jessico: Una historia de rock en tiempos convulsos, un documental dirigido por&nbsp;Alejandro Mart\u00edn Arias, que sigue a los integrantes de los&nbsp;Babasonicos&nbsp;durante la grabaci\u00f3n de&nbsp;Jessico, su sexto \u00e1lbum de [&hellip;]<\/p>\n","protected":false},"author":1,"featured_media":55344,"comment_status":"open","ping_status":"open","sticky":false,"template":"","format":"standard","meta":{"advanced_seo_description":"","jetpack_seo_html_title":"","jetpack_seo_noindex":false,"footnotes":"","jetpack_publicize_message":"","jetpack_is_tweetstorm":false,"jetpack_publicize_feature_enabled":true,"jetpack_social_post_already_shared":true,"jetpack_social_options":{"image_generator_settings":{"template":"highway","enabled":false}}},"categories":[26],"tags":[],"class_list":["post-55343","post","type-post","status-publish","format-standard","has-post-thumbnail","hentry","category-cultura"],"jetpack_publicize_connections":[],"jetpack_featured_media_url":"https:\/\/elcensornoticias.com\/wp-content\/uploads\/2025\/11\/Babasonicos_Jessico-el-documental.jpeg","jetpack_likes_enabled":true,"jetpack_sharing_enabled":true,"jetpack_shortlink":"https:\/\/wp.me\/p6xy50-eoD","_links":{"self":[{"href":"https:\/\/elcensornoticias.com\/index.php?rest_route=\/wp\/v2\/posts\/55343","targetHints":{"allow":["GET"]}}],"collection":[{"href":"https:\/\/elcensornoticias.com\/index.php?rest_route=\/wp\/v2\/posts"}],"about":[{"href":"https:\/\/elcensornoticias.com\/index.php?rest_route=\/wp\/v2\/types\/post"}],"author":[{"embeddable":true,"href":"https:\/\/elcensornoticias.com\/index.php?rest_route=\/wp\/v2\/users\/1"}],"replies":[{"embeddable":true,"href":"https:\/\/elcensornoticias.com\/index.php?rest_route=%2Fwp%2Fv2%2Fcomments&post=55343"}],"version-history":[{"count":1,"href":"https:\/\/elcensornoticias.com\/index.php?rest_route=\/wp\/v2\/posts\/55343\/revisions"}],"predecessor-version":[{"id":55345,"href":"https:\/\/elcensornoticias.com\/index.php?rest_route=\/wp\/v2\/posts\/55343\/revisions\/55345"}],"wp:featuredmedia":[{"embeddable":true,"href":"https:\/\/elcensornoticias.com\/index.php?rest_route=\/wp\/v2\/media\/55344"}],"wp:attachment":[{"href":"https:\/\/elcensornoticias.com\/index.php?rest_route=%2Fwp%2Fv2%2Fmedia&parent=55343"}],"wp:term":[{"taxonomy":"category","embeddable":true,"href":"https:\/\/elcensornoticias.com\/index.php?rest_route=%2Fwp%2Fv2%2Fcategories&post=55343"},{"taxonomy":"post_tag","embeddable":true,"href":"https:\/\/elcensornoticias.com\/index.php?rest_route=%2Fwp%2Fv2%2Ftags&post=55343"}],"curies":[{"name":"wp","href":"https:\/\/api.w.org\/{rel}","templated":true}]}}