{"id":55334,"date":"2025-11-21T00:06:37","date_gmt":"2025-11-21T00:06:37","guid":{"rendered":"http:\/\/elcensornoticias.com\/?p=55334"},"modified":"2025-11-21T00:06:51","modified_gmt":"2025-11-21T00:06:51","slug":"la-uatx-emerge-y-vive-un-posicionamiento-inedito-en-su-historia-rector","status":"publish","type":"post","link":"https:\/\/elcensornoticias.com\/?p=55334","title":{"rendered":"La UATx emerge y vive un posicionamiento in\u00e9dito en su historia: Rector"},"content":{"rendered":"\n<p>&nbsp;&nbsp;La Universidad celebra 49 a\u00f1os de fundaci\u00f3n condecorando al Maestro Alberto Moreno con la presea \u201cFaro de la Sabidur\u00eda Cient\u00edfica y Tecnol\u00f3gica\u201d<\/p>\n\n\n\n<p>El Maestro Alberto Moreno Mart\u00ednez fue galardonado con la presea \u201cFaro de la Sabidur\u00eda Cient\u00edfica y Tecnol\u00f3gica, durante la sesi\u00f3n p\u00fablica solemne del Honorable Consejo Universitario alusiva a la celebraci\u00f3n por los 49 a\u00f1os de fundaci\u00f3n de la Universidad Aut\u00f3noma de Tlaxcala (UATx), en reconocimiento a su trayectoria y a la formaci\u00f3n de nuevos cuadros musicales en la entidad.<\/p>\n\n\n\n<p>Durante esta ceremonia que presidi\u00f3 el Doctor Seraf\u00edn Ortiz Ortiz, Rector de la UATx, en el Centro Cultural Universitario, con la presencia de la estructura directiva, exrectores, docentes, estudiantes y familiares del galardonado e invitados especiales, afirm\u00f3 que esta Casa de Estudios ha transformado a la entidad en los \u00e1mbitos econ\u00f3mico, social, cultural, pol\u00edtico y educativo, por ello, reconoci\u00f3 la labor de sus antecesores, quienes&nbsp; han contribuido al&nbsp; crecimiento y consolidaci\u00f3n&nbsp; de la Instituci\u00f3n, porque a 49 a\u00f1os de existencia marca la trayectoria e impacto social que ha caracterizado a este pueblo tlaxcalteca.<\/p>\n\n\n\n<p>Asegur\u00f3 que hoy&nbsp;<a>la UATx emerge y vive un posicionamiento in\u00e9dito en su historia&nbsp;<\/a>y contribuye al conocimiento significativo para la transformaci\u00f3n de la educaci\u00f3n universitaria en M\u00e9xico, porque desde Tlaxcala se impulsa el Modelo Humanista Integrador basado en Capacidades, que tiende a ser republicano para el pa\u00eds.<\/p>\n\n\n\n<p>El Doctor Ortiz enfatiz\u00f3 que esta&nbsp;<em>alma mater<\/em>&nbsp;lidera el proyecto nacional de educaci\u00f3n inicial junto con 16 universidades, para formar a educadores, tutores, docentes y agentes educativos para atender a la primera infancia en edad de 0 a 3 a\u00f1os. Con este prop\u00f3sito, prosigui\u00f3, y al frente de la Comisi\u00f3n de Educaci\u00f3n Inicial que instaur\u00f3 la Asociaci\u00f3n Nacional de Universidades e Instituciones de Educaci\u00f3n Superior, se inici\u00f3 en 2024 la construcci\u00f3n de la Torre de Rector\u00eda, edificio que es emblem\u00e1tico para el crecimiento de infraestructura de la Universidad e ic\u00f3nica en el desarrollo arquitect\u00f3nico del&nbsp; estado como referente del proceso urban\u00edstico de la ciudad capital y ser\u00e1 testigo de la historia de esta doble funci\u00f3n que tiene la UATx en su car\u00e1cter civilizatorio y culturizador.<\/p>\n\n\n\n<p>De igual forma, el Doctor Seraf\u00edn Ortiz elogi\u00f3 el legado del Maestro Alberto Moreno Mart\u00ednez, quien cuenta con una trayectoria exitosa de 40 a\u00f1os en el escenario musical dentro y fuera de M\u00e9xico.<\/p>\n\n\n\n<p>A su vez, el homenajeado expres\u00f3 su gratitud y alegr\u00eda&nbsp; por este reconocimiento que simboliza el compromiso y la entrega que ha dedicado a la formaci\u00f3n art\u00edstica, al tiempo que manifest\u00f3 que los m\u00fasicos tienen un papel importante y la UATx descubri\u00f3 muy pronto este rol que es fundamental en&nbsp; el \u00e1mbito educativo, al darse&nbsp; a la tarea de&nbsp; profesionalizar a cuadros musicales&nbsp; que se han sumado al grupo de orquestas formadas en el pa\u00eds,&nbsp; como la&nbsp; OFUNAM y la Orquesta Sinf\u00f3nica de&nbsp; la Universidad de Xalapa, las cuales dieron origen a la di\u00e1spora musical en M\u00e9xico.<\/p>\n\n\n\n<p>Adem\u00e1s, el Maestro Alberto Moreno refiri\u00f3 que a trav\u00e9s del proyecto Jueves de Sinfon\u00eda, a cargo de la Secretar\u00eda de Extensi\u00f3n Universitaria y Difusi\u00f3n Cultural, los estudiantes de nuevo ingreso a la UATx participan de estos conciertos a trav\u00e9s de los cuales se pretende que la m\u00fasica una conciencias y los corazones sean felices, porque las artes contribuyen a sanar las almas.&nbsp;<\/p>\n\n\n\n<p>El Maestro Moreno Mart\u00ednez curs\u00f3 su preparaci\u00f3n musical en la&nbsp;Berklee College of Music, Boston, MA, de Estados Unidos. En el \u00e1mbito nacional ha participado como director y arreglista de la Orquesta Primavera de Oaxaca, es fundador y director de la Orquesta Sinf\u00f3nica de la BUAP, creador y director de la Orquesta Sinf\u00f3nica de Tlaxcala, con repertorios de m\u00fasica mexicana, mariachi y The Beatles, adem\u00e1s desde hace tres a\u00f1os inici\u00f3 con la temporada Jueves de Sinfon\u00eda con la Orquesta de C\u00e1mara &nbsp;y Sinf\u00f3nica UATx.<\/p>\n\n\n\n<p>Ha dirigido espect\u00e1culos sinf\u00f3nicos con \u00c1ngeles Azules, Ballet Folkl\u00f3rico de Amalia Hern\u00e1ndez y m\u00faltiples producciones nacionales. A nivel internacional ha destacado como pianista colaborador en Boston con Warren Hill, Shige Kawagoe y Jorge Satragno, director de orquesta en gira internacional con &nbsp;Los Tigres del Norte M\u00e9xico y Sudam\u00e9rica, agrupaci\u00f3n con la cual obtuvo el Grammy compartido &nbsp;por el disco&nbsp;<em>Realidades;<\/em>&nbsp;Producci\u00f3n sinf\u00f3nica: Sonora Santanera por 70 a\u00f1os; &nbsp;en 2025 obtuvo reconocimiento con Mijares Sinf\u00f3nico 10 a\u00f1os y Fans Choice Awards 2021 al mejor concierto sinf\u00f3nico junto a Mijares, entre otros.<\/p>\n","protected":false},"excerpt":{"rendered":"<p>&nbsp;&nbsp;La Universidad celebra 49 a\u00f1os de fundaci\u00f3n condecorando al Maestro Alberto Moreno con la presea \u201cFaro de la Sabidur\u00eda Cient\u00edfica y Tecnol\u00f3gica\u201d El Maestro Alberto Moreno Mart\u00ednez fue galardonado con la presea \u201cFaro de la Sabidur\u00eda Cient\u00edfica y Tecnol\u00f3gica, durante la sesi\u00f3n p\u00fablica solemne del Honorable Consejo Universitario alusiva a la celebraci\u00f3n por los 49 [&hellip;]<\/p>\n","protected":false},"author":1,"featured_media":55335,"comment_status":"open","ping_status":"open","sticky":false,"template":"","format":"standard","meta":{"advanced_seo_description":"","jetpack_seo_html_title":"","jetpack_seo_noindex":false,"footnotes":"","jetpack_publicize_message":"","jetpack_is_tweetstorm":false,"jetpack_publicize_feature_enabled":true,"jetpack_social_post_already_shared":true,"jetpack_social_options":{"image_generator_settings":{"template":"highway","enabled":false}}},"categories":[5,28],"tags":[],"class_list":["post-55334","post","type-post","status-publish","format-standard","has-post-thumbnail","hentry","category-carrucel","category-educacion"],"jetpack_publicize_connections":[],"jetpack_featured_media_url":"https:\/\/elcensornoticias.com\/wp-content\/uploads\/2025\/11\/20-La-UATx-emerge-y-vive-un-posicionamiento-inedito-en-su-historia-Rector-3.jpg","jetpack_likes_enabled":true,"jetpack_sharing_enabled":true,"jetpack_shortlink":"https:\/\/wp.me\/p6xy50-eou","_links":{"self":[{"href":"https:\/\/elcensornoticias.com\/index.php?rest_route=\/wp\/v2\/posts\/55334","targetHints":{"allow":["GET"]}}],"collection":[{"href":"https:\/\/elcensornoticias.com\/index.php?rest_route=\/wp\/v2\/posts"}],"about":[{"href":"https:\/\/elcensornoticias.com\/index.php?rest_route=\/wp\/v2\/types\/post"}],"author":[{"embeddable":true,"href":"https:\/\/elcensornoticias.com\/index.php?rest_route=\/wp\/v2\/users\/1"}],"replies":[{"embeddable":true,"href":"https:\/\/elcensornoticias.com\/index.php?rest_route=%2Fwp%2Fv2%2Fcomments&post=55334"}],"version-history":[{"count":1,"href":"https:\/\/elcensornoticias.com\/index.php?rest_route=\/wp\/v2\/posts\/55334\/revisions"}],"predecessor-version":[{"id":55336,"href":"https:\/\/elcensornoticias.com\/index.php?rest_route=\/wp\/v2\/posts\/55334\/revisions\/55336"}],"wp:featuredmedia":[{"embeddable":true,"href":"https:\/\/elcensornoticias.com\/index.php?rest_route=\/wp\/v2\/media\/55335"}],"wp:attachment":[{"href":"https:\/\/elcensornoticias.com\/index.php?rest_route=%2Fwp%2Fv2%2Fmedia&parent=55334"}],"wp:term":[{"taxonomy":"category","embeddable":true,"href":"https:\/\/elcensornoticias.com\/index.php?rest_route=%2Fwp%2Fv2%2Fcategories&post=55334"},{"taxonomy":"post_tag","embeddable":true,"href":"https:\/\/elcensornoticias.com\/index.php?rest_route=%2Fwp%2Fv2%2Ftags&post=55334"}],"curies":[{"name":"wp","href":"https:\/\/api.w.org\/{rel}","templated":true}]}}