{"id":55298,"date":"2025-11-17T22:46:48","date_gmt":"2025-11-17T22:46:48","guid":{"rendered":"http:\/\/elcensornoticias.com\/?p=55298"},"modified":"2025-11-17T22:47:16","modified_gmt":"2025-11-17T22:47:16","slug":"nivelacion-en-la-calle-5-de-mayo-de-cuauhtelulpan","status":"publish","type":"post","link":"https:\/\/elcensornoticias.com\/?p=55298","title":{"rendered":"NIVELACI\u00d3N EN LA CALLE 5 DE MAYO DE CUAUHTELULPAN"},"content":{"rendered":"\n<p>El Ayuntamiento de Tlaxcala, que preside Alfonso S\u00e1nchez Garc\u00eda, ejecut\u00f3 trabajos de mejora en la calle 5 de Mayo de la comunidad de San Lucas Cuauhtelulpan, como parte de la estrategia municipal para fortalecer la movilidad y la infraestructura b\u00e1sica en la capital.<\/p>\n\n\n\n<p>A trav\u00e9s de la Direcci\u00f3n de Obras P\u00fablicas y Desarrollo Urbano, y en coordinaci\u00f3n con la Presidencia de Comunidad, se realizaron labores de rastreo y nivelaci\u00f3n con motoconformadora, con el objetivo de rehabilitar la superficie de rodamiento y dejarla en condiciones m\u00e1s seguras y funcionales para el tr\u00e1nsito diario.<\/p>\n\n\n\n<p>Con estas acciones, la administraci\u00f3n municipal busca agilizar el flujo vehicular, reducir riesgos para las y los habitantes y facilitar el acceso a zonas que registran un importante movimiento local. El rastreo permiti\u00f3 corregir irregularidades generadas por el desgaste y las variaciones clim\u00e1ticas, lo que representa una intervenci\u00f3n importante para la conservaci\u00f3n vial.<\/p>\n\n\n\n<p>El alcalde Alfonso S\u00e1nchez Garc\u00eda destac\u00f3 que su gobierno continuar\u00e1 priorizando obras de mantenimiento y mejoramiento urbano en todas las comunidades, con especial atenci\u00f3n en aquellas que elevan la calidad de vida y refuerzan la conectividad dentro del municipio.<\/p>\n","protected":false},"excerpt":{"rendered":"<p>El Ayuntamiento de Tlaxcala, que preside Alfonso S\u00e1nchez Garc\u00eda, ejecut\u00f3 trabajos de mejora en la calle 5 de Mayo de la comunidad de San Lucas Cuauhtelulpan, como parte de la estrategia municipal para fortalecer la movilidad y la infraestructura b\u00e1sica en la capital. A trav\u00e9s de la Direcci\u00f3n de Obras P\u00fablicas y Desarrollo Urbano, y [&hellip;]<\/p>\n","protected":false},"author":1,"featured_media":55299,"comment_status":"open","ping_status":"open","sticky":false,"template":"","format":"standard","meta":{"advanced_seo_description":"","jetpack_seo_html_title":"","jetpack_seo_noindex":false,"footnotes":"","jetpack_publicize_message":"","jetpack_is_tweetstorm":false,"jetpack_publicize_feature_enabled":true,"jetpack_social_post_already_shared":true,"jetpack_social_options":{"image_generator_settings":{"template":"highway","enabled":false}}},"categories":[2,10],"tags":[],"class_list":["post-55298","post","type-post","status-publish","format-standard","has-post-thumbnail","hentry","category-destacadas","category-municipios"],"jetpack_publicize_connections":[],"jetpack_featured_media_url":"https:\/\/elcensornoticias.com\/wp-content\/uploads\/2025\/11\/IMG-20251117-WA0000.jpg","jetpack_likes_enabled":true,"jetpack_sharing_enabled":true,"jetpack_shortlink":"https:\/\/wp.me\/p6xy50-enU","_links":{"self":[{"href":"https:\/\/elcensornoticias.com\/index.php?rest_route=\/wp\/v2\/posts\/55298","targetHints":{"allow":["GET"]}}],"collection":[{"href":"https:\/\/elcensornoticias.com\/index.php?rest_route=\/wp\/v2\/posts"}],"about":[{"href":"https:\/\/elcensornoticias.com\/index.php?rest_route=\/wp\/v2\/types\/post"}],"author":[{"embeddable":true,"href":"https:\/\/elcensornoticias.com\/index.php?rest_route=\/wp\/v2\/users\/1"}],"replies":[{"embeddable":true,"href":"https:\/\/elcensornoticias.com\/index.php?rest_route=%2Fwp%2Fv2%2Fcomments&post=55298"}],"version-history":[{"count":1,"href":"https:\/\/elcensornoticias.com\/index.php?rest_route=\/wp\/v2\/posts\/55298\/revisions"}],"predecessor-version":[{"id":55300,"href":"https:\/\/elcensornoticias.com\/index.php?rest_route=\/wp\/v2\/posts\/55298\/revisions\/55300"}],"wp:featuredmedia":[{"embeddable":true,"href":"https:\/\/elcensornoticias.com\/index.php?rest_route=\/wp\/v2\/media\/55299"}],"wp:attachment":[{"href":"https:\/\/elcensornoticias.com\/index.php?rest_route=%2Fwp%2Fv2%2Fmedia&parent=55298"}],"wp:term":[{"taxonomy":"category","embeddable":true,"href":"https:\/\/elcensornoticias.com\/index.php?rest_route=%2Fwp%2Fv2%2Fcategories&post=55298"},{"taxonomy":"post_tag","embeddable":true,"href":"https:\/\/elcensornoticias.com\/index.php?rest_route=%2Fwp%2Fv2%2Ftags&post=55298"}],"curies":[{"name":"wp","href":"https:\/\/api.w.org\/{rel}","templated":true}]}}