{"id":55273,"date":"2025-11-15T02:29:07","date_gmt":"2025-11-15T02:29:07","guid":{"rendered":"http:\/\/elcensornoticias.com\/?p=55273"},"modified":"2025-11-15T02:29:10","modified_gmt":"2025-11-15T02:29:10","slug":"fortalece-fgje-profesionalizacion-de-su-personal-con-curso","status":"publish","type":"post","link":"https:\/\/elcensornoticias.com\/?p=55273","title":{"rendered":"FORTALECE FGJE PROFESIONALIZACI\u00d3N DE SU PERSONAL CON CURSO"},"content":{"rendered":"\n<p>La Fiscal\u00eda General de Justicia del Estado (FGJE) llev\u00f3 a cabo el curso \u201cInterrogatorio e incorporaci\u00f3n de la prueba al enjuiciamiento\u201d, dirigido a funcionarios p\u00fablicos de la instituci\u00f3n, con el prop\u00f3sito de fortalecer las habilidades t\u00e9cnicas y jur\u00eddicas del personal que participa en los procesos judiciales.<\/p>\n\n\n\n<p>Durante la apertura del curso, la Fiscal General de Justicia del Estado, Ernestina Carro Rold\u00e1n, destac\u00f3 que estos espacios permiten que los servidores p\u00fablicos de la FGJE aprovechen la experiencia de especialistas con amplia trayectoria en litigaci\u00f3n. Asimismo, los invit\u00f3 a continuar participando en actividades que fortalezcan el trabajo institucional y contribuyan al acceso a la justicia en Tlaxcala.<\/p>\n\n\n\n<p>Como parte de la capacitaci\u00f3n, el ponente Juan Carlos Ram\u00edrez Ben\u00edtez desarroll\u00f3 dos casos pr\u00e1cticos relacionados con los delitos de violaci\u00f3n y fraude, en los cuales los participantes debatieron y compartieron ideas y experiencias, con el fin de fortalecer sus conocimientos y mejorar su desempe\u00f1o durante las audiencias.<\/p>\n\n\n\n<p>La Fiscal\u00eda General de Justicia del Estado refrenda su compromiso con la formaci\u00f3n constante de su personal y con el fortalecimiento del sistema de procuraci\u00f3n de justicia en beneficio de la ciudadan\u00eda tlaxcalteca.<\/p>\n","protected":false},"excerpt":{"rendered":"<p>La Fiscal\u00eda General de Justicia del Estado (FGJE) llev\u00f3 a cabo el curso \u201cInterrogatorio e incorporaci\u00f3n de la prueba al enjuiciamiento\u201d, dirigido a funcionarios p\u00fablicos de la instituci\u00f3n, con el prop\u00f3sito de fortalecer las habilidades t\u00e9cnicas y jur\u00eddicas del personal que participa en los procesos judiciales. Durante la apertura del curso, la Fiscal General de [&hellip;]<\/p>\n","protected":false},"author":1,"featured_media":55274,"comment_status":"open","ping_status":"open","sticky":false,"template":"","format":"standard","meta":{"advanced_seo_description":"","jetpack_seo_html_title":"","jetpack_seo_noindex":false,"footnotes":"","jetpack_publicize_message":"","jetpack_is_tweetstorm":false,"jetpack_publicize_feature_enabled":true,"jetpack_social_post_already_shared":true,"jetpack_social_options":{"image_generator_settings":{"template":"highway","enabled":false}}},"categories":[2,3],"tags":[],"class_list":["post-55273","post","type-post","status-publish","format-standard","has-post-thumbnail","hentry","category-destacadas","category-gobierno"],"jetpack_publicize_connections":[],"jetpack_featured_media_url":"https:\/\/elcensornoticias.com\/wp-content\/uploads\/2025\/11\/IMG-20251114-WA0030.jpg","jetpack_likes_enabled":true,"jetpack_sharing_enabled":true,"jetpack_shortlink":"https:\/\/wp.me\/p6xy50-env","_links":{"self":[{"href":"https:\/\/elcensornoticias.com\/index.php?rest_route=\/wp\/v2\/posts\/55273","targetHints":{"allow":["GET"]}}],"collection":[{"href":"https:\/\/elcensornoticias.com\/index.php?rest_route=\/wp\/v2\/posts"}],"about":[{"href":"https:\/\/elcensornoticias.com\/index.php?rest_route=\/wp\/v2\/types\/post"}],"author":[{"embeddable":true,"href":"https:\/\/elcensornoticias.com\/index.php?rest_route=\/wp\/v2\/users\/1"}],"replies":[{"embeddable":true,"href":"https:\/\/elcensornoticias.com\/index.php?rest_route=%2Fwp%2Fv2%2Fcomments&post=55273"}],"version-history":[{"count":1,"href":"https:\/\/elcensornoticias.com\/index.php?rest_route=\/wp\/v2\/posts\/55273\/revisions"}],"predecessor-version":[{"id":55275,"href":"https:\/\/elcensornoticias.com\/index.php?rest_route=\/wp\/v2\/posts\/55273\/revisions\/55275"}],"wp:featuredmedia":[{"embeddable":true,"href":"https:\/\/elcensornoticias.com\/index.php?rest_route=\/wp\/v2\/media\/55274"}],"wp:attachment":[{"href":"https:\/\/elcensornoticias.com\/index.php?rest_route=%2Fwp%2Fv2%2Fmedia&parent=55273"}],"wp:term":[{"taxonomy":"category","embeddable":true,"href":"https:\/\/elcensornoticias.com\/index.php?rest_route=%2Fwp%2Fv2%2Fcategories&post=55273"},{"taxonomy":"post_tag","embeddable":true,"href":"https:\/\/elcensornoticias.com\/index.php?rest_route=%2Fwp%2Fv2%2Ftags&post=55273"}],"curies":[{"name":"wp","href":"https:\/\/api.w.org\/{rel}","templated":true}]}}