{"id":55261,"date":"2025-11-15T02:10:25","date_gmt":"2025-11-15T02:10:25","guid":{"rendered":"http:\/\/elcensornoticias.com\/?p=55261"},"modified":"2025-11-15T02:10:33","modified_gmt":"2025-11-15T02:10:33","slug":"promueven-la-prevencion-y-la-deteccion-oportuna-de-la-diabetes","status":"publish","type":"post","link":"https:\/\/elcensornoticias.com\/?p=55261","title":{"rendered":"PROMUEVEN LA PREVENCI\u00d3N Y LA DETECCI\u00d3N OPORTUNA DE LA DIABETES"},"content":{"rendered":"\n<p>_El tratamiento adecuado y la educaci\u00f3n en salud son fundamentales para reducir sus complicaciones: Sesa_<\/p>\n\n\n\n<p>En el marco del D\u00eda Mundial de la Diabetes, que se conmemora cada 14 de noviembre, el Gobierno del Estado de Tlaxcala, a trav\u00e9s de la Secretar\u00eda de Salud (Sesa), reafirm\u00f3 su compromiso de otorgar atenci\u00f3n oportuna a la poblaci\u00f3n diagnosticadas con esta enfermedad.<\/p>\n\n\n\n<p>Desde el Sector Salud, la administraci\u00f3n encabezada por la gobernadora Lorena Cu\u00e9llar Cisneros promueve la prevenci\u00f3n y el diagn\u00f3stico temprano de la diabetes en cada uno de los Centros de Salud y Unidades M\u00e9dicas, inform\u00f3 la responsable del Programa del Adulto y el Anciano de la Secretar\u00eda de Salud (Sesa), Ivette Alonzo Lozada, quien afirm\u00f3 que tambi\u00e9n se trabaja para mejorar el acceso a la atenci\u00f3n m\u00e9dica y el tratamiento para estos pacientes&nbsp;<\/p>\n\n\n\n<p>La funcionaria asever\u00f3 que, a la par de brindar atenci\u00f3n m\u00e9dica para reducir los padecimientos de la enfermedad y sus complicaciones, se fomenta la suma de esfuerzos con la poblaci\u00f3n para reforzar la lucha contra la enfermedad. Reiter\u00f3 que la detecci\u00f3n temprana, el tratamiento adecuado y la educaci\u00f3n en salud son fundamentales para reducir las complicaciones y mejorar la calidad de vida de las personas con diabetes.<\/p>\n\n\n\n<p>Actualmente, en Tlaxcala, la diabetes es la segunda causa de muerte, con una tasa de 90.4 muertes por cada 100 mil habitantes. Durante 2024, mil 289 defunciones fueron relacionadas con padecimientos asociados a la diabetes mellitus.<\/p>\n\n\n\n<p>A prop\u00f3sito del D\u00eda Mundial de la Diabetes, Alonso Lozada destac\u00f3 que se abarca un enfoque integral que va m\u00e1s all\u00e1 del control de la glucosa, dando importancia al bienestar f\u00edsico, social y psicol\u00f3gico de las personas con diabetes, y un \u00e9nfasis particular en el bienestar laboral, por lo que, desde el \u00abSector Salud, refrendamos nuestro compromiso de trabajar juntos para prevenir y controlar esta enfermedad que afecta a millones de personas en M\u00e9xico y el mundo\u201d.<\/p>\n","protected":false},"excerpt":{"rendered":"<p>_El tratamiento adecuado y la educaci\u00f3n en salud son fundamentales para reducir sus complicaciones: Sesa_ En el marco del D\u00eda Mundial de la Diabetes, que se conmemora cada 14 de noviembre, el Gobierno del Estado de Tlaxcala, a trav\u00e9s de la Secretar\u00eda de Salud (Sesa), reafirm\u00f3 su compromiso de otorgar atenci\u00f3n oportuna a la poblaci\u00f3n [&hellip;]<\/p>\n","protected":false},"author":1,"featured_media":55262,"comment_status":"open","ping_status":"open","sticky":false,"template":"","format":"standard","meta":{"advanced_seo_description":"","jetpack_seo_html_title":"","jetpack_seo_noindex":false,"footnotes":"","jetpack_publicize_message":"","jetpack_is_tweetstorm":false,"jetpack_publicize_feature_enabled":true,"jetpack_social_post_already_shared":true,"jetpack_social_options":{"image_generator_settings":{"template":"highway","enabled":false}}},"categories":[5,3],"tags":[],"class_list":["post-55261","post","type-post","status-publish","format-standard","has-post-thumbnail","hentry","category-carrucel","category-gobierno"],"jetpack_publicize_connections":[],"jetpack_featured_media_url":"https:\/\/elcensornoticias.com\/wp-content\/uploads\/2025\/11\/IMG-20251114-WA0017.jpg","jetpack_likes_enabled":true,"jetpack_sharing_enabled":true,"jetpack_shortlink":"https:\/\/wp.me\/p6xy50-enj","_links":{"self":[{"href":"https:\/\/elcensornoticias.com\/index.php?rest_route=\/wp\/v2\/posts\/55261","targetHints":{"allow":["GET"]}}],"collection":[{"href":"https:\/\/elcensornoticias.com\/index.php?rest_route=\/wp\/v2\/posts"}],"about":[{"href":"https:\/\/elcensornoticias.com\/index.php?rest_route=\/wp\/v2\/types\/post"}],"author":[{"embeddable":true,"href":"https:\/\/elcensornoticias.com\/index.php?rest_route=\/wp\/v2\/users\/1"}],"replies":[{"embeddable":true,"href":"https:\/\/elcensornoticias.com\/index.php?rest_route=%2Fwp%2Fv2%2Fcomments&post=55261"}],"version-history":[{"count":1,"href":"https:\/\/elcensornoticias.com\/index.php?rest_route=\/wp\/v2\/posts\/55261\/revisions"}],"predecessor-version":[{"id":55263,"href":"https:\/\/elcensornoticias.com\/index.php?rest_route=\/wp\/v2\/posts\/55261\/revisions\/55263"}],"wp:featuredmedia":[{"embeddable":true,"href":"https:\/\/elcensornoticias.com\/index.php?rest_route=\/wp\/v2\/media\/55262"}],"wp:attachment":[{"href":"https:\/\/elcensornoticias.com\/index.php?rest_route=%2Fwp%2Fv2%2Fmedia&parent=55261"}],"wp:term":[{"taxonomy":"category","embeddable":true,"href":"https:\/\/elcensornoticias.com\/index.php?rest_route=%2Fwp%2Fv2%2Fcategories&post=55261"},{"taxonomy":"post_tag","embeddable":true,"href":"https:\/\/elcensornoticias.com\/index.php?rest_route=%2Fwp%2Fv2%2Ftags&post=55261"}],"curies":[{"name":"wp","href":"https:\/\/api.w.org\/{rel}","templated":true}]}}