{"id":55258,"date":"2025-11-15T02:07:42","date_gmt":"2025-11-15T02:07:42","guid":{"rendered":"http:\/\/elcensornoticias.com\/?p=55258"},"modified":"2025-11-15T02:07:44","modified_gmt":"2025-11-15T02:07:44","slug":"el-sabor-de-tlaxcala-en-el-festival-del-maiz-de-la-feria-de-ferias-2025","status":"publish","type":"post","link":"https:\/\/elcensornoticias.com\/?p=55258","title":{"rendered":"EL SABOR DE TLAXCALA, EN EL FESTIVAL DEL MA\u00cdZ DE LA \u00abFERIA DE FERIAS 2025\u00bb"},"content":{"rendered":"\n<p>Cientos de familias disfrutaron gratuitamente tacos de canasta, esquites, tamales, quesadillas y chalupas_<\/p>\n\n\n\n<p>El Festival del Ma\u00edz, uno de los eventos gastron\u00f3micos m\u00e1s esperados de \u201cTlaxcala, la Feria de Ferias 2025\u201d, reuni\u00f3 a cientos de familias y asistentes en la Plaza Mariachi del Recinto Ferial, donde la riqueza gastron\u00f3mica del estado se convirti\u00f3 en la gran protagonista.<\/p>\n\n\n\n<p>El festival ofreci\u00f3 un homenaje al ma\u00edz nativo tlaxcalteca, ingrediente central de la identidad culinaria del estado. El recinto se transform\u00f3 en un corredor de aromas y sabores, donde el p\u00fablico degust\u00f3 gratuitamente una variedad de platillos elaborados por cocineras y expositores locales.<\/p>\n\n\n\n<p>Como parte del encuentro, se repartieron m\u00e1s de 3 mil tacos de canasta -cortes\u00eda de la familia Botis- que disfrutaron los asistentes en medio de un ambiente festivo; adem\u00e1s, se ofrecieron esquites, chalupas, quesadillas y tamales.<\/p>\n\n\n\n<p>En su oportunidad, Rosa Elena Nava Garc\u00eda M\u00e9ndez, presidenta del Patronato para las Exposiciones y Ferias en la Ciudad de Tlaxcala, destac\u00f3 que estos festivales permiten difundir la riqueza culinaria local y reforzar el v\u00ednculo cultural del estado con el ma\u00edz, uno de los productos m\u00e1s representativos de su patrimonio.<\/p>\n\n\n\n<p>El Festival del Ma\u00edz es parte de la amplia programaci\u00f3n de \u201cTlaxcala, la Feria de Ferias 2025\u201d, que integra m\u00e1s de 400 eventos culturales, art\u00edsticos y deportivos, de los cuales 96% son gratuitos, consolidando a la feria como una de las cinco m\u00e1s importantes del pa\u00eds.<\/p>\n\n\n\n<p>La Feria de Tlaxcala continuar\u00e1 hasta el 17 de noviembre y se prev\u00e9 que mantenga una alta afluencia de visitantes, impulsando la econom\u00eda local y proyectando la tradici\u00f3n tlaxcalteca a nivel nacional. Para los pr\u00f3ximos d\u00edas est\u00e1n programados otros encuentros gastron\u00f3micos, como el Festival de Paellas y el Festival del Mole.<\/p>\n\n\n\n<p>El programa completo de actividades puede consultarse en las redes oficiales de la feria en Facebook, TikTok e Instagram como Tlaxcala la Feria de Ferias 2025, o al tel\u00e9fono 246 123 96 45.<\/p>\n","protected":false},"excerpt":{"rendered":"<p>Cientos de familias disfrutaron gratuitamente tacos de canasta, esquites, tamales, quesadillas y chalupas_ El Festival del Ma\u00edz, uno de los eventos gastron\u00f3micos m\u00e1s esperados de \u201cTlaxcala, la Feria de Ferias 2025\u201d, reuni\u00f3 a cientos de familias y asistentes en la Plaza Mariachi del Recinto Ferial, donde la riqueza gastron\u00f3mica del estado se convirti\u00f3 en la [&hellip;]<\/p>\n","protected":false},"author":1,"featured_media":55259,"comment_status":"open","ping_status":"open","sticky":false,"template":"","format":"standard","meta":{"advanced_seo_description":"","jetpack_seo_html_title":"","jetpack_seo_noindex":false,"footnotes":"","jetpack_publicize_message":"","jetpack_is_tweetstorm":false,"jetpack_publicize_feature_enabled":true,"jetpack_social_post_already_shared":true,"jetpack_social_options":{"image_generator_settings":{"template":"highway","enabled":false}}},"categories":[2,3],"tags":[],"class_list":["post-55258","post","type-post","status-publish","format-standard","has-post-thumbnail","hentry","category-destacadas","category-gobierno"],"jetpack_publicize_connections":[],"jetpack_featured_media_url":"https:\/\/elcensornoticias.com\/wp-content\/uploads\/2025\/11\/IMG-20251114-WA0008.jpg","jetpack_likes_enabled":true,"jetpack_sharing_enabled":true,"jetpack_shortlink":"https:\/\/wp.me\/p6xy50-eng","_links":{"self":[{"href":"https:\/\/elcensornoticias.com\/index.php?rest_route=\/wp\/v2\/posts\/55258","targetHints":{"allow":["GET"]}}],"collection":[{"href":"https:\/\/elcensornoticias.com\/index.php?rest_route=\/wp\/v2\/posts"}],"about":[{"href":"https:\/\/elcensornoticias.com\/index.php?rest_route=\/wp\/v2\/types\/post"}],"author":[{"embeddable":true,"href":"https:\/\/elcensornoticias.com\/index.php?rest_route=\/wp\/v2\/users\/1"}],"replies":[{"embeddable":true,"href":"https:\/\/elcensornoticias.com\/index.php?rest_route=%2Fwp%2Fv2%2Fcomments&post=55258"}],"version-history":[{"count":1,"href":"https:\/\/elcensornoticias.com\/index.php?rest_route=\/wp\/v2\/posts\/55258\/revisions"}],"predecessor-version":[{"id":55260,"href":"https:\/\/elcensornoticias.com\/index.php?rest_route=\/wp\/v2\/posts\/55258\/revisions\/55260"}],"wp:featuredmedia":[{"embeddable":true,"href":"https:\/\/elcensornoticias.com\/index.php?rest_route=\/wp\/v2\/media\/55259"}],"wp:attachment":[{"href":"https:\/\/elcensornoticias.com\/index.php?rest_route=%2Fwp%2Fv2%2Fmedia&parent=55258"}],"wp:term":[{"taxonomy":"category","embeddable":true,"href":"https:\/\/elcensornoticias.com\/index.php?rest_route=%2Fwp%2Fv2%2Fcategories&post=55258"},{"taxonomy":"post_tag","embeddable":true,"href":"https:\/\/elcensornoticias.com\/index.php?rest_route=%2Fwp%2Fv2%2Ftags&post=55258"}],"curies":[{"name":"wp","href":"https:\/\/api.w.org\/{rel}","templated":true}]}}