{"id":55234,"date":"2025-11-13T23:17:07","date_gmt":"2025-11-13T23:17:07","guid":{"rendered":"http:\/\/elcensornoticias.com\/?p=55234"},"modified":"2025-11-13T23:17:15","modified_gmt":"2025-11-13T23:17:15","slug":"uatx-presenta-el-modelo-humanista-integrador-basado-en-capacidades","status":"publish","type":"post","link":"https:\/\/elcensornoticias.com\/?p=55234","title":{"rendered":"UATx presenta el Modelo Humanista Integrador basado en Capacidades"},"content":{"rendered":"\n<p><strong>\u00a0<\/strong>La Universidad avanza con una s\u00f3lida propuesta educativa<\/p>\n\n\n\n<p>Por invitaci\u00f3n de la Facultad de Administraci\u00f3n de la Benem\u00e9rita Universidad Aut\u00f3noma de Puebla (BUAP), este d\u00eda el Doctor Seraf\u00edn Ortiz Ortiz, Rector de la Universidad Aut\u00f3noma de Tlaxcala (UATx), present\u00f3 la conferencia inaugural&nbsp;\ud835\udc0c\ud835\udc28\ud835\udc1d\ud835\udc1e\ud835\udc25\ud835\udc28&nbsp;\ud835\udc07\ud835\udc2e\ud835\udc26\ud835\udc1a\ud835\udc27\ud835\udc22\ud835\udc2c\ud835\udc2d\ud835\udc1a&nbsp;\ud835\udc08\ud835\udc27\ud835\udc2d\ud835\udc1e\ud835\udc20\ud835\udc2b\ud835\udc1a\ud835\udc1d\ud835\udc28\ud835\udc2b&nbsp;\ud835\udc01\ud835\udc1a\ud835\udc2c\ud835\udc1a\ud835\udc1d\ud835\udc28&nbsp;\ud835\udc1e\ud835\udc27&nbsp;\ud835\udc02\ud835\udc1a\ud835\udc29\ud835\udc1a\ud835\udc1c\ud835\udc22\ud835\udc1d\ud835\udc1a\ud835\udc1d\ud835\udc1e\ud835\udc2c&nbsp;(\ud835\udc0c\ud835\udc07\ud835\udc08\ud835\udc02):&nbsp;\ud835\udc2e\ud835\udc27&nbsp;\ud835\udc26\ud835\udc28\ud835\udc1d\ud835\udc1e\ud835\udc25\ud835\udc28&nbsp;\ud835\udc1e\ud835\udc1d\ud835\udc2e\ud835\udc1c\ud835\udc1a\ud835\udc2d\ud835\udc22\ud835\udc2f\ud835\udc28&nbsp;\ud835\udc2b\ud835\udc1e\ud835\udc29\ud835\udc2e\ud835\udc1b\ud835\udc25\ud835\udc22\ud835\udc1c\ud835\udc1a\ud835\udc27\ud835\udc28, en el marco del Congreso Internacional&nbsp;\ud835\udc00\ud835\udc1d\ud835\udc26\ud835\udc22\ud835\udc27\ud835\udc22\ud835\udc2c\ud835\udc2d\ud835\udc2b\ud835\udc1a\ud835\udc1c\ud835\udc22\ud835\udc28\u0301\ud835\udc27&nbsp;\ud835\udfd1\ud835\udfd4\ud835\udfce:&nbsp;\ud835\udc02\ud835\udc28\ud835\udc26\ud835\udc29\ud835\udc1e\ud835\udc2d\ud835\udc1e\ud835\udc27\ud835\udc1c\ud835\udc22\ud835\udc1a\ud835\udc2c&nbsp;\ud835\udc29\ud835\udc1a\ud835\udc2b\ud835\udc1a&nbsp;\ud835\udc2e\ud835\udc27\ud835\udc1a&nbsp;\ud835\udc1e\ud835\udc1d\ud835\udc2e\ud835\udc1c\ud835\udc1a\ud835\udc1c\ud835\udc22\ud835\udc28\u0301\ud835\udc27&nbsp;\ud835\udc22\ud835\udc27\ud835\udc2d\ud835\udc1e\ud835\udc20\ud835\udc2b\ud835\udc1a\ud835\udc25&nbsp;\ud835\udc32&nbsp;\ud835\udc1c\ud835\udc28\ud835\udc26\ud835\udc2e\ud835\udc27\ud835\udc22\ud835\udc1c\ud835\udc1a\ud835\udc1c\ud835\udc22\ud835\udc28\u0301\ud835\udc27&nbsp;\ud835\udc1e\ud835\udc1f\ud835\udc1e\ud835\udc1c\ud835\udc2d\ud835\udc22\ud835\udc2f\ud835\udc1a.<\/p>\n\n\n\n<p>Durante la inauguraci\u00f3n, la Doctora Mar\u00eda Guadalupe Morales Esp\u00edndola, Directora de esta Facultad, resalt\u00f3 la importancia de la comunicaci\u00f3n organizacional y el clima laboral para fortalecer la gesti\u00f3n institucional ante los retos actuales. Asimismo, destac\u00f3 el valor del encuentro e invit\u00f3 a los asistentes a escuchar la ponencia inaugural a cargo del Rector de la UATx para comprender los retos actuales de la educaci\u00f3n superior.<\/p>\n\n\n\n<p>Durante su exposici\u00f3n, que tambi\u00e9n se transmiti\u00f3 en formato virtual, el Doctor Seraf\u00edn Ortiz afirm\u00f3 que la Aut\u00f3noma de Tlaxcala avanza con una propuesta educativa s\u00f3lida que ha trascendido fronteras y se ha presentado en los foros educativos m\u00e1s relevantes de M\u00e9xico y en pa\u00edses como Per\u00fa y Colombia.<\/p>\n\n\n\n<p>El modelo educativo de la UATx, prosigui\u00f3, articula academia, investigaci\u00f3n y vinculaci\u00f3n, sustentada en la autorrealizaci\u00f3n como eje para alcanzar metas e impactar positivamente en la sociedad. Explic\u00f3 que el MHIC se basa en la formaci\u00f3n de valores, la integraci\u00f3n de saberes y la aplicaci\u00f3n pr\u00e1ctica del conocimiento mediante el sistema dual, promoviendo profesionistas con sentido social e innovaci\u00f3n.<\/p>\n\n\n\n<p>De igual forma, el Doctor Ortiz Ortiz hizo especial \u00e9nfasis en el tema de la excelencia educativa, la cual se construye a partir de resultados acad\u00e9micos y habilitaci\u00f3n profesional. Precis\u00f3 los criterios que construyen la excelencia educativa y que impactan en la cobertura total y gratuidad, pertinencia, mejora continua y optimizaci\u00f3n de resultados.<\/p>\n\n\n\n<p>Finalmente, subray\u00f3 que la autorrealizaci\u00f3n implica hacer realidad cualquier acci\u00f3n, objetivo o proyecto, y alent\u00f3 a los asistentes a su disertaci\u00f3n a prepararse para la vida con \u00e9tica y compromiso.<\/p>\n","protected":false},"excerpt":{"rendered":"<p>\u00a0La Universidad avanza con una s\u00f3lida propuesta educativa Por invitaci\u00f3n de la Facultad de Administraci\u00f3n de la Benem\u00e9rita Universidad Aut\u00f3noma de Puebla (BUAP), este d\u00eda el Doctor Seraf\u00edn Ortiz Ortiz, Rector de la Universidad Aut\u00f3noma de Tlaxcala (UATx), present\u00f3 la conferencia inaugural&nbsp;\ud835\udc0c\ud835\udc28\ud835\udc1d\ud835\udc1e\ud835\udc25\ud835\udc28&nbsp;\ud835\udc07\ud835\udc2e\ud835\udc26\ud835\udc1a\ud835\udc27\ud835\udc22\ud835\udc2c\ud835\udc2d\ud835\udc1a&nbsp;\ud835\udc08\ud835\udc27\ud835\udc2d\ud835\udc1e\ud835\udc20\ud835\udc2b\ud835\udc1a\ud835\udc1d\ud835\udc28\ud835\udc2b&nbsp;\ud835\udc01\ud835\udc1a\ud835\udc2c\ud835\udc1a\ud835\udc1d\ud835\udc28&nbsp;\ud835\udc1e\ud835\udc27&nbsp;\ud835\udc02\ud835\udc1a\ud835\udc29\ud835\udc1a\ud835\udc1c\ud835\udc22\ud835\udc1d\ud835\udc1a\ud835\udc1d\ud835\udc1e\ud835\udc2c&nbsp;(\ud835\udc0c\ud835\udc07\ud835\udc08\ud835\udc02):&nbsp;\ud835\udc2e\ud835\udc27&nbsp;\ud835\udc26\ud835\udc28\ud835\udc1d\ud835\udc1e\ud835\udc25\ud835\udc28&nbsp;\ud835\udc1e\ud835\udc1d\ud835\udc2e\ud835\udc1c\ud835\udc1a\ud835\udc2d\ud835\udc22\ud835\udc2f\ud835\udc28&nbsp;\ud835\udc2b\ud835\udc1e\ud835\udc29\ud835\udc2e\ud835\udc1b\ud835\udc25\ud835\udc22\ud835\udc1c\ud835\udc1a\ud835\udc27\ud835\udc28, en el marco del Congreso Internacional&nbsp;\ud835\udc00\ud835\udc1d\ud835\udc26\ud835\udc22\ud835\udc27\ud835\udc22\ud835\udc2c\ud835\udc2d\ud835\udc2b\ud835\udc1a\ud835\udc1c\ud835\udc22\ud835\udc28\u0301\ud835\udc27&nbsp;\ud835\udfd1\ud835\udfd4\ud835\udfce:&nbsp;\ud835\udc02\ud835\udc28\ud835\udc26\ud835\udc29\ud835\udc1e\ud835\udc2d\ud835\udc1e\ud835\udc27\ud835\udc1c\ud835\udc22\ud835\udc1a\ud835\udc2c&nbsp;\ud835\udc29\ud835\udc1a\ud835\udc2b\ud835\udc1a&nbsp;\ud835\udc2e\ud835\udc27\ud835\udc1a&nbsp;\ud835\udc1e\ud835\udc1d\ud835\udc2e\ud835\udc1c\ud835\udc1a\ud835\udc1c\ud835\udc22\ud835\udc28\u0301\ud835\udc27&nbsp;\ud835\udc22\ud835\udc27\ud835\udc2d\ud835\udc1e\ud835\udc20\ud835\udc2b\ud835\udc1a\ud835\udc25&nbsp;\ud835\udc32&nbsp;\ud835\udc1c\ud835\udc28\ud835\udc26\ud835\udc2e\ud835\udc27\ud835\udc22\ud835\udc1c\ud835\udc1a\ud835\udc1c\ud835\udc22\ud835\udc28\u0301\ud835\udc27&nbsp;\ud835\udc1e\ud835\udc1f\ud835\udc1e\ud835\udc1c\ud835\udc2d\ud835\udc22\ud835\udc2f\ud835\udc1a. Durante la inauguraci\u00f3n, la Doctora Mar\u00eda Guadalupe [&hellip;]<\/p>\n","protected":false},"author":1,"featured_media":55235,"comment_status":"open","ping_status":"open","sticky":false,"template":"","format":"standard","meta":{"advanced_seo_description":"","jetpack_seo_html_title":"","jetpack_seo_noindex":false,"footnotes":"","jetpack_publicize_message":"","jetpack_is_tweetstorm":false,"jetpack_publicize_feature_enabled":true,"jetpack_social_post_already_shared":true,"jetpack_social_options":{"image_generator_settings":{"template":"highway","enabled":false}}},"categories":[2,28],"tags":[],"class_list":["post-55234","post","type-post","status-publish","format-standard","has-post-thumbnail","hentry","category-destacadas","category-educacion"],"jetpack_publicize_connections":[],"jetpack_featured_media_url":"https:\/\/elcensornoticias.com\/wp-content\/uploads\/2025\/11\/13-Rector-de-la-UATx-presenta-el-Modelo-Humanista-Integrador-basado-en-Capacidades-en-la-BUAP-2.jpeg","jetpack_likes_enabled":true,"jetpack_sharing_enabled":true,"jetpack_shortlink":"https:\/\/wp.me\/p6xy50-emS","_links":{"self":[{"href":"https:\/\/elcensornoticias.com\/index.php?rest_route=\/wp\/v2\/posts\/55234","targetHints":{"allow":["GET"]}}],"collection":[{"href":"https:\/\/elcensornoticias.com\/index.php?rest_route=\/wp\/v2\/posts"}],"about":[{"href":"https:\/\/elcensornoticias.com\/index.php?rest_route=\/wp\/v2\/types\/post"}],"author":[{"embeddable":true,"href":"https:\/\/elcensornoticias.com\/index.php?rest_route=\/wp\/v2\/users\/1"}],"replies":[{"embeddable":true,"href":"https:\/\/elcensornoticias.com\/index.php?rest_route=%2Fwp%2Fv2%2Fcomments&post=55234"}],"version-history":[{"count":1,"href":"https:\/\/elcensornoticias.com\/index.php?rest_route=\/wp\/v2\/posts\/55234\/revisions"}],"predecessor-version":[{"id":55236,"href":"https:\/\/elcensornoticias.com\/index.php?rest_route=\/wp\/v2\/posts\/55234\/revisions\/55236"}],"wp:featuredmedia":[{"embeddable":true,"href":"https:\/\/elcensornoticias.com\/index.php?rest_route=\/wp\/v2\/media\/55235"}],"wp:attachment":[{"href":"https:\/\/elcensornoticias.com\/index.php?rest_route=%2Fwp%2Fv2%2Fmedia&parent=55234"}],"wp:term":[{"taxonomy":"category","embeddable":true,"href":"https:\/\/elcensornoticias.com\/index.php?rest_route=%2Fwp%2Fv2%2Fcategories&post=55234"},{"taxonomy":"post_tag","embeddable":true,"href":"https:\/\/elcensornoticias.com\/index.php?rest_route=%2Fwp%2Fv2%2Ftags&post=55234"}],"curies":[{"name":"wp","href":"https:\/\/api.w.org\/{rel}","templated":true}]}}