{"id":54921,"date":"2025-10-28T23:55:50","date_gmt":"2025-10-28T23:55:50","guid":{"rendered":"http:\/\/elcensornoticias.com\/?p=54921"},"modified":"2025-10-28T23:55:51","modified_gmt":"2025-10-28T23:55:51","slug":"acuerdos-para-la-rehabilitacion-del-parque-de-la-juventud","status":"publish","type":"post","link":"https:\/\/elcensornoticias.com\/?p=54921","title":{"rendered":"ACUERDOS PARA LA REHABILITACI\u00d3N DEL PARQUE DE LA JUVENTUD"},"content":{"rendered":"\n<p>Autoridades estatales y ciudadan\u00eda realizaron un recorrido conjunto para definir acciones de conservaci\u00f3n de los \u00e1rboles, mantenimiento y creaci\u00f3n de nuevos espacios; continuar\u00e1 mesa de di\u00e1logo.<\/p>\n\n\n\n<p>Autoridades del Gobierno del Estado, junto con vecinos, ambientalistas y usuarios del Parque de la Juventud realizaron un recorrido conjunto para supervisar el estado en que se encuentran los \u00e1rboles de esta \u00e1rea y avanzar en los acuerdos de conservaci\u00f3n y mejora del espacio p\u00fablico.<\/p>\n\n\n\n<p>En la jornada participaron los titulares de la Secretar\u00eda de Medio Ambiente, Pedro Aquino Alvarado; de la Secretar\u00eda de Infraestructura, Eduardo Hern\u00e1ndez Tapia; de la Procuradur\u00eda de Protecci\u00f3n al Ambiente del estado (Propaet), Iv\u00e1n Garc\u00eda Ju\u00e1rez; del Instituto Tlaxcalteca de la Juventud (ITJ), Lucero Morales Tzompa, y de la Comisi\u00f3n Nacional Forestal (Conafor), Abraham S\u00e1nchez, as\u00ed como de la Direcci\u00f3n de Gobernaci\u00f3n de la Secretar\u00eda de Gobierno (Segob), Emilio Minor Molina.&nbsp;<\/p>\n\n\n\n<p>El recorrido tuvo como objetivo verificar las condiciones de los \u00e1rboles y definir las acciones de conservaci\u00f3n y mantenimiento. De acuerdo con los reportes t\u00e9cnicos, en el parque se contabilizan mil 134 \u00e1rboles, de los cuales 19 presentan afectaciones como plagas que requieren intervenci\u00f3n especializada.<\/p>\n\n\n\n<p>El titular de la Secretar\u00eda de Medio Ambiente, Pedro Aquino Alvarado, reiter\u00f3 que el proyecto de remodelaci\u00f3n del Parque de la Juventud no considera el derribo de \u00e1rboles.<\/p>\n\n\n\n<p>\u201cCon motivo de la mejora del espacio no se contempla acciones de tala y en paralelo se realizar\u00e1 la intervenci\u00f3n de algunas especies para evitar la propagaci\u00f3n de plagas y plantas par\u00e1sitas que representan un riesgo\u201d, afirm\u00f3.&nbsp;<\/p>\n\n\n\n<p>Durante el encuentro, los especialistas determinaron que los ejemplares con da\u00f1o ser\u00e1n atendidos conforme a dict\u00e1menes t\u00e9cnicos, mientras que los representantes ciudadanos solicitaron una segunda opini\u00f3n de expertos independientes, para asegurar un proceso transparente y participativo.<\/p>\n\n\n\n<p>Como parte del recorrido, especialistas de la Conafor detallaron a la ciudadan\u00eda las condiciones en que se encuentran algunos \u00e1rboles para determinar las acciones de intervenci\u00f3n.&nbsp;<\/p>\n\n\n\n<p>En tanto, en entrevista colectiva en Apizaco, el secretario de Gobierno, Luis Antonio Ram\u00edrez Hern\u00e1ndez, destac\u00f3 la importancia del di\u00e1logo abierto con la comunidad y reiter\u00f3 el compromiso del gobierno estatal con la atenci\u00f3n y la escucha ciudadana.<\/p>\n\n\n\n<p>\u201cDespu\u00e9s de este recorrido y las reuniones t\u00e9cnicas podremos consolidar acuerdos para que el proyecto avance con consenso\u201d, expres\u00f3.<\/p>\n\n\n\n<p>Ram\u00edrez Hern\u00e1ndez subray\u00f3 que el Gobierno del Estado continuar\u00e1 trabajando de manera coordinada con la poblaci\u00f3n, con el objetivo de que el proyecto tenga causa de utilidad p\u00fablica efectiva.<\/p>\n\n\n\n<p>La jornada concluy\u00f3 con el acuerdo de mantener el di\u00e1logo permanente entre autoridades y ciudadan\u00eda, as\u00ed como realizar una reuni\u00f3n t\u00e9cnica este mi\u00e9rcoles, donde se presentar\u00e1 formalmente el plan de trabajo para la intervenci\u00f3n del parque.<\/p>\n\n\n\n<p>El prop\u00f3sito del Gobierno del Estado es recuperar el valor ambiental, social y recreativo del Parque de la Juventud como uno de los principales pulmones de la capital.<\/p>\n","protected":false},"excerpt":{"rendered":"<p>Autoridades estatales y ciudadan\u00eda realizaron un recorrido conjunto para definir acciones de conservaci\u00f3n de los \u00e1rboles, mantenimiento y creaci\u00f3n de nuevos espacios; continuar\u00e1 mesa de di\u00e1logo. Autoridades del Gobierno del Estado, junto con vecinos, ambientalistas y usuarios del Parque de la Juventud realizaron un recorrido conjunto para supervisar el estado en que se encuentran los [&hellip;]<\/p>\n","protected":false},"author":1,"featured_media":54922,"comment_status":"open","ping_status":"open","sticky":false,"template":"","format":"standard","meta":{"advanced_seo_description":"","jetpack_seo_html_title":"","jetpack_seo_noindex":false,"footnotes":"","jetpack_publicize_message":"","jetpack_is_tweetstorm":false,"jetpack_publicize_feature_enabled":true,"jetpack_social_post_already_shared":true,"jetpack_social_options":{"image_generator_settings":{"template":"highway","enabled":false}}},"categories":[5,3],"tags":[],"class_list":["post-54921","post","type-post","status-publish","format-standard","has-post-thumbnail","hentry","category-carrucel","category-gobierno"],"jetpack_publicize_connections":[],"jetpack_featured_media_url":"https:\/\/elcensornoticias.com\/wp-content\/uploads\/2025\/10\/IMG-20251028-WA0032.jpg","jetpack_likes_enabled":true,"jetpack_sharing_enabled":true,"jetpack_shortlink":"https:\/\/wp.me\/p6xy50-ehP","_links":{"self":[{"href":"https:\/\/elcensornoticias.com\/index.php?rest_route=\/wp\/v2\/posts\/54921","targetHints":{"allow":["GET"]}}],"collection":[{"href":"https:\/\/elcensornoticias.com\/index.php?rest_route=\/wp\/v2\/posts"}],"about":[{"href":"https:\/\/elcensornoticias.com\/index.php?rest_route=\/wp\/v2\/types\/post"}],"author":[{"embeddable":true,"href":"https:\/\/elcensornoticias.com\/index.php?rest_route=\/wp\/v2\/users\/1"}],"replies":[{"embeddable":true,"href":"https:\/\/elcensornoticias.com\/index.php?rest_route=%2Fwp%2Fv2%2Fcomments&post=54921"}],"version-history":[{"count":1,"href":"https:\/\/elcensornoticias.com\/index.php?rest_route=\/wp\/v2\/posts\/54921\/revisions"}],"predecessor-version":[{"id":54923,"href":"https:\/\/elcensornoticias.com\/index.php?rest_route=\/wp\/v2\/posts\/54921\/revisions\/54923"}],"wp:featuredmedia":[{"embeddable":true,"href":"https:\/\/elcensornoticias.com\/index.php?rest_route=\/wp\/v2\/media\/54922"}],"wp:attachment":[{"href":"https:\/\/elcensornoticias.com\/index.php?rest_route=%2Fwp%2Fv2%2Fmedia&parent=54921"}],"wp:term":[{"taxonomy":"category","embeddable":true,"href":"https:\/\/elcensornoticias.com\/index.php?rest_route=%2Fwp%2Fv2%2Fcategories&post=54921"},{"taxonomy":"post_tag","embeddable":true,"href":"https:\/\/elcensornoticias.com\/index.php?rest_route=%2Fwp%2Fv2%2Ftags&post=54921"}],"curies":[{"name":"wp","href":"https:\/\/api.w.org\/{rel}","templated":true}]}}