{"id":54918,"date":"2025-10-28T23:53:07","date_gmt":"2025-10-28T23:53:07","guid":{"rendered":"http:\/\/elcensornoticias.com\/?p=54918"},"modified":"2025-10-28T23:53:09","modified_gmt":"2025-10-28T23:53:09","slug":"talento-artesanal-en-tlaxcala-la-feria-de-ferias-2025","status":"publish","type":"post","link":"https:\/\/elcensornoticias.com\/?p=54918","title":{"rendered":"TALENTO ARTESANAL  EN \u201cTLAXCALA, LA FERIA DE FERIAS 2025\u201d"},"content":{"rendered":"\n<p>M\u00e1s de 200 artesanas y artesanos de 39 municipios participan en la Expo Artesanal, mostrando la diversidad y riqueza cultural de Tlaxcala_<\/p>\n\n\n\n<p>&nbsp;\u201cTlaxcala, la Feria de Ferias 2025\u201d abri\u00f3 sus puertas como un gran escaparate del talento, la creatividad y la identidad cultural del estado, al reunir en la Expo Artesanal a m\u00e1s de 200 artesanas y artesanos provenientes de 39 municipios, quienes exhiben y comercializan sus productos representativos.<\/p>\n\n\n\n<p>Del 23 de octubre al 17 de noviembre, en el Centro de Convenciones, el p\u00fablico podr\u00e1 disfrutar y adquirir piezas \u00fanicas elaboradas en distintas ramas artesanales, entre las que destacan: alfarer\u00eda y cer\u00e1mica, textiles, bordados, fibras vegetales, madera tallada, pintura popular, cartoner\u00eda, canter\u00eda y lapidaria, metalister\u00eda, talabarter\u00eda, materiales diversos e industria rural.<\/p>\n\n\n\n<p>Como parte del apoyo a las y los artesanos, los espacios de exposici\u00f3n se brindan sin costo para los creadores, con el objetivo de ofrecer un canal de exhibici\u00f3n y comercializaci\u00f3n sin afectar su econom\u00eda.<\/p>\n\n\n\n<p>Con el respaldo de la Casa de las Artesan\u00edas de Tlaxcala (CAT), la Expo Artesanal se consolida como uno de los espacios m\u00e1s visitados durante la feria, al ofrecer una muestra del trabajo art\u00edstico de las y los creadores tlaxcaltecas y generar una oportunidad directa para fortalecer la econom\u00eda de este sector y preservar las t\u00e9cnicas artesanales.<\/p>\n\n\n\n<p>Con horario de 13:00 a 22:00 horas, el recinto se convierte en un punto de encuentro entre visitantes, turistas y productores que comparten el orgullo de una entidad reconocida por su herencia cultural y su esp\u00edritu creativo.<\/p>\n\n\n\n<p>\u201cCada pieza cuenta una historia y refleja el coraz\u00f3n de Tlaxcala. La feria es una vitrina para que el mundo conozca el talento de nuestras comunidades\u201d, coincidieron los artesanos tlaxcaltecas.<\/p>\n\n\n\n<p>La Expo Artesanal es parte esencial de la programaci\u00f3n de \u201cTlaxcala, la Feria de Ferias 2025\u201d, que este a\u00f1o ofrece m\u00e1s de 400 actividades gratuitas, entre presentaciones musicales, exposiciones, gastronom\u00eda y eventos familiares, reafirmando a Tlaxcala como un destino cultural, tur\u00edstico y productivo de relevancia nacional.<\/p>\n","protected":false},"excerpt":{"rendered":"<p>M\u00e1s de 200 artesanas y artesanos de 39 municipios participan en la Expo Artesanal, mostrando la diversidad y riqueza cultural de Tlaxcala_ &nbsp;\u201cTlaxcala, la Feria de Ferias 2025\u201d abri\u00f3 sus puertas como un gran escaparate del talento, la creatividad y la identidad cultural del estado, al reunir en la Expo Artesanal a m\u00e1s de 200 [&hellip;]<\/p>\n","protected":false},"author":1,"featured_media":54919,"comment_status":"open","ping_status":"open","sticky":false,"template":"","format":"standard","meta":{"advanced_seo_description":"","jetpack_seo_html_title":"","jetpack_seo_noindex":false,"footnotes":"","jetpack_publicize_message":"","jetpack_is_tweetstorm":false,"jetpack_publicize_feature_enabled":true,"jetpack_social_post_already_shared":true,"jetpack_social_options":{"image_generator_settings":{"template":"highway","enabled":false}}},"categories":[5,3],"tags":[],"class_list":["post-54918","post","type-post","status-publish","format-standard","has-post-thumbnail","hentry","category-carrucel","category-gobierno"],"jetpack_publicize_connections":[],"jetpack_featured_media_url":"https:\/\/elcensornoticias.com\/wp-content\/uploads\/2025\/10\/IMG-20251028-WA0024.jpg","jetpack_likes_enabled":true,"jetpack_sharing_enabled":true,"jetpack_shortlink":"https:\/\/wp.me\/p6xy50-ehM","_links":{"self":[{"href":"https:\/\/elcensornoticias.com\/index.php?rest_route=\/wp\/v2\/posts\/54918","targetHints":{"allow":["GET"]}}],"collection":[{"href":"https:\/\/elcensornoticias.com\/index.php?rest_route=\/wp\/v2\/posts"}],"about":[{"href":"https:\/\/elcensornoticias.com\/index.php?rest_route=\/wp\/v2\/types\/post"}],"author":[{"embeddable":true,"href":"https:\/\/elcensornoticias.com\/index.php?rest_route=\/wp\/v2\/users\/1"}],"replies":[{"embeddable":true,"href":"https:\/\/elcensornoticias.com\/index.php?rest_route=%2Fwp%2Fv2%2Fcomments&post=54918"}],"version-history":[{"count":1,"href":"https:\/\/elcensornoticias.com\/index.php?rest_route=\/wp\/v2\/posts\/54918\/revisions"}],"predecessor-version":[{"id":54920,"href":"https:\/\/elcensornoticias.com\/index.php?rest_route=\/wp\/v2\/posts\/54918\/revisions\/54920"}],"wp:featuredmedia":[{"embeddable":true,"href":"https:\/\/elcensornoticias.com\/index.php?rest_route=\/wp\/v2\/media\/54919"}],"wp:attachment":[{"href":"https:\/\/elcensornoticias.com\/index.php?rest_route=%2Fwp%2Fv2%2Fmedia&parent=54918"}],"wp:term":[{"taxonomy":"category","embeddable":true,"href":"https:\/\/elcensornoticias.com\/index.php?rest_route=%2Fwp%2Fv2%2Fcategories&post=54918"},{"taxonomy":"post_tag","embeddable":true,"href":"https:\/\/elcensornoticias.com\/index.php?rest_route=%2Fwp%2Fv2%2Ftags&post=54918"}],"curies":[{"name":"wp","href":"https:\/\/api.w.org\/{rel}","templated":true}]}}