{"id":54915,"date":"2025-10-28T23:50:33","date_gmt":"2025-10-28T23:50:33","guid":{"rendered":"http:\/\/elcensornoticias.com\/?p=54915"},"modified":"2025-10-28T23:50:57","modified_gmt":"2025-10-28T23:50:57","slug":"festival-la-muerte-tiene-permiso-en-su-edicion-37","status":"publish","type":"post","link":"https:\/\/elcensornoticias.com\/?p=54915","title":{"rendered":"Festival \u201cLa Muerte tiene permiso\u201d, en su edici\u00f3n 37"},"content":{"rendered":"\n<p>Una tradici\u00f3n que perdura en la UATx gracias al talento de estudiantes y docentes de Lengua y Literatura Hispanoamericana<\/p>\n\n\n\n<p>Con conferencias, talleres, charlas, exhibiciones de arte, obras de teatro y presentaciones de libros, autoridades universitarias y estudiantes de quinto semestre de la Licenciatura en Lengua y Literatura Hispanoamericana de la Facultad de Filosof\u00eda y Letras de la Universidad Aut\u00f3noma de Tlaxcala (FFyL-UATx) pusieron en marcha la XXXVII edici\u00f3n del Festival \u00abLa Muerte tiene Permiso\u00bb&nbsp;<em>In memoriam<\/em>&nbsp;Juan Rulfo, uno de los foros culturales y acad\u00e9micos con mayor tradici\u00f3n y prestigio en la Instituci\u00f3n.<\/p>\n\n\n\n<p>Como es tradici\u00f3n, cada a\u00f1o en un ambiente festivo, lleno de color, fumarolas de copal, aromas de los exquisitos platillos y manjares que se preparan de manera especial en esta \u00e9poca para recibir y recordar a los seres queridos que han partido de este mundo, el Festival tiene el objetivo de analizar la obra literaria de Juan Rulfo, quien es considerado como referente mundial del arte literario de nuestro pa\u00eds, en cuya obra se muestra la idiosincrasia nacional, y de la \u00e9poca posrevolucionaria desde el enfoque humanista, de las ciencias&nbsp; sociales y de la cultura.<\/p>\n\n\n\n<p>Al respecto, el Maestro Hugo P\u00e9rez Olivares, Director de la Facultad de Filosof\u00eda y Letras, resalt\u00f3 que tanto este festival como otros foros acad\u00e9micos que realizan los estudiantes de las licenciaturas que aqu\u00ed se imparten, se revelan como escenarios que desarrollan el sentido de identidad y pertenencia de la comunidad estudiantil y que permiten resaltar valores que distinguen al Modelo Humanista Integrador basado en Capacidades, as\u00ed como la preservaci\u00f3n de la cultura, las costumbres y tradiciones mexicanas y tlaxcaltecas.<\/p>\n\n\n\n<p>M\u00e1s adelante, reconoci\u00f3 la labor que realizaron los educandos para la realizaci\u00f3n de este festival bajo la asesor\u00eda y acompa\u00f1amiento de las doctoras Marisol Nava Hern\u00e1ndez y Olga Lidia Ayometzi Sastr\u00e9, docentes de la Licenciatura en Lengua y Literatura Hispanoamericana, remarcando que a lo largo de tres d\u00e9cadas el Festival \u201cLa muerte tiene permiso\u201d se ha posicionado como un espacio en el que la comunidad estudiantil investiga, escribe, analiza, debate y reflexiona acerca de la muerte y sus diversas aristas.<\/p>\n\n\n\n<p>Por su parte, Violeta Abigail D\u00edaz Cuatecontzi, en representaci\u00f3n de sus compa\u00f1eros del quinto semestre de la Licenciatura en Lengua y Literatura Hispanoamericana, expuso que por m\u00e1s de treinta a\u00f1os el Festival se ha convertido en una tradici\u00f3n en la que varias generaciones desarrollaron habilidades dentro del marco de la gesti\u00f3n cultural, porque ha logrado ir m\u00e1s all\u00e1 de la investigaci\u00f3n literaria y la difusi\u00f3n del talento tlaxcalteca, al recordar&nbsp; a diferentes escritores a\u00f1o con a\u00f1o y proponer una oferta acad\u00e9mica&nbsp; cultural de gran envergadura.<\/p>\n\n\n\n<p>Recalc\u00f3 que en esta edici\u00f3n, de manera especial, se dedica a la obra literaria de Juan Rulfo, fot\u00f3grafo, escritor, guionista y editor, con su obra m\u00e1s famosa&nbsp;<em>Pedro Paramo<\/em>, la cual fue publicada en 1955, adem\u00e1s, destac\u00f3 como cuentista por&nbsp;<em>El<\/em>&nbsp;&nbsp;<em>Llano en llamas<\/em>, entre otras obras que lo posicionan entre los escritores m\u00e1s importantes de las letras en M\u00e9xico.<\/p>\n\n\n\n<p>Entre los temas que se abordar\u00e1n en ponencias destacan: \u201cConstruir teatro a partir de la escritura de Juan Rulfo: Conferencia perform\u00e1tica basada en&nbsp;<em>El llano en llamas<\/em>\u201d, a cargo de la Doctora Samantha Moreno; la Mesa tem\u00e1tica \u201cVida y muerte en Pedro P\u00e1ramo\u201d; las obras de teatro \u201cAlas multicolores\u201d, \u201cLa cuesta de las comadres\u201d,&nbsp; \u201cNo oyes ladrar los perros\u201d y \u201cMacario\u201d a cargo del Grupo de teatro \u201cSerpientes y Escaleras\u201d de la FFyL. &nbsp;<\/p>\n\n\n\n<p>Adem\u00e1s, se tiene programado para el d\u00eda 30 de octubre el Concurso de fachadas, de disfraz, la presentaci\u00f3n de ofrendas por licenciatura y de los grupos \u201cSonido Tlacuache Groove\u201d y \u201cWird Pipol\u201d.<\/p>\n","protected":false},"excerpt":{"rendered":"<p>Una tradici\u00f3n que perdura en la UATx gracias al talento de estudiantes y docentes de Lengua y Literatura Hispanoamericana Con conferencias, talleres, charlas, exhibiciones de arte, obras de teatro y presentaciones de libros, autoridades universitarias y estudiantes de quinto semestre de la Licenciatura en Lengua y Literatura Hispanoamericana de la Facultad de Filosof\u00eda y Letras [&hellip;]<\/p>\n","protected":false},"author":1,"featured_media":54916,"comment_status":"open","ping_status":"open","sticky":false,"template":"","format":"standard","meta":{"advanced_seo_description":"","jetpack_seo_html_title":"","jetpack_seo_noindex":false,"footnotes":"","jetpack_publicize_message":"","jetpack_is_tweetstorm":false,"jetpack_publicize_feature_enabled":true,"jetpack_social_post_already_shared":true,"jetpack_social_options":{"image_generator_settings":{"template":"highway","enabled":false}}},"categories":[2,28],"tags":[],"class_list":["post-54915","post","type-post","status-publish","format-standard","has-post-thumbnail","hentry","category-destacadas","category-educacion"],"jetpack_publicize_connections":[],"jetpack_featured_media_url":"https:\/\/elcensornoticias.com\/wp-content\/uploads\/2025\/10\/28-Entre-fumarolas-de-copal-y-aromas-de-exquisitos-manjares-inicio-El-Festival-La-Muerte-tiene-permiso-en-su-edicion-37-1.jpeg","jetpack_likes_enabled":true,"jetpack_sharing_enabled":true,"jetpack_shortlink":"https:\/\/wp.me\/p6xy50-ehJ","_links":{"self":[{"href":"https:\/\/elcensornoticias.com\/index.php?rest_route=\/wp\/v2\/posts\/54915","targetHints":{"allow":["GET"]}}],"collection":[{"href":"https:\/\/elcensornoticias.com\/index.php?rest_route=\/wp\/v2\/posts"}],"about":[{"href":"https:\/\/elcensornoticias.com\/index.php?rest_route=\/wp\/v2\/types\/post"}],"author":[{"embeddable":true,"href":"https:\/\/elcensornoticias.com\/index.php?rest_route=\/wp\/v2\/users\/1"}],"replies":[{"embeddable":true,"href":"https:\/\/elcensornoticias.com\/index.php?rest_route=%2Fwp%2Fv2%2Fcomments&post=54915"}],"version-history":[{"count":1,"href":"https:\/\/elcensornoticias.com\/index.php?rest_route=\/wp\/v2\/posts\/54915\/revisions"}],"predecessor-version":[{"id":54917,"href":"https:\/\/elcensornoticias.com\/index.php?rest_route=\/wp\/v2\/posts\/54915\/revisions\/54917"}],"wp:featuredmedia":[{"embeddable":true,"href":"https:\/\/elcensornoticias.com\/index.php?rest_route=\/wp\/v2\/media\/54916"}],"wp:attachment":[{"href":"https:\/\/elcensornoticias.com\/index.php?rest_route=%2Fwp%2Fv2%2Fmedia&parent=54915"}],"wp:term":[{"taxonomy":"category","embeddable":true,"href":"https:\/\/elcensornoticias.com\/index.php?rest_route=%2Fwp%2Fv2%2Fcategories&post=54915"},{"taxonomy":"post_tag","embeddable":true,"href":"https:\/\/elcensornoticias.com\/index.php?rest_route=%2Fwp%2Fv2%2Ftags&post=54915"}],"curies":[{"name":"wp","href":"https:\/\/api.w.org\/{rel}","templated":true}]}}