{"id":54911,"date":"2025-10-28T23:46:52","date_gmt":"2025-10-28T23:46:52","guid":{"rendered":"http:\/\/elcensornoticias.com\/?p=54911"},"modified":"2025-10-28T23:47:14","modified_gmt":"2025-10-28T23:47:14","slug":"primer-ciclo-de-conferencias-tlaxcala-exporta-2025","status":"publish","type":"post","link":"https:\/\/elcensornoticias.com\/?p=54911","title":{"rendered":"Primer Ciclo de Conferencias: Tlaxcala Exporta 2025"},"content":{"rendered":"\n<p>FCEA-UATx y Centro de Fomento Econ\u00f3mico para el Bienestar en Tlaxcala promueven intercambio de conocimientos y experiencias para incrementar competitividad y desarrollo<\/p>\n\n\n\n<p>Con el firme compromiso de impulsar el desarrollo econ\u00f3mico regional, el Centro de Fomento Econ\u00f3mico para el Bienestar en Tlaxcala, de la Secretar\u00eda de Econom\u00eda, y la Facultad de Ciencias Econ\u00f3mico Administrativas de la Universidad Aut\u00f3noma de Tlaxcala (FCEA-UATx) organizaron el&nbsp;\ud835\udc0f\ud835\udc2b\ud835\udc22\ud835\udc26\ud835\udc1e\ud835\udc2b&nbsp;\ud835\udc02\ud835\udc22\ud835\udc1c\ud835\udc25\ud835\udc28&nbsp;\ud835\udc1d\ud835\udc1e&nbsp;\ud835\udc02\ud835\udc28\ud835\udc27\ud835\udc1f\ud835\udc1e\ud835\udc2b\ud835\udc1e\ud835\udc27\ud835\udc1c\ud835\udc22\ud835\udc1a\ud835\udc2c:&nbsp;\ud835\udc13\ud835\udc25\ud835\udc1a\ud835\udc31\ud835\udc1c\ud835\udc1a\ud835\udc25\ud835\udc1a&nbsp;\ud835\udc04\ud835\udc31\ud835\udc29\ud835\udc28\ud835\udc2b\ud835\udc2d\ud835\udc1a&nbsp;\ud835\udfd0\ud835\udfce\ud835\udfd0\ud835\udfd3&nbsp;en el Teatro Universitario.<\/p>\n\n\n\n<p>Esta iniciativa busca impulsar la articulaci\u00f3n entre los sectores p\u00fablico, privado y acad\u00e9mico para promover la competitividad, el crecimiento sostenible y la proyecci\u00f3n internacional de las empresas tlaxcaltecas.<\/p>\n\n\n\n<p>El Doctor Mario Franz Subieta Zecua, Director de la FCEA, hizo hincapi\u00e9 en la efectiva vinculaci\u00f3n entre esta Casa de Estudios y el sector gubernamental al establecer una alianza estrat\u00e9gica que abre nuevas oportunidades para proyectar a la comunidad estudiantil en funci\u00f3n de las demandas reales del entorno empresarial.<\/p>\n\n\n\n<p>Indic\u00f3 que se han implementado acciones para que alumnos de Negocios Internacionales est\u00e9n listos para integrarse al sector empresarial, destacando su r\u00e1pida incorporaci\u00f3n laboral y buena reputaci\u00f3n en el mercado, incluso en comparaci\u00f3n con otras licenciaturas.<\/p>\n\n\n\n<p>El Licenciado Esvy Emmanuel Leyva Guzm\u00e1n, Responsable del Centro, destac\u00f3 que&nbsp;\ud835\udc13\ud835\udc25\ud835\udc1a\ud835\udc31\ud835\udc1c\ud835\udc1a\ud835\udc25\ud835\udc1a&nbsp;\ud835\udc04\ud835\udc31\ud835\udc29\ud835\udc28\ud835\udc2b\ud835\udc2d\ud835\udc1a&nbsp;\ud835\udfd0\ud835\udfce\ud835\udfd0\ud835\udfd3&nbsp;impulsa el fortalecimiento del sector productivo y abre nuevas oportunidades de exportaci\u00f3n, promoviendo el intercambio de conocimientos y experiencias que proyectan al estado hacia una mayor competitividad y desarrollo.<\/p>\n\n\n\n<p>Por su parte, la Maestra Irene Vega, Coordinadora de la Licenciatura en Negocios Internacionales, reafirm\u00f3 el compromiso de la Universidad con el fortalecimiento del v\u00ednculo entre la academia y el sector empresarial, reconociendo que esta colaboraci\u00f3n es clave para el desarrollo econ\u00f3mico y social. En este sentido, los egresados de este programa educativo se distinguen por una formaci\u00f3n integral que combina s\u00f3lidos valores \u00e9ticos con competencias t\u00e9cnicas.<\/p>\n\n\n\n<p>En esta primera edici\u00f3n participan el Instituto Nacional de Estad\u00edstica y Geograf\u00eda (INEGI), Nacional Financiera, Kreston BSG y Microside, instituciones que comparten su experiencia y herramientas para fortalecer el desarrollo econ\u00f3mico de la regi\u00f3n.<\/p>\n","protected":false},"excerpt":{"rendered":"<p>FCEA-UATx y Centro de Fomento Econ\u00f3mico para el Bienestar en Tlaxcala promueven intercambio de conocimientos y experiencias para incrementar competitividad y desarrollo Con el firme compromiso de impulsar el desarrollo econ\u00f3mico regional, el Centro de Fomento Econ\u00f3mico para el Bienestar en Tlaxcala, de la Secretar\u00eda de Econom\u00eda, y la Facultad de Ciencias Econ\u00f3mico Administrativas de [&hellip;]<\/p>\n","protected":false},"author":1,"featured_media":54912,"comment_status":"open","ping_status":"open","sticky":false,"template":"","format":"standard","meta":{"advanced_seo_description":"","jetpack_seo_html_title":"","jetpack_seo_noindex":false,"footnotes":"","jetpack_publicize_message":"","jetpack_is_tweetstorm":false,"jetpack_publicize_feature_enabled":true,"jetpack_social_post_already_shared":true,"jetpack_social_options":{"image_generator_settings":{"template":"highway","enabled":false}}},"categories":[2,28],"tags":[],"class_list":["post-54911","post","type-post","status-publish","format-standard","has-post-thumbnail","hentry","category-destacadas","category-educacion"],"jetpack_publicize_connections":[],"jetpack_featured_media_url":"https:\/\/elcensornoticias.com\/wp-content\/uploads\/2025\/10\/28-Inauguran-en-la-UATx-trabajos-del-Primer-Ciclo-de-Conferencias-Tlaxcala-Exporta-2025-3-scaled.jpg","jetpack_likes_enabled":true,"jetpack_sharing_enabled":true,"jetpack_shortlink":"https:\/\/wp.me\/p6xy50-ehF","_links":{"self":[{"href":"https:\/\/elcensornoticias.com\/index.php?rest_route=\/wp\/v2\/posts\/54911","targetHints":{"allow":["GET"]}}],"collection":[{"href":"https:\/\/elcensornoticias.com\/index.php?rest_route=\/wp\/v2\/posts"}],"about":[{"href":"https:\/\/elcensornoticias.com\/index.php?rest_route=\/wp\/v2\/types\/post"}],"author":[{"embeddable":true,"href":"https:\/\/elcensornoticias.com\/index.php?rest_route=\/wp\/v2\/users\/1"}],"replies":[{"embeddable":true,"href":"https:\/\/elcensornoticias.com\/index.php?rest_route=%2Fwp%2Fv2%2Fcomments&post=54911"}],"version-history":[{"count":1,"href":"https:\/\/elcensornoticias.com\/index.php?rest_route=\/wp\/v2\/posts\/54911\/revisions"}],"predecessor-version":[{"id":54913,"href":"https:\/\/elcensornoticias.com\/index.php?rest_route=\/wp\/v2\/posts\/54911\/revisions\/54913"}],"wp:featuredmedia":[{"embeddable":true,"href":"https:\/\/elcensornoticias.com\/index.php?rest_route=\/wp\/v2\/media\/54912"}],"wp:attachment":[{"href":"https:\/\/elcensornoticias.com\/index.php?rest_route=%2Fwp%2Fv2%2Fmedia&parent=54911"}],"wp:term":[{"taxonomy":"category","embeddable":true,"href":"https:\/\/elcensornoticias.com\/index.php?rest_route=%2Fwp%2Fv2%2Fcategories&post=54911"},{"taxonomy":"post_tag","embeddable":true,"href":"https:\/\/elcensornoticias.com\/index.php?rest_route=%2Fwp%2Fv2%2Ftags&post=54911"}],"curies":[{"name":"wp","href":"https:\/\/api.w.org\/{rel}","templated":true}]}}