{"id":54887,"date":"2025-10-24T02:07:43","date_gmt":"2025-10-24T02:07:43","guid":{"rendered":"http:\/\/elcensornoticias.com\/?p=54887"},"modified":"2025-10-24T02:07:46","modified_gmt":"2025-10-24T02:07:46","slug":"expo-hecho-en-tlaxcala-orgullo-e-identidad-2025","status":"publish","type":"post","link":"https:\/\/elcensornoticias.com\/?p=54887","title":{"rendered":"EXPO \u201cHECHO EN TLAXCALA, ORGULLO E IDENTIDAD 2025\u201d"},"content":{"rendered":"\n<p>VITRINA PARA EL TALENTO Y LA PRODUCCI\u00d3N LOCAL<\/p>\n\n\n\n<p>Durante el acto, se lanz\u00f3 la iniciativa \u201cViernes Muy Mexicano\u201d, impulsada por la Concanaco Servytur para fortalecer el consumo local, la econom\u00eda familiar y el orgullo por los productos nacionales_<\/p>\n\n\n\n<p>La gobernadora Lorena Cu\u00e9llar Cisneros encabez\u00f3 la inauguraci\u00f3n de la Expo \u201cHecho en Tlaxcala, Orgullo e Identidad 2025\u201d, un evento que reafirma el compromiso del Gobierno del Estado por impulsar a empresarios, artesanos y comerciantes locales mediante espacios de promoci\u00f3n, capacitaci\u00f3n y acompa\u00f1amiento institucional.<\/p>\n\n\n\n<p>\u201cQueremos que nuestras y nuestros empresarios tengan nuevas oportunidades, nuevos espacios de venta, y que el gobierno los acompa\u00f1e en cada paso. Detr\u00e1s de cada negocio, hay una familia que merece vivir mejor. Por eso buscamos que esta Expo sea un motor de crecimiento y orgullo para las familias emprendedoras de la entidad\u201d, subray\u00f3 la mandataria.<\/p>\n\n\n\n<p>Enmarcada en las actividades de \u201cTlaxcala, la Feria de Ferias 2025\u201d, la gobernadora defini\u00f3 esta exposici\u00f3n como una \u201cfiesta del orgullo tlaxcalteca\u201d, y anunci\u00f3 el lanzamiento de la iniciativa \u201cViernes Muy Mexicano\u201d, impulsada por la Confederaci\u00f3n de C\u00e1maras Nacionales de Comercio, Servicios y Turismo (Concanaco Servytur), que busca fortalecer la econom\u00eda local a trav\u00e9s del consumo de productos nacionales.<\/p>\n\n\n\n<p>Cu\u00e9llar Cisneros reconoci\u00f3 el trabajo de los artesanos y comerciantes tlaxcaltecas, y reiter\u00f3 que su administraci\u00f3n continuar\u00e1 brindando facilidades a este sector, desde apoyos econ\u00f3micos y capacitaci\u00f3n hasta espacios gratuitos de exhibici\u00f3n dentro de la feria.<\/p>\n\n\n\n<p>\u201cEn este gobierno hemos dado muchas facilidades a nuestros artesanos. Aqu\u00ed, en la feria, no pagan por participar, porque queremos que crezcan, que vendan m\u00e1s y que vivan mejor\u201d, afirm\u00f3.<\/p>\n\n\n\n<p>La gobernadora destac\u00f3 que la actual edici\u00f3n de la Expo cuenta con 80 stands, 12 nuevas inversiones y colaboraciones con instituciones como la Universidad Nacional Aut\u00f3noma de M\u00e9xico (UNAM), a trav\u00e9s del Museo Universum, que presenta la exposici\u00f3n \u201cDime tus gentes y te dir\u00e9 qui\u00e9n eres\u201d.<\/p>\n\n\n\n<p>\u201cEsta colaboraci\u00f3n demuestra que Tlaxcala est\u00e1 comprometida con la calidad, la creatividad y la innovaci\u00f3n. Hoy nuestros comerciantes inician un nuevo destino, una nueva plataforma para vender m\u00e1s y abrirse al mundo\u201d, enfatiz\u00f3.<\/p>\n\n\n\n<p>Durante su intervenci\u00f3n, el presidente de la Concanaco Servytur, Octavio de la Torre St\u00e9ffano, reconoci\u00f3 el impulso a la identidad tlaxcalteca y al consumo local que ha promovido la gobernadora Cu\u00e9llar Cisneros, al convertir a Tlaxcala en sede de esta estrategia econ\u00f3mica de alcance nacional.<\/p>\n\n\n\n<p>\u201cHoy, desde Tlaxcala, decimos con orgullo que cada viernes es un \u2018Viernes Muy Mexicano\u2019. Buscamos que cada familia elija lo nuestro, que cada compra se transforme en orgullo, y que el consumo local se convierta en una herramienta para construir bienestar\u201d, expres\u00f3.<\/p>\n\n\n\n<p>De la Torre detall\u00f3 que el programa es permanente y gratuito, con registro abierto para los comercios interesados en sumarse a esta red nacional de promoci\u00f3n del consumo interno. Cada \u00faltimo viernes de mes se realizar\u00e1n promociones especiales, experiencias locales y activaciones simult\u00e1neas en todo el pa\u00eds, con el prop\u00f3sito de impulsar la venta de productos y servicios nacionales.<\/p>\n\n\n\n<p>Actualmente, el programa cuenta con m\u00e1s de 24 mil 700 negocios registrados y m\u00e1s de 400 mil engomados distribuidos en todo M\u00e9xico. En Tlaxcala, los municipios de Apizaco, Chiautempan, Contla, Huamantla y Nativitas se han sumado con gran participaci\u00f3n.<\/p>\n\n\n\n<p>\u201cEl Viernes Muy Mexicano est\u00e1 alineado con el Plan M\u00e9xico, y busca fortalecer el mercado interno, impulsar la prosperidad compartida y reconocer a la empresa familiar como la columna vertebral de la econom\u00eda nacional\u201d, puntualiz\u00f3.<\/p>\n\n\n\n<p>Por su parte, el secretario de Desarrollo Econ\u00f3mico, Javier Marroqu\u00edn Calder\u00f3n, destac\u00f3 que la Expo Hecho en Tlaxcala es un espacio dise\u00f1ado especialmente para los productores locales, quienes participan con apoyo y subsidio del gobierno estatal en la instalaci\u00f3n de sus estands, lo que les permite visibilizar la calidad de sus productos y abrir oportunidades de comercializaci\u00f3n a nivel estatal, nacional e internacional.<\/p>\n\n\n\n<p>\u201cDesde el momento en que un emprendedor solicita apoyo hasta que logra exportar sus productos, el Gobierno de Tlaxcala lo acompa\u00f1a en todo el proceso. Queremos que las marcas tlaxcaltecas se conozcan dentro y fuera del pa\u00eds\u201d, asegur\u00f3.<\/p>\n\n\n\n<p>A la inauguraci\u00f3n asistieron Lucero Morales Tzompa, directora del Instituto Tlaxcalteca de la Juventud (ITJ); Sa\u00fal P\u00e9rez Bravo, director de la Casa de Artesan\u00edas de Tlaxcala (CAT), as\u00ed como productores locales, microempresarios y emprendedores locales.<\/p>\n","protected":false},"excerpt":{"rendered":"<p>VITRINA PARA EL TALENTO Y LA PRODUCCI\u00d3N LOCAL Durante el acto, se lanz\u00f3 la iniciativa \u201cViernes Muy Mexicano\u201d, impulsada por la Concanaco Servytur para fortalecer el consumo local, la econom\u00eda familiar y el orgullo por los productos nacionales_ La gobernadora Lorena Cu\u00e9llar Cisneros encabez\u00f3 la inauguraci\u00f3n de la Expo \u201cHecho en Tlaxcala, Orgullo e Identidad [&hellip;]<\/p>\n","protected":false},"author":1,"featured_media":54888,"comment_status":"open","ping_status":"open","sticky":false,"template":"","format":"standard","meta":{"advanced_seo_description":"","jetpack_seo_html_title":"","jetpack_seo_noindex":false,"footnotes":"","jetpack_publicize_message":"","jetpack_is_tweetstorm":false,"jetpack_publicize_feature_enabled":true,"jetpack_social_post_already_shared":true,"jetpack_social_options":{"image_generator_settings":{"template":"highway","enabled":false}}},"categories":[5,3],"tags":[],"class_list":["post-54887","post","type-post","status-publish","format-standard","has-post-thumbnail","hentry","category-carrucel","category-gobierno"],"jetpack_publicize_connections":[],"jetpack_featured_media_url":"https:\/\/elcensornoticias.com\/wp-content\/uploads\/2025\/10\/IMG-20251023-WA0067.jpg","jetpack_likes_enabled":true,"jetpack_sharing_enabled":true,"jetpack_shortlink":"https:\/\/wp.me\/p6xy50-ehh","_links":{"self":[{"href":"https:\/\/elcensornoticias.com\/index.php?rest_route=\/wp\/v2\/posts\/54887","targetHints":{"allow":["GET"]}}],"collection":[{"href":"https:\/\/elcensornoticias.com\/index.php?rest_route=\/wp\/v2\/posts"}],"about":[{"href":"https:\/\/elcensornoticias.com\/index.php?rest_route=\/wp\/v2\/types\/post"}],"author":[{"embeddable":true,"href":"https:\/\/elcensornoticias.com\/index.php?rest_route=\/wp\/v2\/users\/1"}],"replies":[{"embeddable":true,"href":"https:\/\/elcensornoticias.com\/index.php?rest_route=%2Fwp%2Fv2%2Fcomments&post=54887"}],"version-history":[{"count":1,"href":"https:\/\/elcensornoticias.com\/index.php?rest_route=\/wp\/v2\/posts\/54887\/revisions"}],"predecessor-version":[{"id":54889,"href":"https:\/\/elcensornoticias.com\/index.php?rest_route=\/wp\/v2\/posts\/54887\/revisions\/54889"}],"wp:featuredmedia":[{"embeddable":true,"href":"https:\/\/elcensornoticias.com\/index.php?rest_route=\/wp\/v2\/media\/54888"}],"wp:attachment":[{"href":"https:\/\/elcensornoticias.com\/index.php?rest_route=%2Fwp%2Fv2%2Fmedia&parent=54887"}],"wp:term":[{"taxonomy":"category","embeddable":true,"href":"https:\/\/elcensornoticias.com\/index.php?rest_route=%2Fwp%2Fv2%2Fcategories&post=54887"},{"taxonomy":"post_tag","embeddable":true,"href":"https:\/\/elcensornoticias.com\/index.php?rest_route=%2Fwp%2Fv2%2Ftags&post=54887"}],"curies":[{"name":"wp","href":"https:\/\/api.w.org\/{rel}","templated":true}]}}