{"id":54880,"date":"2025-10-24T01:08:07","date_gmt":"2025-10-24T01:08:07","guid":{"rendered":"http:\/\/elcensornoticias.com\/?p=54880"},"modified":"2025-10-24T01:08:10","modified_gmt":"2025-10-24T01:08:10","slug":"4-o-encuentro-nacional-normalista-ennor-2025-en-tlaxcala","status":"publish","type":"post","link":"https:\/\/elcensornoticias.com\/?p=54880","title":{"rendered":"4.\u00ba ENCUENTRO NACIONAL NORMALISTA ENNOR 2025, EN TLAXCALA"},"content":{"rendered":"\n<p>Re\u00fane a docentes, investigadores y estudiantes de 18 Escuelas Normales del pa\u00eds<\/p>\n\n\n\n<p>El secretario de Educaci\u00f3n P\u00fablica del Estado y director general de la Unidad de Servicios Educativos del Estado de Tlaxcala (SEPE-USET), Homero Meneses Hern\u00e1ndez, encabez\u00f3 la inauguraci\u00f3n del 4.\u00ba Encuentro Nacional Normalista (ENNOR 2025), espacio acad\u00e9mico organizado por la Escuela Normal Urbana \u201cLic. Emilio S\u00e1nchez Piedras\u201d, en coordinaci\u00f3n con el Cuerpo Acad\u00e9mico Procesos Educativos y Formaci\u00f3n Docente en las Escuelas Normales (PEyFODEN).<\/p>\n\n\n\n<p>Durante su mensaje, el titular del sector educativo destac\u00f3 que este encuentro no solo promueve el intercambio acad\u00e9mico, sino tambi\u00e9n la reflexi\u00f3n sobre la pr\u00e1ctica docente y la investigaci\u00f3n educativa como ejes de transformaci\u00f3n profesional.<\/p>\n\n\n\n<p>\u201cQue cada experiencia aqu\u00ed vivida le recuerde que ense\u00f1ar es un acto de amor, pero tambi\u00e9n de resistencia frente a la indiferencia, la violencia y el olvido. Porque en cada aula donde un docente ense\u00f1a con respeto, en cada escuela donde uno estudiante se siente seguro, en cada familia que conversa con sus hijos e hijas, estamos haciendo una nueva sociedad basada en la confianza, la justicia y la paz\u201d, expres\u00f3.<\/p>\n\n\n\n<p>El objetivo del ENNOR 2025 es fortalecer la identidad y la formaci\u00f3n docente de las Escuelas Normales del pa\u00eds mediante el intercambio de experiencias, la reflexi\u00f3n acad\u00e9mica y la divulgaci\u00f3n de resultados de investigaci\u00f3n educativa, adem\u00e1s de promover la colaboraci\u00f3n interinstitucional y el desarrollo de proyectos conjuntos que contribuyan a la mejora continua del normalismo mexicano.<\/p>\n\n\n\n<p>El evento tiene como sede el Teatro Universitario de la Universidad Aut\u00f3noma de Tlaxcala (UAT) y re\u00fane a docentes, investigadores y estudiantes de 18 Escuelas Normales del pa\u00eds, quienes participan con 103 ponencias dictaminadas, adem\u00e1s de conferencias magistrales, presentaciones de libros, talleres y webinars.<\/p>\n","protected":false},"excerpt":{"rendered":"<p>Re\u00fane a docentes, investigadores y estudiantes de 18 Escuelas Normales del pa\u00eds El secretario de Educaci\u00f3n P\u00fablica del Estado y director general de la Unidad de Servicios Educativos del Estado de Tlaxcala (SEPE-USET), Homero Meneses Hern\u00e1ndez, encabez\u00f3 la inauguraci\u00f3n del 4.\u00ba Encuentro Nacional Normalista (ENNOR 2025), espacio acad\u00e9mico organizado por la Escuela Normal Urbana \u201cLic. [&hellip;]<\/p>\n","protected":false},"author":1,"featured_media":54881,"comment_status":"open","ping_status":"open","sticky":false,"template":"","format":"standard","meta":{"advanced_seo_description":"","jetpack_seo_html_title":"","jetpack_seo_noindex":false,"footnotes":"","jetpack_publicize_message":"","jetpack_is_tweetstorm":false,"jetpack_publicize_feature_enabled":true,"jetpack_social_post_already_shared":true,"jetpack_social_options":{"image_generator_settings":{"template":"highway","enabled":false}}},"categories":[5,28],"tags":[],"class_list":["post-54880","post","type-post","status-publish","format-standard","has-post-thumbnail","hentry","category-carrucel","category-educacion"],"jetpack_publicize_connections":[],"jetpack_featured_media_url":"https:\/\/elcensornoticias.com\/wp-content\/uploads\/2025\/10\/IMG-20251023-WA0063-scaled.jpg","jetpack_likes_enabled":true,"jetpack_sharing_enabled":true,"jetpack_shortlink":"https:\/\/wp.me\/p6xy50-eha","_links":{"self":[{"href":"https:\/\/elcensornoticias.com\/index.php?rest_route=\/wp\/v2\/posts\/54880","targetHints":{"allow":["GET"]}}],"collection":[{"href":"https:\/\/elcensornoticias.com\/index.php?rest_route=\/wp\/v2\/posts"}],"about":[{"href":"https:\/\/elcensornoticias.com\/index.php?rest_route=\/wp\/v2\/types\/post"}],"author":[{"embeddable":true,"href":"https:\/\/elcensornoticias.com\/index.php?rest_route=\/wp\/v2\/users\/1"}],"replies":[{"embeddable":true,"href":"https:\/\/elcensornoticias.com\/index.php?rest_route=%2Fwp%2Fv2%2Fcomments&post=54880"}],"version-history":[{"count":1,"href":"https:\/\/elcensornoticias.com\/index.php?rest_route=\/wp\/v2\/posts\/54880\/revisions"}],"predecessor-version":[{"id":54882,"href":"https:\/\/elcensornoticias.com\/index.php?rest_route=\/wp\/v2\/posts\/54880\/revisions\/54882"}],"wp:featuredmedia":[{"embeddable":true,"href":"https:\/\/elcensornoticias.com\/index.php?rest_route=\/wp\/v2\/media\/54881"}],"wp:attachment":[{"href":"https:\/\/elcensornoticias.com\/index.php?rest_route=%2Fwp%2Fv2%2Fmedia&parent=54880"}],"wp:term":[{"taxonomy":"category","embeddable":true,"href":"https:\/\/elcensornoticias.com\/index.php?rest_route=%2Fwp%2Fv2%2Fcategories&post=54880"},{"taxonomy":"post_tag","embeddable":true,"href":"https:\/\/elcensornoticias.com\/index.php?rest_route=%2Fwp%2Fv2%2Ftags&post=54880"}],"curies":[{"name":"wp","href":"https:\/\/api.w.org\/{rel}","templated":true}]}}