{"id":54868,"date":"2025-10-24T00:54:32","date_gmt":"2025-10-24T00:54:32","guid":{"rendered":"http:\/\/elcensornoticias.com\/?p=54868"},"modified":"2025-10-24T00:54:39","modified_gmt":"2025-10-24T00:54:39","slug":"planta-de-tratamiento-de-aguas-residuales-en-ciudad-de-la-salud","status":"publish","type":"post","link":"https:\/\/elcensornoticias.com\/?p=54868","title":{"rendered":"PLANTA DE TRATAMIENTO DE AGUAS RESIDUALES EN CIUDAD DE LA SALUD"},"content":{"rendered":"\n<p>\u00abEs incre\u00edble que durante a\u00f1os no se haya atendido esta necesidad. Hoy estamos resolviendo este problema, y lo estamos haciendo ya\u201d, afirm\u00f3 la gobernadora Lorena Cu\u00e9llar; su labor a favor de la salud y el medio ambiente fue reconocida por la Conagua.<\/p>\n\n\n\n<p>La gobernadora Lorena Cu\u00e9llar Cisneros encabez\u00f3 la entrega de la Planta de Tratamiento de Aguas Residuales (PTAR) y la ampliaci\u00f3n del sistema de alcantarillado sanitario en la zona de hospitales, obra que represent\u00f3 una inversi\u00f3n de 31 millones 316 mil pesos.&nbsp;<\/p>\n\n\n\n<p>Esta infraestructura beneficiar\u00e1 directamente al Hospital Infantil, al Hospital de la Mujer, al Hospital General de Tlaxcala, al Complejo de Atenci\u00f3n Especializada en Salud y Bienestar, a la Unidad de Hemodinamia y a la Casa Hospitales del Sistema Estatal para el Desarrollo Integral de la Familia (SEDIF).<\/p>\n\n\n\n<p>Durante su mensaje, la mandataria estatal record\u00f3 que la zona carec\u00eda de este servicio b\u00e1sico, por lo que atender esta necesidad fue una prioridad para su administraci\u00f3n. Subray\u00f3 que la inversi\u00f3n se logr\u00f3 con esfuerzo, a trav\u00e9s del manejo cuidadoso de los recursos p\u00fablicos.<\/p>\n\n\n\n<p>\u201cEs una inversi\u00f3n que no se ve, porque est\u00e1 enterrada, que nadie nota, y que muchos podr\u00edan cuestionar: \u00bfPara qu\u00e9 poner drenaje? Pero imag\u00ednense, si en una casa es fundamental contar con drenaje, en una zona hospitalaria es a\u00fan m\u00e1s indispensable. Es incre\u00edble que durante a\u00f1os no se haya atendido esta necesidad. Hoy estamos resolviendo este problema, y lo estamos haciendo ya\u201d, afirm\u00f3.<\/p>\n\n\n\n<p>Cu\u00e9llar Cisneros tambi\u00e9n anunci\u00f3 que el pr\u00f3ximo a\u00f1o su gobierno trabajar\u00e1 en la ampliaci\u00f3n del Hospital de Hemodi\u00e1lisis. \u201cComo ustedes saben, hay muchos enfermos renales en el estado, y no queremos seguir construyendo m\u00e1s hospitales. Lo que queremos es que eso ya no suceda, cambiar el destino de Tlaxcala. Y la \u00fanica manera de lograrlo es empezar a sanear el r\u00edo, y que todos participemos\u201d, subray\u00f3.<\/p>\n\n\n\n<p>El secretario de Infraestructura, Eduardo Rub\u00e9n Hern\u00e1ndez Tapia, inform\u00f3 que la construcci\u00f3n de la PTAR implic\u00f3 una inversi\u00f3n de 31 millones 316 mil pesos, que beneficiar\u00e1 a las instituciones de la zona de hospitales y operar\u00e1 mediante un sistema biol\u00f3gico a base de lodos, con una capacidad de m\u00e1s de 400 mil litros por d\u00eda.&nbsp;<\/p>\n\n\n\n<p>\u201cSu proceso de saneamiento cuenta con una emisi\u00f3n de descargas, un tanque de aireaci\u00f3n y cloraci\u00f3n, adem\u00e1s de mil 400 metros lineales de un nuevo colector de 12 pulgadas, asegurando su eficiencia y sostenibilidad a largo plazo. Cada componente de esta obra ha sido pensado con visi\u00f3n integral para que no se trate \u00fanicamente de infraestructura, sino de un compromiso con la salud p\u00fablica\u201d, expuso.<\/p>\n\n\n\n<p>El comisionado estatal del Agua y Saneamiento, Javier Israel Tob\u00f3n Solano, se\u00f1al\u00f3 que la nueva PTAR es la n\u00famero 15 que operar\u00e1 el Gobierno del Estado, a trav\u00e9s de la CEAS, y que brindar\u00e1 servicio tanto a los hospitales de la zona como a los que se construyan en el futuro: \u201cActualmente, estamos tratando el 65 por ciento del agua recolectada en el estado, y vamos por m\u00e1s\u201d.&nbsp;<\/p>\n\n\n\n<p>\u201cTambi\u00e9n quiero informar que, dentro del compromiso presidencial n\u00famero 92, estamos elaborando una propuesta en el proyecto de presupuesto por mil 500 millones de pesos para el a\u00f1o 2026. Este a\u00f1o se est\u00e1n invirtiendo 300 millones de pesos en el tramo 1, m\u00e1s 200 millones que aporta el Gobierno del Estado para la planta de Tlatempan, en este mismo municipio. Gobernadora, quiero decirle que el proyecto avanza y que seguimos realizando obras de saneamiento\u201d, puntualiz\u00f3.<\/p>\n\n\n\n<p>Por su parte, el director local de la Conagua en Tlaxcala, Pedro Misael Albornoz G\u00f3ngora, reconoci\u00f3 el esfuerzo del Gobierno del Estado para la construcci\u00f3n de la PTAR. Record\u00f3 que en Tlaxcala existen m\u00e1s de 100 plantas de tratamiento, de las cuales el 65 por ciento son operadas por el gobierno estatal: \u201cY eso nos da una fe y garant\u00eda, pero tenemos que ir m\u00e1s all\u00e1 para que las comunidades y los municipios puedan operarlas\u201d.&nbsp;<\/p>\n\n\n\n<p>\u201cGobernadora le quiero agradecer ese impulso que tenemos, porque invertir y trabajar por la salud, y por el medio ambiente, lo hace de una manera que sea gratificante para todos nosotros. Hoy, estamos sentados aqu\u00ed, creo que nadie se est\u00e1 quejando del aroma o del olor, esto es impresionante\u201d, expres\u00f3.&nbsp;<\/p>\n\n\n\n<p>Como parte del evento, las autoridades develaron una placa y cortaron el list\u00f3n inaugural de la obra. Asistieron la presidenta honor\u00edfica del Comit\u00e9 Consultivo de Bienestar, Fernanda Espinosa de los Monteros Cu\u00e9llar; el secretario de Salud, Rigoberto Zamudio Meneses; el presidente municipal de Apetatitl\u00e1n, Aza\u00edn \u00c1valos Marb\u00e1n; la vicepresidenta de la Mesa Directiva del Congreso local, Aurora Villeda Temoltzin, y la magistrada Marisol Barba P\u00e9rez, entre otras autoridades.<\/p>\n","protected":false},"excerpt":{"rendered":"<p>\u00abEs incre\u00edble que durante a\u00f1os no se haya atendido esta necesidad. Hoy estamos resolviendo este problema, y lo estamos haciendo ya\u201d, afirm\u00f3 la gobernadora Lorena Cu\u00e9llar; su labor a favor de la salud y el medio ambiente fue reconocida por la Conagua. La gobernadora Lorena Cu\u00e9llar Cisneros encabez\u00f3 la entrega de la Planta de Tratamiento [&hellip;]<\/p>\n","protected":false},"author":1,"featured_media":54869,"comment_status":"open","ping_status":"open","sticky":false,"template":"","format":"standard","meta":{"advanced_seo_description":"","jetpack_seo_html_title":"","jetpack_seo_noindex":false,"footnotes":"","jetpack_publicize_message":"","jetpack_is_tweetstorm":false,"jetpack_publicize_feature_enabled":true,"jetpack_social_post_already_shared":true,"jetpack_social_options":{"image_generator_settings":{"template":"highway","enabled":false}}},"categories":[5,3],"tags":[],"class_list":["post-54868","post","type-post","status-publish","format-standard","has-post-thumbnail","hentry","category-carrucel","category-gobierno"],"jetpack_publicize_connections":[],"jetpack_featured_media_url":"https:\/\/elcensornoticias.com\/wp-content\/uploads\/2025\/10\/IMG-20251023-WA0032.jpg","jetpack_likes_enabled":true,"jetpack_sharing_enabled":true,"jetpack_shortlink":"https:\/\/wp.me\/p6xy50-egY","_links":{"self":[{"href":"https:\/\/elcensornoticias.com\/index.php?rest_route=\/wp\/v2\/posts\/54868","targetHints":{"allow":["GET"]}}],"collection":[{"href":"https:\/\/elcensornoticias.com\/index.php?rest_route=\/wp\/v2\/posts"}],"about":[{"href":"https:\/\/elcensornoticias.com\/index.php?rest_route=\/wp\/v2\/types\/post"}],"author":[{"embeddable":true,"href":"https:\/\/elcensornoticias.com\/index.php?rest_route=\/wp\/v2\/users\/1"}],"replies":[{"embeddable":true,"href":"https:\/\/elcensornoticias.com\/index.php?rest_route=%2Fwp%2Fv2%2Fcomments&post=54868"}],"version-history":[{"count":1,"href":"https:\/\/elcensornoticias.com\/index.php?rest_route=\/wp\/v2\/posts\/54868\/revisions"}],"predecessor-version":[{"id":54870,"href":"https:\/\/elcensornoticias.com\/index.php?rest_route=\/wp\/v2\/posts\/54868\/revisions\/54870"}],"wp:featuredmedia":[{"embeddable":true,"href":"https:\/\/elcensornoticias.com\/index.php?rest_route=\/wp\/v2\/media\/54869"}],"wp:attachment":[{"href":"https:\/\/elcensornoticias.com\/index.php?rest_route=%2Fwp%2Fv2%2Fmedia&parent=54868"}],"wp:term":[{"taxonomy":"category","embeddable":true,"href":"https:\/\/elcensornoticias.com\/index.php?rest_route=%2Fwp%2Fv2%2Fcategories&post=54868"},{"taxonomy":"post_tag","embeddable":true,"href":"https:\/\/elcensornoticias.com\/index.php?rest_route=%2Fwp%2Fv2%2Ftags&post=54868"}],"curies":[{"name":"wp","href":"https:\/\/api.w.org\/{rel}","templated":true}]}}