{"id":54859,"date":"2025-10-24T00:46:17","date_gmt":"2025-10-24T00:46:17","guid":{"rendered":"http:\/\/elcensornoticias.com\/?p=54859"},"modified":"2025-10-24T00:46:32","modified_gmt":"2025-10-24T00:46:32","slug":"comunidad-de-ciencias-de-la-salud-uatx-celebra-el-dia-de-medico","status":"publish","type":"post","link":"https:\/\/elcensornoticias.com\/?p=54859","title":{"rendered":"Comunidad de Ciencias de la Salud UATx celebra el D\u00eda de M\u00e9dico"},"content":{"rendered":"\n<p>Particip\u00f3 como invitado ponente el Doctor Jos\u00e9 Moya Medina, Representante de la OPS en M\u00e9xico.<\/p>\n\n\n\n<p>En el marco del&nbsp;\ud835\udc03\ud835\udc22\u0301\ud835\udc1a&nbsp;\ud835\udc1d\ud835\udc1e\ud835\udc25&nbsp;\ud835\udc0c\ud835\udc1e\u0301\ud835\udc1d\ud835\udc22\ud835\udc1c\ud835\udc28, la comunidad de la Universidad Aut\u00f3noma de Tlaxcala (UATx) &nbsp;rinde un sentido homenaje al esfuerzo humano que representa el ejercicio de la medicina, esta conmemoraci\u00f3n nos invita a reconocer con profunda gratitud la entrega, el sacrificio y la labor incansable de quienes, d\u00eda tras d\u00eda, ponen su conocimiento, sensibilidad y vocaci\u00f3n al servicio de la vida, expres\u00f3 el Doctor Jos\u00e9 Reyes Luna Ru\u00edz, Coordinador de la Divisi\u00f3n de Ciencias Biol\u00f3gicas, al inaugurar la&nbsp;\ud835\udc09\ud835\udc28\ud835\udc2b\ud835\udc27\ud835\udc1a\ud835\udc1d\ud835\udc1a&nbsp;\ud835\udc00\ud835\udc1c\ud835\udc1a\ud835\udc1d\ud835\udc1e\u0301\ud835\udc26\ud835\udc22\ud835\udc1c\ud835\udc1a&nbsp;con motivo de esta celebraci\u00f3n.<\/p>\n\n\n\n<p>Reunidos en el Centro Cultural Universitario (CCU), estudiantes de la Licenciatura en M\u00e9dico Cirujano de la Facultad de Ciencias de la Salud UATx portaron con orgullo la bata blanca que simboliza su compromiso con la salud y la justicia social, y recibieron una felicitaci\u00f3n en la que la Universidad expresa su gratitud a quienes, con vocaci\u00f3n, responsabilidad e integridad, contribuyen al bienestar y al fortalecimiento de la sociedad.<\/p>\n\n\n\n<p>El Doctor Luna Ruiz agreg\u00f3 que esta Jornada representa un espacio de crecimiento, intercambio de conocimientos y de actualizaci\u00f3n cient\u00edfica, una oportunidad para reconocer que la medicina no es una ciencia est\u00e1tica sino un compromiso constante con el aprendizaje, la \u00e9tica y el servicio.<\/p>\n\n\n\n<p>Por su parte, el Doctor Jos\u00e9 Francisco Mauricio Garc\u00eda, Director de la Facultad, reflexion\u00f3 con los estudiantes de c\u00f3mo las caracter\u00edsticas del&nbsp;<em>homo universitatis<\/em>&nbsp;se vinculan al ejercicio profesional de la medicina, en el que se deben manejar como seres anal\u00edticos, comprensivos, predictivos, innovadores, propositivos, coexistentes, democr\u00e1ticos solidarios, inclusivos y universales, y estas cualidades deben estar presentes al atender los malestares que aquejan a los pacientes.<\/p>\n\n\n\n<p>Como parte de esta celebraci\u00f3n, se ofreci\u00f3 la conferencia magistral&nbsp;\ud835\udc0f\ud835\udc2b\ud835\udc22\ud835\udc28\ud835\udc2b\ud835\udc22\ud835\udc1d\ud835\udc1a\ud835\udc1d\ud835\udc1e\ud835\udc2c&nbsp;\ud835\udc1d\ud835\udc1e&nbsp;\ud835\udc1c\ud835\udc28\ud835\udc28\ud835\udc29\ud835\udc1e\ud835\udc2b\ud835\udc1a\ud835\udc1c\ud835\udc22\ud835\udc28\u0301\ud835\udc27&nbsp;\ud835\udc1d\ud835\udc1e&nbsp;\ud835\udc25\ud835\udc1a&nbsp;\ud835\udc0e\ud835\udc0f\ud835\udc12&nbsp;\ud835\udc1e\ud835\udc27&nbsp;\ud835\udc1e\ud835\udc25&nbsp;\ud835\udc22\ud835\udc26\ud835\udc29\ud835\udc1a\ud835\udc1c\ud835\udc2d\ud835\udc28&nbsp;\ud835\udc1d\ud835\udc1e&nbsp;\ud835\udc25\ud835\udc1a\ud835\udc2c&nbsp;\ud835\udc04\ud835\udc27\ud835\udc1f\ud835\udc1e\ud835\udc2b\ud835\udc26\ud835\udc1e\ud835\udc1d\ud835\udc1a\ud835\udc1d\ud835\udc1e\ud835\udc2c&nbsp;\ud835\udc0d\ud835\udc28&nbsp;\ud835\udc13\ud835\udc2b\ud835\udc1a\ud835\udc27\ud835\udc2c\ud835\udc26\ud835\udc22\ud835\udc2c\ud835\udc22\ud835\udc1b\ud835\udc25\ud835\udc1e\ud835\udc2c, que imparti\u00f3&nbsp;<a>el Doctor Jos\u00e9 Moya Medina, Representante de la Organizaci\u00f3n Panamericana de la Salud (OPS) en M\u00e9xico.<\/a><\/p>\n\n\n\n<p>Previa a su intervenci\u00f3n, el Doctor Jos\u00e9 Moya fue recibido por el Doctor Seraf\u00edn Ortiz Ortiz, Rector de la UATx, quien expres\u00f3 su inter\u00e9s por seguir fortaleciendo los v\u00ednculos con organismos internacionales en beneficio de la comunidad universitaria y de la poblaci\u00f3n tlaxcalteca.<\/p>\n","protected":false},"excerpt":{"rendered":"<p>Particip\u00f3 como invitado ponente el Doctor Jos\u00e9 Moya Medina, Representante de la OPS en M\u00e9xico. En el marco del&nbsp;\ud835\udc03\ud835\udc22\u0301\ud835\udc1a&nbsp;\ud835\udc1d\ud835\udc1e\ud835\udc25&nbsp;\ud835\udc0c\ud835\udc1e\u0301\ud835\udc1d\ud835\udc22\ud835\udc1c\ud835\udc28, la comunidad de la Universidad Aut\u00f3noma de Tlaxcala (UATx) &nbsp;rinde un sentido homenaje al esfuerzo humano que representa el ejercicio de la medicina, esta conmemoraci\u00f3n nos invita a reconocer con profunda gratitud la entrega, el sacrificio [&hellip;]<\/p>\n","protected":false},"author":1,"featured_media":54860,"comment_status":"open","ping_status":"open","sticky":false,"template":"","format":"standard","meta":{"advanced_seo_description":"","jetpack_seo_html_title":"","jetpack_seo_noindex":false,"footnotes":"","jetpack_publicize_message":"","jetpack_is_tweetstorm":false,"jetpack_publicize_feature_enabled":true,"jetpack_social_post_already_shared":true,"jetpack_social_options":{"image_generator_settings":{"template":"highway","enabled":false}}},"categories":[2,28],"tags":[],"class_list":["post-54859","post","type-post","status-publish","format-standard","has-post-thumbnail","hentry","category-destacadas","category-educacion"],"jetpack_publicize_connections":[],"jetpack_featured_media_url":"https:\/\/elcensornoticias.com\/wp-content\/uploads\/2025\/10\/23-Comunidad-de-Ciencias-de-la-Salud-UATx-celebra-el-Dia-de-Medico-2-scaled.jpg","jetpack_likes_enabled":true,"jetpack_sharing_enabled":true,"jetpack_shortlink":"https:\/\/wp.me\/p6xy50-egP","_links":{"self":[{"href":"https:\/\/elcensornoticias.com\/index.php?rest_route=\/wp\/v2\/posts\/54859","targetHints":{"allow":["GET"]}}],"collection":[{"href":"https:\/\/elcensornoticias.com\/index.php?rest_route=\/wp\/v2\/posts"}],"about":[{"href":"https:\/\/elcensornoticias.com\/index.php?rest_route=\/wp\/v2\/types\/post"}],"author":[{"embeddable":true,"href":"https:\/\/elcensornoticias.com\/index.php?rest_route=\/wp\/v2\/users\/1"}],"replies":[{"embeddable":true,"href":"https:\/\/elcensornoticias.com\/index.php?rest_route=%2Fwp%2Fv2%2Fcomments&post=54859"}],"version-history":[{"count":1,"href":"https:\/\/elcensornoticias.com\/index.php?rest_route=\/wp\/v2\/posts\/54859\/revisions"}],"predecessor-version":[{"id":54861,"href":"https:\/\/elcensornoticias.com\/index.php?rest_route=\/wp\/v2\/posts\/54859\/revisions\/54861"}],"wp:featuredmedia":[{"embeddable":true,"href":"https:\/\/elcensornoticias.com\/index.php?rest_route=\/wp\/v2\/media\/54860"}],"wp:attachment":[{"href":"https:\/\/elcensornoticias.com\/index.php?rest_route=%2Fwp%2Fv2%2Fmedia&parent=54859"}],"wp:term":[{"taxonomy":"category","embeddable":true,"href":"https:\/\/elcensornoticias.com\/index.php?rest_route=%2Fwp%2Fv2%2Fcategories&post=54859"},{"taxonomy":"post_tag","embeddable":true,"href":"https:\/\/elcensornoticias.com\/index.php?rest_route=%2Fwp%2Fv2%2Ftags&post=54859"}],"curies":[{"name":"wp","href":"https:\/\/api.w.org\/{rel}","templated":true}]}}