{"id":54631,"date":"2025-10-10T22:36:21","date_gmt":"2025-10-10T22:36:21","guid":{"rendered":"http:\/\/elcensornoticias.com\/?p=54631"},"modified":"2025-10-10T22:36:31","modified_gmt":"2025-10-10T22:36:31","slug":"homenaje-al-escritor-miguel-n-lira-en-el-120-aniversario-de-su-natalicio","status":"publish","type":"post","link":"https:\/\/elcensornoticias.com\/?p=54631","title":{"rendered":"HOMENAJE AL ESCRITOR MIGUEL N. LIRA EN EL 120 ANIVERSARIO DE SU NATALICIO"},"content":{"rendered":"\n<p>En el marco de la conmemoraci\u00f3n de los 500 a\u00f1os de la Fundaci\u00f3n de la Ciudad de Tlaxcala, el pr\u00f3ximo 14 de octubre se realizar\u00e1 una jornada cultural, en reconocimiento a uno de los m\u00e1s grandes exponentes de la literatura tlaxcalteca.<\/p>\n\n\n\n<p>En el marco de la conmemoraci\u00f3n de los 500 a\u00f1os de la Fundaci\u00f3n de la Ciudad de Tlaxcala, y con motivo del 120 aniversario del natalicio del escritor Miguel N. Lira, el Gobierno del Estado llevar\u00e1 a cabo una jornada cultural conmemorativa el pr\u00f3ximo 14 de octubre de 2025, con actividades abiertas al p\u00fablico que buscan rendir homenaje a su legado literario y promover la lectura entre nuevas generaciones.<\/p>\n\n\n\n<p>El programa, organizado en coordinaci\u00f3n con el Museo \u201cMiguel N. Lira\u201d, la Coordinaci\u00f3n Estatal de Bibliotecas P\u00fablicas y el Instituto Nacional de Bellas Artes y Literatura (INBAL), contempla una serie de eventos art\u00edsticos, c\u00edvicos y acad\u00e9micos en distintos espacios culturales de la capital.<\/p>\n\n\n\n<p>Las actividades iniciar\u00e1n a las 09:30 horas con un Homenaje C\u00edvico y el cuento musicalizado \u201cLa Mu\u00f1eca Pastillita\u201d, a cargo de la Coordinaci\u00f3n Estatal de Bibliotecas P\u00fablicas, en el Jard\u00edn Bot\u00e1nico de Tizatl\u00e1n.<\/p>\n\n\n\n<p>Posteriormente, a las 10:30 horas, se llevar\u00e1 a cabo en el Auditorio del Museo \u201cMiguel N. Lira\u201d la lectura en voz alta de \u201cTerritorio Lector: Homenaje a Don Miguel N. Lira\u201d, actividad coordinada por el INBAL como parte de su programa nacional de fomento a la lectura.<\/p>\n\n\n\n<p>A las 12:00 horas, el Teatro Xicoht\u00e9ncatl abrir\u00e1 sus puertas para la conferencia \u201cInicios de un poeta: A 100 a\u00f1os de T\u00fa\u201d, impartida por el investigador Donovan Herrera, quien abordar\u00e1 la trayectoria del autor y su contribuci\u00f3n a la literatura mexicana del siglo XX.<\/p>\n\n\n\n<p>Finalmente, a las 14:00 horas, el Museo Miguel N. Lira ser\u00e1 sede de un conversatorio y encuentro literario para cerrar la jornada con un espacio de reflexi\u00f3n sobre la obra, pensamiento y vigencia del escritor tlaxcalteca.<\/p>\n\n\n\n<p>Todas las actividades ser\u00e1n de acceso libre, en el marco de las celebraciones de los 500 a\u00f1os de Tlaxcala, reafirmando el compromiso del gobierno estatal con la promoci\u00f3n del arte, la historia y la identidad cultural.<\/p>\n\n\n\n<p>Miguel N. Lira (1905\u20131961) fue poeta, dramaturgo, narrador y promotor cultural. Su obra, profundamente arraigada en el esp\u00edritu tlaxcalteca, es considerada un referente de la literatura mexicana por su sensibilidad social y su amor por la tierra natal.<\/p>\n","protected":false},"excerpt":{"rendered":"<p>En el marco de la conmemoraci\u00f3n de los 500 a\u00f1os de la Fundaci\u00f3n de la Ciudad de Tlaxcala, el pr\u00f3ximo 14 de octubre se realizar\u00e1 una jornada cultural, en reconocimiento a uno de los m\u00e1s grandes exponentes de la literatura tlaxcalteca. En el marco de la conmemoraci\u00f3n de los 500 a\u00f1os de la Fundaci\u00f3n de [&hellip;]<\/p>\n","protected":false},"author":1,"featured_media":54632,"comment_status":"open","ping_status":"open","sticky":false,"template":"","format":"standard","meta":{"advanced_seo_description":"","jetpack_seo_html_title":"","jetpack_seo_noindex":false,"footnotes":"","jetpack_publicize_message":"","jetpack_is_tweetstorm":false,"jetpack_publicize_feature_enabled":true,"jetpack_social_post_already_shared":true,"jetpack_social_options":{"image_generator_settings":{"template":"highway","enabled":false}}},"categories":[5,3],"tags":[],"class_list":["post-54631","post","type-post","status-publish","format-standard","has-post-thumbnail","hentry","category-carrucel","category-gobierno"],"jetpack_publicize_connections":[],"jetpack_featured_media_url":"https:\/\/elcensornoticias.com\/wp-content\/uploads\/2025\/10\/IMG-20251010-WA0026-rotated.jpg","jetpack_likes_enabled":true,"jetpack_sharing_enabled":true,"jetpack_shortlink":"https:\/\/wp.me\/p6xy50-ed9","_links":{"self":[{"href":"https:\/\/elcensornoticias.com\/index.php?rest_route=\/wp\/v2\/posts\/54631","targetHints":{"allow":["GET"]}}],"collection":[{"href":"https:\/\/elcensornoticias.com\/index.php?rest_route=\/wp\/v2\/posts"}],"about":[{"href":"https:\/\/elcensornoticias.com\/index.php?rest_route=\/wp\/v2\/types\/post"}],"author":[{"embeddable":true,"href":"https:\/\/elcensornoticias.com\/index.php?rest_route=\/wp\/v2\/users\/1"}],"replies":[{"embeddable":true,"href":"https:\/\/elcensornoticias.com\/index.php?rest_route=%2Fwp%2Fv2%2Fcomments&post=54631"}],"version-history":[{"count":1,"href":"https:\/\/elcensornoticias.com\/index.php?rest_route=\/wp\/v2\/posts\/54631\/revisions"}],"predecessor-version":[{"id":54633,"href":"https:\/\/elcensornoticias.com\/index.php?rest_route=\/wp\/v2\/posts\/54631\/revisions\/54633"}],"wp:featuredmedia":[{"embeddable":true,"href":"https:\/\/elcensornoticias.com\/index.php?rest_route=\/wp\/v2\/media\/54632"}],"wp:attachment":[{"href":"https:\/\/elcensornoticias.com\/index.php?rest_route=%2Fwp%2Fv2%2Fmedia&parent=54631"}],"wp:term":[{"taxonomy":"category","embeddable":true,"href":"https:\/\/elcensornoticias.com\/index.php?rest_route=%2Fwp%2Fv2%2Fcategories&post=54631"},{"taxonomy":"post_tag","embeddable":true,"href":"https:\/\/elcensornoticias.com\/index.php?rest_route=%2Fwp%2Fv2%2Ftags&post=54631"}],"curies":[{"name":"wp","href":"https:\/\/api.w.org\/{rel}","templated":true}]}}