{"id":54624,"date":"2025-10-10T22:32:29","date_gmt":"2025-10-10T22:32:29","guid":{"rendered":"http:\/\/elcensornoticias.com\/?p=54624"},"modified":"2025-10-10T22:32:39","modified_gmt":"2025-10-10T22:32:39","slug":"mestizaje-y-resistencia-la-historia-del-espanol-que-eligio-ser-maya","status":"publish","type":"post","link":"https:\/\/elcensornoticias.com\/?p=54624","title":{"rendered":"MESTIZAJE Y RESISTENCIA, LA HISTORIA DEL ESPA\u00d1OL QUE ELIGI\u00d3 SER MAYA"},"content":{"rendered":"\n<ul class=\"wp-block-list\">\n<li><strong>El documental se transmitir\u00e1 por Canal Veintid\u00f3s, Canal Once, Canal 14, Capital 21 INAH TV, Migrante TV y Plural TV<\/strong><\/li>\n\n\n\n<li><strong>Mediante animaci\u00f3n e investigaci\u00f3n hist\u00f3rica, se narra la vida del n\u00e1ufrago espa\u00f1ol que se convirti\u00f3 en jefe militar maya<\/strong><\/li>\n<\/ul>\n\n\n\n<p>Ciudad de M\u00e9xico, a 10 de octubre de 2025. Dentro de las historias de mestizaje iniciadas en el siglo XVI, a partir de la invasi\u00f3n hisp\u00e1nica al continente americano, la de Gonzalo Guerrero destaca por su excepcionalidad. Basta decir que su uni\u00f3n con una ind\u00edgena de nombre Za&#8217;asil H\u00e1 -de acuerdo con el consenso acad\u00e9mico- no fue producto de la conveniencia pol\u00edtica o la estrategia militar, ni mucho menos del abuso f\u00edsico.<\/p>\n\n\n\n<p>Promocional&nbsp;<strong><em><u><a rel=\"noreferrer noopener\" target=\"_blank\" href=\"https:\/\/youtu.be\/2KiQQ0ovJLk\">Gonzalo Guerrero. Mestizaje y resistencia<\/a><\/u><\/em><\/strong><\/p>\n\n\n\n<p>Para difundir la vida y la obra de aquel n\u00e1ufrago que tatu\u00f3 su cuerpo, alarg\u00f3 su cabellera y perfor\u00f3 sus orejas para asumir las expresiones corporales de la cultura maya, y que rechaz\u00f3 varias veces, ya fuera con palabras o con armas, unirse a las campa\u00f1as ib\u00e9ricas de conquista, este&nbsp;domingo 12 de octubre,&nbsp;D\u00eda de la Naci\u00f3n Pluricultural, se estrenar\u00e1 en televisi\u00f3n p\u00fablica el documental&nbsp;<strong><em>Gonzalo Guerrero. Mestizaje y resistencia<\/em><\/strong>.<\/p>\n\n\n\n<p>Producido por el&nbsp;Instituto Nacional de Antropolog\u00eda e Historia (INAH), con apoyo de la&nbsp;Unidad de Culturas Vivas,&nbsp;Patrimonio Inmaterial e Interculturalidad de la Secretar\u00eda de Cultura del Gobierno de M\u00e9xico, el audiovisual busca acercar al llamado \u2018padre del mestizaje\u2019 a nuevas generaciones.<\/p>\n\n\n\n<p>\u201cSe trata de un personaje \u00fanico, en torno al cual se ha construido toda una mitolog\u00eda que ha dado lugar a novelas, series, podcasts y, por supuesto, documentales\u201d, se\u00f1ala el director de la pieza,&nbsp;Gabriel Garc\u00eda Reyes.<\/p>\n\n\n\n<p>El filme, de 49 minutos de duraci\u00f3n, innova al presentar animaciones en estilo c\u00f3mic, que permiten que sea el propio Guerrero quien narre sus aventuras. Tales segmentos se intercalan con entrevistas a destacados investigadores del instituto, como la directora del Centro INAH Campeche,&nbsp;Adriana Vel\u00e1zquez Morlet; el arque\u00f3logo&nbsp;Guillermo Go\u00f1i Motilla; el antrop\u00f3logo&nbsp;Luis Eduardo Got\u00e9s&nbsp;y la historiadora&nbsp;Flor Trejo Rivera, entre otros.<\/p>\n\n\n\n<p>De este modo, la narraci\u00f3n empieza con aquel barco que, hacia 1511, sali\u00f3 del Dari\u00e9n -en el actual Panam\u00e1- con rumbo a la isla de Santo Domingo, pero que naufrag\u00f3 cerca de Jamaica y oblig\u00f3 a una decena de sus tripulantes a subir a un bote que, arrastrado por la mar, lleg\u00f3 a la costa de Quintana Roo.<\/p>\n\n\n\n<p>Del pu\u00f1ado de individuos que tocaron tierra y fueron capturados por ind\u00edgenas locales solo sobrevivieron dos: Gonzalo Guerrero y Jer\u00f3nimo de Aguilar.<\/p>\n\n\n\n<p>El destino de ambos fue contrastante, pues mientras la experiencia que el primero ten\u00eda como arcabucero, carpintero e, incluso, m\u00fasico, le volvi\u00f3 alguien \u00fatil ante sus captores, quienes pronto comenzaron a aprender de \u00e9l; Aguilar, de oficio religioso, permaneci\u00f3 como esclavo hasta 1519, cuando fue contactado por Hern\u00e1n Cort\u00e9s para unirse a \u00e9l en calidad de traductor.<\/p>\n\n\n\n<p>Famosa es la respuesta, recogida por Bernal D\u00edaz del Castillo en su&nbsp;<em>Historia verdadera de la conquista de la Nueva Espa\u00f1a<\/em>, que Guerrero dio a Aguilar al momento en que este fue a buscarle: \u201cHermano Aguilar, yo soy casado y tengo tres hijos, y ti\u00e9nenme por cacique y capit\u00e1n cuando hay guerras. Id vos con Dios, que yo tengo labrada la cara y horadadas las orejas\u201d.<\/p>\n\n\n\n<p>Aunque no se sabe con certeza, seg\u00fan comenta el arque\u00f3logo Guillermo Go\u00f1i, Guerrero debi\u00f3 alcanzar un alto estatus en su comunidad. Esto se comprueba por el hecho de que, adem\u00e1s de Cort\u00e9s, los conquistadores Francisco de Montejo y Alonso de \u00c1vila tambi\u00e9n fallaron al intentar atraerlo con ofertas de cargos y riquezas.<\/p>\n\n\n\n<p>De acuerdo con la mayor\u00eda de las fuentes testimoniales, Gonzalo Guerrero falleci\u00f3 en la d\u00e9cada de 1530, tras acudir al territorio de Honduras para ayudar a repeler una incursi\u00f3n hisp\u00e1nica&#8230; Habr\u00eda muerto por el impacto de una bala de arcabuz.<\/p>\n\n\n\n<p>El documental&nbsp;<em>Gonzalo Guerrero. Mestizaje y resistencia<\/em>&nbsp;se transmitir\u00e1 el&nbsp;domingo 12 de octubre,&nbsp;D\u00eda de la Naci\u00f3n Pluricultural, a las&nbsp;14:00 horas&nbsp;por&nbsp;TV Mexiquense; a las&nbsp;15:00 horas&nbsp;por&nbsp;Capital 21; a las&nbsp;16:25 horas&nbsp;por&nbsp;Canal 14; a las&nbsp;19:00 horas&nbsp;por&nbsp;Plural TV; a las&nbsp;21:00 horas&nbsp;por&nbsp;Canal Veintid\u00f3s,&nbsp;Canal del Congreso&nbsp;e&nbsp;INAH TV&nbsp;-en YouTube-, y a las&nbsp;23:00 horas&nbsp;por&nbsp;Canal Once&nbsp;y&nbsp;Migrante TV, tiempo de la Ciudad de M\u00e9xico.<\/p>\n\n\n\n<p>La audiencia del Veintid\u00f3s podr\u00e1 sintonizar tambi\u00e9n el material a trav\u00e9s de&nbsp;<strong><em><u><a rel=\"noreferrer noopener\" target=\"_blank\" href=\"https:\/\/www.canal22.org.mx\/streaming-22-1.html\">streaming<\/a><\/u><\/em><\/strong>&nbsp;en el portal de la televisora.<\/p>\n\n\n\n<p>Los mejores documentales, por<strong>Canal Veintid\u00f3s<\/strong>, el Canal de las Culturas de M\u00e9xico.<\/p>\n\n\n\n<p><\/p>\n","protected":false},"excerpt":{"rendered":"<p>Ciudad de M\u00e9xico, a 10 de octubre de 2025. Dentro de las historias de mestizaje iniciadas en el siglo XVI, a partir de la invasi\u00f3n hisp\u00e1nica al continente americano, la de Gonzalo Guerrero destaca por su excepcionalidad. Basta decir que su uni\u00f3n con una ind\u00edgena de nombre Za&#8217;asil H\u00e1 -de acuerdo con el consenso acad\u00e9mico- [&hellip;]<\/p>\n","protected":false},"author":1,"featured_media":54625,"comment_status":"open","ping_status":"open","sticky":false,"template":"","format":"standard","meta":{"advanced_seo_description":"","jetpack_seo_html_title":"","jetpack_seo_noindex":false,"footnotes":"","jetpack_publicize_message":"","jetpack_is_tweetstorm":false,"jetpack_publicize_feature_enabled":true,"jetpack_social_post_already_shared":true,"jetpack_social_options":{"image_generator_settings":{"template":"highway","enabled":false}}},"categories":[26],"tags":[],"class_list":["post-54624","post","type-post","status-publish","format-standard","has-post-thumbnail","hentry","category-cultura"],"jetpack_publicize_connections":[],"jetpack_featured_media_url":"https:\/\/elcensornoticias.com\/wp-content\/uploads\/2025\/10\/Gonzalo-Guerrero_Mestizaje-y-resistencia.jpeg","jetpack_likes_enabled":true,"jetpack_sharing_enabled":true,"jetpack_shortlink":"https:\/\/wp.me\/p6xy50-ed2","_links":{"self":[{"href":"https:\/\/elcensornoticias.com\/index.php?rest_route=\/wp\/v2\/posts\/54624","targetHints":{"allow":["GET"]}}],"collection":[{"href":"https:\/\/elcensornoticias.com\/index.php?rest_route=\/wp\/v2\/posts"}],"about":[{"href":"https:\/\/elcensornoticias.com\/index.php?rest_route=\/wp\/v2\/types\/post"}],"author":[{"embeddable":true,"href":"https:\/\/elcensornoticias.com\/index.php?rest_route=\/wp\/v2\/users\/1"}],"replies":[{"embeddable":true,"href":"https:\/\/elcensornoticias.com\/index.php?rest_route=%2Fwp%2Fv2%2Fcomments&post=54624"}],"version-history":[{"count":1,"href":"https:\/\/elcensornoticias.com\/index.php?rest_route=\/wp\/v2\/posts\/54624\/revisions"}],"predecessor-version":[{"id":54626,"href":"https:\/\/elcensornoticias.com\/index.php?rest_route=\/wp\/v2\/posts\/54624\/revisions\/54626"}],"wp:featuredmedia":[{"embeddable":true,"href":"https:\/\/elcensornoticias.com\/index.php?rest_route=\/wp\/v2\/media\/54625"}],"wp:attachment":[{"href":"https:\/\/elcensornoticias.com\/index.php?rest_route=%2Fwp%2Fv2%2Fmedia&parent=54624"}],"wp:term":[{"taxonomy":"category","embeddable":true,"href":"https:\/\/elcensornoticias.com\/index.php?rest_route=%2Fwp%2Fv2%2Fcategories&post=54624"},{"taxonomy":"post_tag","embeddable":true,"href":"https:\/\/elcensornoticias.com\/index.php?rest_route=%2Fwp%2Fv2%2Ftags&post=54624"}],"curies":[{"name":"wp","href":"https:\/\/api.w.org\/{rel}","templated":true}]}}