{"id":54620,"date":"2025-10-10T22:29:08","date_gmt":"2025-10-10T22:29:08","guid":{"rendered":"http:\/\/elcensornoticias.com\/?p=54620"},"modified":"2025-10-10T22:29:28","modified_gmt":"2025-10-10T22:29:28","slug":"voz-colombiana-ilumina-tlaxcala-en-homenaje-a-tona-la-negra","status":"publish","type":"post","link":"https:\/\/elcensornoticias.com\/?p=54620","title":{"rendered":"VOZ COLOMBIANA, ILUMINA TLAXCALA EN HOMENAJE A TO\u00d1A LA NEGRA"},"content":{"rendered":"\n<p>El concierto, realizado en el marco de los 500 a\u00f1os de la ciudad, uni\u00f3 a Colombia y M\u00e9xico a trav\u00e9s de la m\u00fasica y la hermandad cultural.<\/p>\n\n\n\n<p>La reconocida cantante colombiana Victoria Sur ofreci\u00f3 un concierto en el Complejo Cultural Universitario (CCU) de la Universidad Aut\u00f3noma de Tlaxcala (UATx), como parte de las celebraciones por los 500 a\u00f1os de la Fundaci\u00f3n de la Ciudad de Tlaxcala, y dentro de las actividades del Festival Internacional Cervantino Extensi\u00f3n Tlaxcala 2025,&nbsp;<\/p>\n\n\n\n<p>La presentaci\u00f3n rindi\u00f3 homenaje a To\u00f1a la Negra, \u00edcono de la m\u00fasica mexicana, en una velada que fusion\u00f3 historia, ritmo y sentimiento. Con su voz c\u00e1lida y poderosa, Victoria Sur recorri\u00f3 los sonidos de Am\u00e9rica Latina con interpretaciones de bolero, son y ritmos caribe\u00f1os, evocando la esencia del mestizaje musical que une a ambos pa\u00edses.<\/p>\n\n\n\n<p>El concierto form\u00f3 parte del Circuito Cervantino 2025, iniciativa nacional que busca acercar expresiones art\u00edsticas de alto nivel a todas las regiones del pa\u00eds.<\/p>\n\n\n\n<p>\u201cLa cultura es el puente que nos une y nos recuerda que Tlaxcala es un territorio vivo, creativo y con una historia que sigue inspirando\u201d, expres\u00f3 la secretaria de Cultura, Karen \u00c1lvarez Villeda.<\/p>\n\n\n\n<p>En tanto, el presidente municipal Alfonso S\u00e1nchez Garc\u00eda se\u00f1al\u00f3 que \u201cestos 500 a\u00f1os representan una oportunidad para celebrar nuestras ra\u00edces y proyectar nuestra identidad hacia el futuro, con la cultura como eje de uni\u00f3n y orgullo colectivo\u201d.<\/p>\n\n\n\n<p>El Complejo Cultural Universitario, recinto emblem\u00e1tico de la Universidad Aut\u00f3noma de Tlaxcala, ofreci\u00f3 un ambiente \u00edntimo y una ac\u00fastica excepcional que permitieron una conexi\u00f3n profunda entre la artista y el p\u00fablico, que respondi\u00f3 con aplausos y ovaciones durante toda la noche.<\/p>\n\n\n\n<p>Gracias a la coordinaci\u00f3n entre la Secretar\u00eda de Cultura del Estado, el Ayuntamiento de Tlaxcala, la Universidad Aut\u00f3noma de Tlaxcala y el Festival Internacional Cervantino, eventos como este fortalecen la vida cultural de la entidad.<\/p>\n\n\n\n<p>Las actividades del Cervantino Extensi\u00f3n Tlaxcala continuar\u00e1n en los pr\u00f3ximos d\u00edas con espect\u00e1culos de primer nivel, reafirmando el compromiso del estado con la promoci\u00f3n del arte, la identidad y la cooperaci\u00f3n cultural internacional.<\/p>\n","protected":false},"excerpt":{"rendered":"<p>El concierto, realizado en el marco de los 500 a\u00f1os de la ciudad, uni\u00f3 a Colombia y M\u00e9xico a trav\u00e9s de la m\u00fasica y la hermandad cultural. La reconocida cantante colombiana Victoria Sur ofreci\u00f3 un concierto en el Complejo Cultural Universitario (CCU) de la Universidad Aut\u00f3noma de Tlaxcala (UATx), como parte de las celebraciones por [&hellip;]<\/p>\n","protected":false},"author":1,"featured_media":54621,"comment_status":"open","ping_status":"open","sticky":false,"template":"","format":"standard","meta":{"advanced_seo_description":"","jetpack_seo_html_title":"","jetpack_seo_noindex":false,"footnotes":"","jetpack_publicize_message":"","jetpack_is_tweetstorm":false,"jetpack_publicize_feature_enabled":true,"jetpack_social_post_already_shared":true,"jetpack_social_options":{"image_generator_settings":{"template":"highway","enabled":false}}},"categories":[2,3],"tags":[],"class_list":["post-54620","post","type-post","status-publish","format-standard","has-post-thumbnail","hentry","category-destacadas","category-gobierno"],"jetpack_publicize_connections":[],"jetpack_featured_media_url":"https:\/\/elcensornoticias.com\/wp-content\/uploads\/2025\/10\/IMG-20251010-WA0022.jpg","jetpack_likes_enabled":true,"jetpack_sharing_enabled":true,"jetpack_shortlink":"https:\/\/wp.me\/p6xy50-ecY","_links":{"self":[{"href":"https:\/\/elcensornoticias.com\/index.php?rest_route=\/wp\/v2\/posts\/54620","targetHints":{"allow":["GET"]}}],"collection":[{"href":"https:\/\/elcensornoticias.com\/index.php?rest_route=\/wp\/v2\/posts"}],"about":[{"href":"https:\/\/elcensornoticias.com\/index.php?rest_route=\/wp\/v2\/types\/post"}],"author":[{"embeddable":true,"href":"https:\/\/elcensornoticias.com\/index.php?rest_route=\/wp\/v2\/users\/1"}],"replies":[{"embeddable":true,"href":"https:\/\/elcensornoticias.com\/index.php?rest_route=%2Fwp%2Fv2%2Fcomments&post=54620"}],"version-history":[{"count":1,"href":"https:\/\/elcensornoticias.com\/index.php?rest_route=\/wp\/v2\/posts\/54620\/revisions"}],"predecessor-version":[{"id":54622,"href":"https:\/\/elcensornoticias.com\/index.php?rest_route=\/wp\/v2\/posts\/54620\/revisions\/54622"}],"wp:featuredmedia":[{"embeddable":true,"href":"https:\/\/elcensornoticias.com\/index.php?rest_route=\/wp\/v2\/media\/54621"}],"wp:attachment":[{"href":"https:\/\/elcensornoticias.com\/index.php?rest_route=%2Fwp%2Fv2%2Fmedia&parent=54620"}],"wp:term":[{"taxonomy":"category","embeddable":true,"href":"https:\/\/elcensornoticias.com\/index.php?rest_route=%2Fwp%2Fv2%2Fcategories&post=54620"},{"taxonomy":"post_tag","embeddable":true,"href":"https:\/\/elcensornoticias.com\/index.php?rest_route=%2Fwp%2Fv2%2Ftags&post=54620"}],"curies":[{"name":"wp","href":"https:\/\/api.w.org\/{rel}","templated":true}]}}