{"id":54613,"date":"2025-10-10T22:23:48","date_gmt":"2025-10-10T22:23:48","guid":{"rendered":"http:\/\/elcensornoticias.com\/?p=54613"},"modified":"2025-10-10T22:24:31","modified_gmt":"2025-10-10T22:24:31","slug":"tlaxcala-conquista-tres-medallas-de-oro-en-la-paralimpiada-nacional-2025","status":"publish","type":"post","link":"https:\/\/elcensornoticias.com\/?p=54613","title":{"rendered":"TLAXCALA CONQUISTA TRES MEDALLAS DE ORO EN LA PARALIMPIADA NACIONAL 2025"},"content":{"rendered":"\n<p>Los atletas tlaxcaltecas destacaron en paratletismo durante la justa nacional celebrada en Aguascalientes_<\/p>\n\n\n\n<p>Tlaxcala volvi\u00f3 a destacar en la Paralimpiada Nacional 2025, con sede en Aguascalientes, al conquistar tres medallas de oro en la disciplina de paratletismo, durante la pen\u00faltima jornada de competencias.<\/p>\n\n\n\n<p>El atleta Francisco Gavito D\u00edaz, en la categor\u00eda Juvenil Superior, clase deportiva T46, se llev\u00f3 la presea dorada en los 200 metros planos, con un tiempo de 24.32 segundos. En la misma categor\u00eda y clase deportiva, H\u00e9ctor Yosef Polvo obtuvo oro en salto de longitud, consolidando la destacada participaci\u00f3n del equipo tlaxcalteca.<\/p>\n\n\n\n<p>Por su parte, David Isa\u00ed Montiel Pedroza alcanz\u00f3 su segunda medalla de oro en la prueba de 200 metros, categor\u00eda Juvenil Superior, clase T54, con un tiempo de 30.36 segundos, reafirmando su talento en su primera participaci\u00f3n en una Paralimpiada Nacional.<\/p>\n\n\n\n<p>El joven atleta comparti\u00f3 que, pese a los nervios iniciales, esta experiencia le ha permitido crecer tanto en lo deportivo como en lo personal.<\/p>\n\n\n\n<p>\u201cSoy de la idea de que, si no lo intentas, no sabr\u00e1s lo que se siente o hasta d\u00f3nde puedes llegar\u201d, expres\u00f3 emocionado tras subir al podio.<\/p>\n\n\n\n<p>Montiel Pedroza reconoci\u00f3 el acompa\u00f1amiento del atleta Leonardo de Jes\u00fas P\u00e9rez Ju\u00e1rez y su entrenador Mart\u00edn D\u00edaz L\u00f3pez, a quienes considera una inspiraci\u00f3n para seguir prepar\u00e1ndose con la mira puesta en competencias panamericanas.<\/p>\n\n\n\n<p>Adem\u00e1s, representaron a Tlaxcala en esta jornada Megan Castillo Morales (Juvenil Mayor, clase F55, lanzamiento de jabalina), Anyely Skarlet Nicol\u00e1s Vargas (Juvenil Mayor, clase T54, 200m) y Ares Gael Cu\u00e9llar P\u00e9rez (Juvenil Superior, clase T47, 200m), quienes mostraron gran nivel competitivo.<\/p>\n\n\n\n<p>Las pruebas de paratletismo continuar\u00e1n este viernes, y se espera que la delegaci\u00f3n tlaxcalteca siga sumando medallas y consolidando su posici\u00f3n entre los mejores estados del pa\u00eds.<\/p>\n","protected":false},"excerpt":{"rendered":"<p>Los atletas tlaxcaltecas destacaron en paratletismo durante la justa nacional celebrada en Aguascalientes_ Tlaxcala volvi\u00f3 a destacar en la Paralimpiada Nacional 2025, con sede en Aguascalientes, al conquistar tres medallas de oro en la disciplina de paratletismo, durante la pen\u00faltima jornada de competencias. El atleta Francisco Gavito D\u00edaz, en la categor\u00eda Juvenil Superior, clase deportiva [&hellip;]<\/p>\n","protected":false},"author":1,"featured_media":54614,"comment_status":"open","ping_status":"open","sticky":false,"template":"","format":"standard","meta":{"advanced_seo_description":"","jetpack_seo_html_title":"","jetpack_seo_noindex":false,"footnotes":"","jetpack_publicize_message":"","jetpack_is_tweetstorm":false,"jetpack_publicize_feature_enabled":true,"jetpack_social_post_already_shared":true,"jetpack_social_options":{"image_generator_settings":{"template":"highway","enabled":false}}},"categories":[2,3],"tags":[],"class_list":["post-54613","post","type-post","status-publish","format-standard","has-post-thumbnail","hentry","category-destacadas","category-gobierno"],"jetpack_publicize_connections":[],"jetpack_featured_media_url":"https:\/\/elcensornoticias.com\/wp-content\/uploads\/2025\/10\/IMG-20251010-WA0007.jpg","jetpack_likes_enabled":true,"jetpack_sharing_enabled":true,"jetpack_shortlink":"https:\/\/wp.me\/p6xy50-ecR","_links":{"self":[{"href":"https:\/\/elcensornoticias.com\/index.php?rest_route=\/wp\/v2\/posts\/54613","targetHints":{"allow":["GET"]}}],"collection":[{"href":"https:\/\/elcensornoticias.com\/index.php?rest_route=\/wp\/v2\/posts"}],"about":[{"href":"https:\/\/elcensornoticias.com\/index.php?rest_route=\/wp\/v2\/types\/post"}],"author":[{"embeddable":true,"href":"https:\/\/elcensornoticias.com\/index.php?rest_route=\/wp\/v2\/users\/1"}],"replies":[{"embeddable":true,"href":"https:\/\/elcensornoticias.com\/index.php?rest_route=%2Fwp%2Fv2%2Fcomments&post=54613"}],"version-history":[{"count":1,"href":"https:\/\/elcensornoticias.com\/index.php?rest_route=\/wp\/v2\/posts\/54613\/revisions"}],"predecessor-version":[{"id":54615,"href":"https:\/\/elcensornoticias.com\/index.php?rest_route=\/wp\/v2\/posts\/54613\/revisions\/54615"}],"wp:featuredmedia":[{"embeddable":true,"href":"https:\/\/elcensornoticias.com\/index.php?rest_route=\/wp\/v2\/media\/54614"}],"wp:attachment":[{"href":"https:\/\/elcensornoticias.com\/index.php?rest_route=%2Fwp%2Fv2%2Fmedia&parent=54613"}],"wp:term":[{"taxonomy":"category","embeddable":true,"href":"https:\/\/elcensornoticias.com\/index.php?rest_route=%2Fwp%2Fv2%2Fcategories&post=54613"},{"taxonomy":"post_tag","embeddable":true,"href":"https:\/\/elcensornoticias.com\/index.php?rest_route=%2Fwp%2Fv2%2Ftags&post=54613"}],"curies":[{"name":"wp","href":"https:\/\/api.w.org\/{rel}","templated":true}]}}