{"id":54607,"date":"2025-10-10T22:19:01","date_gmt":"2025-10-10T22:19:01","guid":{"rendered":"http:\/\/elcensornoticias.com\/?p=54607"},"modified":"2025-10-10T22:19:14","modified_gmt":"2025-10-10T22:19:14","slug":"primer-festival-de-artesania-y-cultura-textil-de-tlaxcala","status":"publish","type":"post","link":"https:\/\/elcensornoticias.com\/?p=54607","title":{"rendered":"Primer\u00a0 Festival de Artesan\u00eda y Cultura Textil de Tlaxcala"},"content":{"rendered":"\n<ul class=\"wp-block-list\">\n<li>El evento tendr\u00e1\u00a0 por\u00a0 sede la Universidad San Clemente, en Acuitlapilco, y contar\u00e1 con pasarelas, expo venta y mesas de di\u00e1logo abiertas a todo el p\u00fablico de forma gratuita.\u00a0<\/li>\n<\/ul>\n\n\n\n<ul class=\"wp-block-list\">\n<li>Participan artesanos de reconocimiento de talla internacional que han formado parte de proyectos con Dior y en grandes ferias como la International Folk Art Market.<\/li>\n<\/ul>\n\n\n\n<ul class=\"wp-block-list\">\n<li>La UATx, UTT y CESI son las universidades invitadas a esta celebraci\u00f3n con el trabajo de dise\u00f1o de sus alumnos.\u00a0<\/li>\n<\/ul>\n\n\n\n<p>La ciudad de Tlaxcala se convertir\u00e1 en capital del arte y la artesan\u00eda textil con un festival que reunir\u00e1 a grandes artesanos de renombre nacional e&nbsp; internacional en la sede de la Universidad San Clemente, en la localidad de Acuitlapilco, los pr\u00f3ximos 17 y 18 de octubre.&nbsp;<\/p>\n\n\n\n<p><strong>La primera edici\u00f3n del Festival de Artesan\u00eda y Cultura Textil de Tlaxcala contempla diversas actividades gratuitas como pasarelas, conferencias, exposiciones art\u00edsticas, mesas de di\u00e1logo y expo venta de piezas<\/strong>&nbsp;elaboradas tanto por talentosos creadores del estado, as\u00ed como de Morelos, Puebla, Estado de M\u00e9xico y Ciudad de M\u00e9xico, por lo que es una oportunidad \u00fanica para adquirir artesan\u00eda de gran calidad.&nbsp;<\/p>\n\n\n\n<p>El evento es coordinado por el director de la Universidad San Clemente Jos\u00e9 Manuel Ju\u00e1rez Montes y&nbsp;&nbsp;<strong>el artesano contlense y director del Taller Netzahualcoyotl, Ignacio Netzahualcoyotl Nava<\/strong>, quien explic\u00f3 que uno de los principales objetivos de este festival es&nbsp;<strong>que los asistentes conozcan la belleza de los textiles que a\u00fan se producen en el estado&nbsp;<\/strong>y que forman parte del legado cultural que distingue a Tlaxcala.&nbsp;<\/p>\n\n\n\n<p>\u201cTlaxcala est\u00e1 en el foco de la artesan\u00eda a nivel nacional e incluso internacional, y lo que buscamos con el festival es que los tlaxcaltecas conozcan su patrimonio. El programa de actividades est\u00e1 pensado para el reconocimiento de las artesan\u00edas textiles de nuestro estado en todos los \u00e1mbitos\u201d, apunt\u00f3 Ignacio Netzahualcoyotl.&nbsp;<\/p>\n\n\n\n<p>Asimismo, el director de la Universidad San Clemente, Jos\u00e9 Manuel Ju\u00e1rez dijo que este evento representa el primer paso en la formaci\u00f3n de artistas del \u00e1mbito textil,&nbsp; comprometidos con el desarrollo cultural y comunitario.&nbsp;<\/p>\n\n\n\n<p>\u201cCon este festival, la Universidad San Clemente responde a un inter\u00e9s genuino por enraizar su quehacer en los valores m\u00e1s profundos de la identidad tlaxcalteca, reconociendo que el arte textil constituye una de las expresiones m\u00e1s valiosas del patrimonio cultural del estado\u201d, mencion\u00f3.&nbsp;<\/p>\n\n\n\n<p>ASISTENTES ENCONTRAR\u00c1N VERDADERAS JOYAS DE LA ARTESAN\u00cdA MEXICANA<\/p>\n\n\n\n<p>Es as\u00ed que los visitantes al Festival de Artesan\u00eda y Cultura Textil de Tlaxcala encontrar\u00e1n joyas de la artesan\u00eda, como&nbsp;<strong>el bordado de pepenado de Ixtenco, los textiles de lana que distinguen a Chiautempan, y los sarapes y gabanes creados con tintes naturales y tejidos en telares con m\u00e1s de un siglo de antig\u00fcedad<\/strong>&nbsp;que artesanos, como Ignacio y Pedro Netzahualcoyotl, elaboran en su natal Contla.&nbsp;<\/p>\n\n\n\n<p>GRANDES MAESTROS INTERNACIONALES REUNIDOS EN TLAXCALA&nbsp;<\/p>\n\n\n\n<p>Este espacio ser\u00e1 tambi\u00e9n un di\u00e1logo con las artesan\u00edas de otras partes del pa\u00eds, con la participaci\u00f3n de grandes maestros como&nbsp;<strong>Ana Celia Mart\u00ednez Hern\u00e1ndez, de la Ciudad de M\u00e9xico, quien es acad\u00e9mica en Dise\u00f1o Textil y en el&nbsp; a\u00f1o 2014 obtuvo el Premio Tenerife<\/strong>, que es un distintivo de car\u00e1cter internacional que reconoce a los&nbsp; investigadores en materia de arte popular, tanto de&nbsp; Espa\u00f1a como de los pa\u00edses de habla espa\u00f1ola y portuguesa.&nbsp;<\/p>\n\n\n\n<p>Tambi\u00e9n participa<strong>&nbsp;Hilan Cruz Cruz, maestro artesano de Puebla, cuyo trabajo&nbsp; ha llegado a las grandes pasarelas&nbsp; de la mano de la ic\u00f3nica casa de moda francesa Dior<\/strong>, con quien hizo una colaboraci\u00f3n en el a\u00f1o 2023 gracias a la belleza y calidad de sus bordados.&nbsp; La presencia de Hilan en este festival ser\u00e1 en conferencias, como \u201cLa incursi\u00f3n de las expresiones textiles a la moda\u201d, que tendr\u00e1 lugar el viernes 17 de octubre a las 13:00 horas.&nbsp;<\/p>\n\n\n\n<p>Paulina Tejeda, de la Ciudad de M\u00e9xico, es otra de las participantes en este festival.&nbsp;<strong>Paulina es especialista en te\u00f1ido con tintes naturales,&nbsp;<\/strong>por lo que compartir\u00e1 sus conocimientos con los asistentes a trav\u00e9s de un taller que se llevar\u00e1 a cabo en el primer d\u00eda de actividades, el 17 de octubre, de 15:00 a 17:00 horas.&nbsp;<strong>La artesana particip\u00f3 en la confecci\u00f3n de prendas para la pel\u00edcula \u201cPedro P\u00e1ramo\u201d<\/strong><\/p>\n\n\n\n<p>Otro de los talleres estar\u00e1 a cargo de la artesana Cristina Zabala M\u00e1rquez, originaria de Morelos, quien compartir\u00e1 un taller demostrativo de telar de cintura, en el segundo d\u00eda de actividades el 18 de octubre, de 12:30 a 14:30 horas.&nbsp;<\/p>\n\n\n\n<p>Adem\u00e1s, en el mercado de artesan\u00edas del festival participar\u00e1 el colectivo morelense&nbsp;<strong>Cozamalotl Artesan\u00edas, que recientemente particip\u00f3 en la feria m\u00e1s importante de artesan\u00eda a nivel mundial, celebrada en Estados Unidos, la International Folk Art Market.<\/strong><\/p>\n\n\n\n<p>La destreza de los art\u00edfices tlaxcaltecas tambi\u00e9n ser\u00e1 parte de las jornadas de talleres con la presencia de Rosalina Guti\u00e9rrez, proveniente de Ixtenco, quien compartir\u00e1 sus saberes en el bordado con t\u00e9cnica de pepenado.&nbsp;<\/p>\n\n\n\n<p>UNIVERSIDADES TEXTILES Y MODA DE TLAXCALA SE UNEN A ESTE FESTIVAL&nbsp;<\/p>\n\n\n\n<p><strong>Las universidades con una oferta en materia de moda y textil, como es el caso de la Universidad Aut\u00f3noma de Tlaxcala (UATx) , la Universidad Tecnol\u00f3gica de Tlaxcala (UTT), as\u00ed como del Colegio de Estudios Superiores Intercontinental (Cesi),&nbsp; son invitadas especiales en esta primera edici\u00f3n del festival<\/strong>, con la intenci\u00f3n de reuni\u00f3n el talento de dise\u00f1adores tlaxcaltecas.&nbsp;<\/p>\n\n\n\n<p>Su participaci\u00f3n ser\u00e1 en la pasarela que tendr\u00e1 lugar&nbsp; el 18 de octubre, a partir de las 17:00 horas, donde se&nbsp; presentar\u00e1n propuestas que fusionan la moda contempor\u00e1nea con la tradici\u00f3n textil de Tlaxcala. Asimismo, tambi\u00e9n formar\u00e1n parte dise\u00f1adores y artesanos de Contla, Xaloztoc y Chiautempan.&nbsp;&nbsp;<\/p>\n\n\n\n<p>No s\u00f3lo el arte textil ser\u00e1 parte de este evento, tambi\u00e9n otras expresiones como la fotograf\u00eda estar\u00e1n presentes con la exposici\u00f3n \u201cLa indumentaria tradicional de M\u00e9xico\u201d, a cargo del fot\u00f3grafo Juan Gama, originario de Hidalgo.&nbsp;<\/p>\n\n\n\n<p>Mientras que en las mesas de di\u00e1logo se abordar\u00e1n temas como: \u201cLa Artesan\u00eda textil en M\u00e9xico y su adaptaci\u00f3n a la \u00e9poca contempor\u00e1nea\u201d, \u201cLa incursi\u00f3n de las expresiones textiles a la moda\u201d, \u201cDe la inspiraci\u00f3n a la apropiaci\u00f3n cultural\u201d, por mencionar algunas.&nbsp;<\/p>\n\n\n\n<p>De esta manera, el Festival de Artesan\u00eda y Cultura Textil de Tlaxcala se perfila como un punto de encuentro para el arte, la tradici\u00f3n y la innovaci\u00f3n, donde maestros artesanos, acad\u00e9micos y nuevas generaciones compartir\u00e1n su talento y conocimientos en torno a una de las expresiones m\u00e1s representativas de la identidad tlaxcalteca. M\u00e1s que una exhibici\u00f3n, este festival ser\u00e1 un homenaje vivo al legado textil del estado y un recordatorio del valor cultural que resguardan las manos creadoras que dan vida al arte de los hilos y los telares.<\/p>\n\n\n\n<p>La cartelera completa de actividades se encontrar\u00e1 disponible en las redes sociales de la Universidad San Clemente.&nbsp;<\/p>\n","protected":false},"excerpt":{"rendered":"<p>La ciudad de Tlaxcala se convertir\u00e1 en capital del arte y la artesan\u00eda textil con un festival que reunir\u00e1 a grandes artesanos de renombre nacional e&nbsp; internacional en la sede de la Universidad San Clemente, en la localidad de Acuitlapilco, los pr\u00f3ximos 17 y 18 de octubre.&nbsp; La primera edici\u00f3n del Festival de Artesan\u00eda y [&hellip;]<\/p>\n","protected":false},"author":1,"featured_media":54608,"comment_status":"open","ping_status":"open","sticky":false,"template":"","format":"standard","meta":{"advanced_seo_description":"","jetpack_seo_html_title":"","jetpack_seo_noindex":false,"footnotes":"","jetpack_publicize_message":"","jetpack_is_tweetstorm":false,"jetpack_publicize_feature_enabled":true,"jetpack_social_post_already_shared":true,"jetpack_social_options":{"image_generator_settings":{"template":"highway","enabled":false}}},"categories":[26,2],"tags":[],"class_list":["post-54607","post","type-post","status-publish","format-standard","has-post-thumbnail","hentry","category-cultura","category-destacadas"],"jetpack_publicize_connections":[],"jetpack_featured_media_url":"https:\/\/elcensornoticias.com\/wp-content\/uploads\/2025\/10\/Festival-Artesania-3.jpeg","jetpack_likes_enabled":true,"jetpack_sharing_enabled":true,"jetpack_shortlink":"https:\/\/wp.me\/p6xy50-ecL","_links":{"self":[{"href":"https:\/\/elcensornoticias.com\/index.php?rest_route=\/wp\/v2\/posts\/54607","targetHints":{"allow":["GET"]}}],"collection":[{"href":"https:\/\/elcensornoticias.com\/index.php?rest_route=\/wp\/v2\/posts"}],"about":[{"href":"https:\/\/elcensornoticias.com\/index.php?rest_route=\/wp\/v2\/types\/post"}],"author":[{"embeddable":true,"href":"https:\/\/elcensornoticias.com\/index.php?rest_route=\/wp\/v2\/users\/1"}],"replies":[{"embeddable":true,"href":"https:\/\/elcensornoticias.com\/index.php?rest_route=%2Fwp%2Fv2%2Fcomments&post=54607"}],"version-history":[{"count":1,"href":"https:\/\/elcensornoticias.com\/index.php?rest_route=\/wp\/v2\/posts\/54607\/revisions"}],"predecessor-version":[{"id":54609,"href":"https:\/\/elcensornoticias.com\/index.php?rest_route=\/wp\/v2\/posts\/54607\/revisions\/54609"}],"wp:featuredmedia":[{"embeddable":true,"href":"https:\/\/elcensornoticias.com\/index.php?rest_route=\/wp\/v2\/media\/54608"}],"wp:attachment":[{"href":"https:\/\/elcensornoticias.com\/index.php?rest_route=%2Fwp%2Fv2%2Fmedia&parent=54607"}],"wp:term":[{"taxonomy":"category","embeddable":true,"href":"https:\/\/elcensornoticias.com\/index.php?rest_route=%2Fwp%2Fv2%2Fcategories&post=54607"},{"taxonomy":"post_tag","embeddable":true,"href":"https:\/\/elcensornoticias.com\/index.php?rest_route=%2Fwp%2Fv2%2Ftags&post=54607"}],"curies":[{"name":"wp","href":"https:\/\/api.w.org\/{rel}","templated":true}]}}