{"id":54594,"date":"2025-10-10T01:31:20","date_gmt":"2025-10-10T01:31:20","guid":{"rendered":"http:\/\/elcensornoticias.com\/?p=54594"},"modified":"2025-10-10T01:31:22","modified_gmt":"2025-10-10T01:31:22","slug":"mural-gloria-y-grandeza-de-mexico-homenaje-a-tlaxcala-raiz-viva-de-la-nacion","status":"publish","type":"post","link":"https:\/\/elcensornoticias.com\/?p=54594","title":{"rendered":"MURAL \u201cGLORIA Y GRANDEZA DE M\u00c9XICO\u201d: HOMENAJE A TLAXCALA, RA\u00cdZ VIVA DE LA NACI\u00d3N"},"content":{"rendered":"\n<p>La obra permitir\u00e1 a las nuevas generaciones comprender la profundidad de nuestra historia: Secretar\u00eda de Cultura.<\/p>\n\n\n\n<p>Como parte de las actividades desarrolladas en el marco de los 500 a\u00f1os de la fundaci\u00f3n de la Ciudad de Tlaxcala, con el lema \u00a1Sin Tlaxcala no hay M\u00e9xico!, este jueves en la sede del Poder Legislativo, se present\u00f3 el mural \u201cGloria y Grandeza de M\u00e9xico\u201d, creado por alumnos del entonces Taller de Iniciaci\u00f3n Profesional de Artes Visuales del Estado de Tlaxcala.&nbsp;<\/p>\n\n\n\n<p>En su mensaje, la secretaria de Cultura, Karen Villeda reconoci\u00f3 el compromiso de la gobernadora Lorena Cu\u00e9llar Cisneros por preservar la cultura tlaxcalteca, as\u00ed como el impulso para la celebraci\u00f3n de los 500 a\u00f1os de la fundaci\u00f3n de la Ciudad de Tlaxcala, a trav\u00e9s de distintas actividades que en esta ocasi\u00f3n permiten la develaci\u00f3n del mural.<\/p>\n\n\n\n<p>\u201cEste vibrante lienzo narra la \u00e9pica trayectoria de nuestro pueblo tlaxcalteca. Es una obra magn\u00edfica, fruto del talento y la dedicaci\u00f3n de los alumnos del Taller de Iniciaci\u00f3n Profesional de Artes Visuales del Estado de Tlaxcala, creado en 2011. Hoy, tras varios a\u00f1os, somos testigos de un regalo invaluable que fortalece nuestra memoria e identidad\u201d, destac\u00f3.<\/p>\n\n\n\n<p>La funcionaria estatal se\u00f1al\u00f3 que el valioso trabajo art\u00edstico fue llevado a la sede del Poder Legislativo para ponerlo a disposici\u00f3n de la ciudadan\u00eda, reafirmando el compromiso del gobierno estatal para la preservaci\u00f3n y la difusi\u00f3n de la riqueza hist\u00f3rico-cultural de Tlaxcala.&nbsp;<\/p>\n\n\n\n<p>\u201cHoy presenciamos un acto de gran trascendencia, que permitir\u00e1 a las nuevas generaciones comprender la profundidad de nuestra historia y sentirse profundamente orgullosos de sus ra\u00edces. Porque Tlaxcala es, sin duda, la ra\u00edz viva de la naci\u00f3n\u201d, apunt\u00f3.<\/p>\n\n\n\n<p>A su vez, la directora de la Escuela de Arte de Tlaxcala, Rosa Mar\u00eda Lucio Parra, resalt\u00f3 que el mural presentado fue elaborado en los Talleres de Iniciaci\u00f3n Profesional en Artes Visuales, y record\u00f3 que, en 2011, se impuls\u00f3 la creaci\u00f3n de este espacio con el objetivo de apoyar a j\u00f3venes artistas.<\/p>\n\n\n\n<p>\u201cHoy lo presentamos, destacando que la Escuela de Arte del Estado de Tlaxcala tiene una certificaci\u00f3n, gracias al apoyo decidido de la gobernadora Lorena Cu\u00e9llar Cisneros. Este mural enaltece los 500 a\u00f1os de la Ciudad de Tlaxcala y a sus \u00edconos. Este mural fue la cuna de lo que est\u00e1n haciendo los j\u00f3venes artistas\u201d, enfatiz\u00f3.&nbsp;<\/p>\n\n\n\n<p>En tanto, el diputado local H\u00e9ctor Ortiz Ortiz destac\u00f3 que, seg\u00fan la UNESCO, la cultura representa el conjunto de rasgos distintivos espirituales, materiales, intelectuales y afectivos que definen a una sociedad o grupo social, y que \u00e9sta abarca desde las artes y el estilo de vida hasta las tradiciones, creencias y sistemas de valores.<\/p>\n\n\n\n<p>En ese sentido, asever\u00f3 que \u201choy la historia y la cultura confluyen como una sola fuerza, y es nuestra responsabilidad seguir inscribiendo en el presente aquello que, con el paso del tiempo, se convertir\u00e1 en legado para el futuro\u201d.<\/p>\n\n\n\n<p>En el evento estuvieron el secretario de Turismo, Fabricio Mena Rodr\u00edguez, as\u00ed como los creadores de la obra, entre otras autoridades.<\/p>\n","protected":false},"excerpt":{"rendered":"<p>La obra permitir\u00e1 a las nuevas generaciones comprender la profundidad de nuestra historia: Secretar\u00eda de Cultura. Como parte de las actividades desarrolladas en el marco de los 500 a\u00f1os de la fundaci\u00f3n de la Ciudad de Tlaxcala, con el lema \u00a1Sin Tlaxcala no hay M\u00e9xico!, este jueves en la sede del Poder Legislativo, se present\u00f3 [&hellip;]<\/p>\n","protected":false},"author":1,"featured_media":54595,"comment_status":"open","ping_status":"open","sticky":false,"template":"","format":"standard","meta":{"advanced_seo_description":"","jetpack_seo_html_title":"","jetpack_seo_noindex":false,"footnotes":"","jetpack_publicize_message":"","jetpack_is_tweetstorm":false,"jetpack_publicize_feature_enabled":true,"jetpack_social_post_already_shared":true,"jetpack_social_options":{"image_generator_settings":{"template":"highway","enabled":false}}},"categories":[26,2],"tags":[],"class_list":["post-54594","post","type-post","status-publish","format-standard","has-post-thumbnail","hentry","category-cultura","category-destacadas"],"jetpack_publicize_connections":[],"jetpack_featured_media_url":"https:\/\/elcensornoticias.com\/wp-content\/uploads\/2025\/10\/IMG-20251009-WA0029-1.jpg","jetpack_likes_enabled":true,"jetpack_sharing_enabled":true,"jetpack_shortlink":"https:\/\/wp.me\/p6xy50-ecy","_links":{"self":[{"href":"https:\/\/elcensornoticias.com\/index.php?rest_route=\/wp\/v2\/posts\/54594","targetHints":{"allow":["GET"]}}],"collection":[{"href":"https:\/\/elcensornoticias.com\/index.php?rest_route=\/wp\/v2\/posts"}],"about":[{"href":"https:\/\/elcensornoticias.com\/index.php?rest_route=\/wp\/v2\/types\/post"}],"author":[{"embeddable":true,"href":"https:\/\/elcensornoticias.com\/index.php?rest_route=\/wp\/v2\/users\/1"}],"replies":[{"embeddable":true,"href":"https:\/\/elcensornoticias.com\/index.php?rest_route=%2Fwp%2Fv2%2Fcomments&post=54594"}],"version-history":[{"count":1,"href":"https:\/\/elcensornoticias.com\/index.php?rest_route=\/wp\/v2\/posts\/54594\/revisions"}],"predecessor-version":[{"id":54596,"href":"https:\/\/elcensornoticias.com\/index.php?rest_route=\/wp\/v2\/posts\/54594\/revisions\/54596"}],"wp:featuredmedia":[{"embeddable":true,"href":"https:\/\/elcensornoticias.com\/index.php?rest_route=\/wp\/v2\/media\/54595"}],"wp:attachment":[{"href":"https:\/\/elcensornoticias.com\/index.php?rest_route=%2Fwp%2Fv2%2Fmedia&parent=54594"}],"wp:term":[{"taxonomy":"category","embeddable":true,"href":"https:\/\/elcensornoticias.com\/index.php?rest_route=%2Fwp%2Fv2%2Fcategories&post=54594"},{"taxonomy":"post_tag","embeddable":true,"href":"https:\/\/elcensornoticias.com\/index.php?rest_route=%2Fwp%2Fv2%2Ftags&post=54594"}],"curies":[{"name":"wp","href":"https:\/\/api.w.org\/{rel}","templated":true}]}}