{"id":54582,"date":"2025-10-10T01:09:42","date_gmt":"2025-10-10T01:09:42","guid":{"rendered":"http:\/\/elcensornoticias.com\/?p=54582"},"modified":"2025-10-10T01:10:05","modified_gmt":"2025-10-10T01:10:05","slug":"23-festival-internacional-de-cine-de-morelia-con-siempre-tendremos-acapulco","status":"publish","type":"post","link":"https:\/\/elcensornoticias.com\/?p=54582","title":{"rendered":"23 FESTIVAL INTERNACIONAL DE CINE DE MORELIA CON\u00a0SIEMPRE TENDREMOS ACAPULCO"},"content":{"rendered":"\n<ul class=\"wp-block-list\">\n<li><strong>Proyecci\u00f3n especial de la serie documental producida por Canal Veintid\u00f3s en sedes presenciales del FICM, el s\u00e1bado 11 y domingo 12 de octubre<\/strong><\/li>\n\n\n\n<li><strong>Cobertura especial de\u00a0<em>Marquesina<\/em>\u00a0y en redes sociales<\/strong><\/li>\n<\/ul>\n\n\n\n<p>Ciudad de M\u00e9xico, a jueves 9 de octubre del 2025. El&nbsp;<strong>Canal de las Culturas de M\u00e9xico<\/strong>&nbsp;se ha consolidado como un estrecho colaborador del&nbsp;<strong>Festival Internacional de Cine de Morelia<\/strong>, una de las organizaciones con gran labor de difusi\u00f3n de la cultura cinematogr\u00e1fica nacional, que en su vig\u00e9sima tercera edici\u00f3n proyectar, en dos ocasiones, el primer cap\u00edtulo de&nbsp;<strong><em>Siempre tendremos Acapulco<\/em><\/strong>, una producci\u00f3n original de&nbsp;<strong>Canal Veintid\u00f3s<\/strong>.<\/p>\n\n\n\n<p><strong>Promocional&nbsp;<\/strong><strong><em><u><a rel=\"noreferrer noopener\" target=\"_blank\" href=\"https:\/\/youtu.be\/pMp0e7V9JgU?si=QMIrZelZnvn82JM5\">\u00abSiempre tendremos Acapulco\u00bb en el 23 FICM<\/a><\/u><\/em><\/strong><\/p>\n\n\n\n<p>Esta serie documental reconstruye la historia del puerto m\u00e1s importante de M\u00e9xico de la voz de sus habitantes y visitantes, as\u00ed como con c\u00e1psulas y materiales visuales que reflejan el legado que se ha forjado en Acapulco. Entre memorias y reflexiones se conocen las leyendas, historias y sucesos que hoy son emblem\u00e1ticos del lugar, los cuales van desde su fundaci\u00f3n hasta el apogeo tur\u00edstico y econ\u00f3mico que consolid\u00f3 la \u00e9poca dorada del puerto; mientras se recorren ic\u00f3nicos sitios, como la Quebrada, y se explora la gastronom\u00eda del lugar.<\/p>\n\n\n\n<p>Es con esta producci\u00f3n que el&nbsp;<strong>Veintid\u00f3s<\/strong>&nbsp;formar\u00e1 parte del&nbsp;<strong>23\u00b0 Festival Internacional de Cine de Morelia<\/strong>, con dos proyecciones en sedes presenciales. La primera, el&nbsp;<strong>s\u00e1bado 11 de octubre<\/strong>,&nbsp;<strong>a las 14:30 horas<\/strong>, en la&nbsp;<strong>Sala 1 del Cin\u00e9polis Morelia Centro<\/strong>; y la segunda, el&nbsp;<strong>domingo 12 de octubre<\/strong>,&nbsp;<strong>a las 11:30 horas<\/strong>, en el&nbsp;<strong>Centro Cultural Universitario<\/strong>.<\/p>\n\n\n\n<p>Por otro lado, la audiencia del&nbsp;<strong>Veintid\u00f3s<\/strong>&nbsp;podr\u00e1 ser parte de estos eventos a trav\u00e9s de la cobertura que realizar\u00e1 el equipo de&nbsp;<strong><em>Marquesina<\/em><\/strong>&nbsp;y se complementar\u00e1 con materiales v\u00eda redes sociales&nbsp;(<a rel=\"noreferrer noopener\" target=\"_blank\" href=\"https:\/\/www.facebook.com\/Canal22Mexico\/?locale=es_LA\">Facebook<\/a>,&nbsp;<a rel=\"noreferrer noopener\" target=\"_blank\" href=\"https:\/\/www.instagram.com\/canal22oficial\/\">Instagram&nbsp;<\/a>y&nbsp;<a rel=\"noreferrer noopener\" target=\"_blank\" href=\"https:\/\/x.com\/Canal22?ref_src=twsrc%5Egoogle%7Ctwcamp%5Eserp%7Ctwgr%5Eauthor\">X<\/a>).<\/p>\n\n\n\n<p><strong>Canal Veintid\u00f3s&nbsp;<\/strong><strong>y&nbsp;<\/strong><strong>MX Nuestro Cine<\/strong>, presentes en los mejores festivales de cine del pa\u00eds.<\/p>\n","protected":false},"excerpt":{"rendered":"<p>Ciudad de M\u00e9xico, a jueves 9 de octubre del 2025. El&nbsp;Canal de las Culturas de M\u00e9xico&nbsp;se ha consolidado como un estrecho colaborador del&nbsp;Festival Internacional de Cine de Morelia, una de las organizaciones con gran labor de difusi\u00f3n de la cultura cinematogr\u00e1fica nacional, que en su vig\u00e9sima tercera edici\u00f3n proyectar, en dos ocasiones, el primer cap\u00edtulo [&hellip;]<\/p>\n","protected":false},"author":1,"featured_media":54583,"comment_status":"open","ping_status":"open","sticky":false,"template":"","format":"standard","meta":{"advanced_seo_description":"","jetpack_seo_html_title":"","jetpack_seo_noindex":false,"footnotes":"","jetpack_publicize_message":"","jetpack_is_tweetstorm":false,"jetpack_publicize_feature_enabled":true,"jetpack_social_post_already_shared":true,"jetpack_social_options":{"image_generator_settings":{"template":"highway","enabled":false}}},"categories":[26],"tags":[],"class_list":["post-54582","post","type-post","status-publish","format-standard","has-post-thumbnail","hentry","category-cultura"],"jetpack_publicize_connections":[],"jetpack_featured_media_url":"https:\/\/elcensornoticias.com\/wp-content\/uploads\/2025\/10\/Siempre-tendremos-Acapulco-2.jpeg","jetpack_likes_enabled":true,"jetpack_sharing_enabled":true,"jetpack_shortlink":"https:\/\/wp.me\/p6xy50-ecm","_links":{"self":[{"href":"https:\/\/elcensornoticias.com\/index.php?rest_route=\/wp\/v2\/posts\/54582","targetHints":{"allow":["GET"]}}],"collection":[{"href":"https:\/\/elcensornoticias.com\/index.php?rest_route=\/wp\/v2\/posts"}],"about":[{"href":"https:\/\/elcensornoticias.com\/index.php?rest_route=\/wp\/v2\/types\/post"}],"author":[{"embeddable":true,"href":"https:\/\/elcensornoticias.com\/index.php?rest_route=\/wp\/v2\/users\/1"}],"replies":[{"embeddable":true,"href":"https:\/\/elcensornoticias.com\/index.php?rest_route=%2Fwp%2Fv2%2Fcomments&post=54582"}],"version-history":[{"count":1,"href":"https:\/\/elcensornoticias.com\/index.php?rest_route=\/wp\/v2\/posts\/54582\/revisions"}],"predecessor-version":[{"id":54584,"href":"https:\/\/elcensornoticias.com\/index.php?rest_route=\/wp\/v2\/posts\/54582\/revisions\/54584"}],"wp:featuredmedia":[{"embeddable":true,"href":"https:\/\/elcensornoticias.com\/index.php?rest_route=\/wp\/v2\/media\/54583"}],"wp:attachment":[{"href":"https:\/\/elcensornoticias.com\/index.php?rest_route=%2Fwp%2Fv2%2Fmedia&parent=54582"}],"wp:term":[{"taxonomy":"category","embeddable":true,"href":"https:\/\/elcensornoticias.com\/index.php?rest_route=%2Fwp%2Fv2%2Fcategories&post=54582"},{"taxonomy":"post_tag","embeddable":true,"href":"https:\/\/elcensornoticias.com\/index.php?rest_route=%2Fwp%2Fv2%2Ftags&post=54582"}],"curies":[{"name":"wp","href":"https:\/\/api.w.org\/{rel}","templated":true}]}}