{"id":54573,"date":"2025-10-10T01:03:22","date_gmt":"2025-10-10T01:03:22","guid":{"rendered":"http:\/\/elcensornoticias.com\/?p=54573"},"modified":"2025-10-10T01:03:42","modified_gmt":"2025-10-10T01:03:42","slug":"aire-tinto-2025-el-festival-de-vino-y-gastronomiaregresa-a-valquirico","status":"publish","type":"post","link":"https:\/\/elcensornoticias.com\/?p=54573","title":{"rendered":"AIRE TINTO 2025: EL FESTIVAL DE VINO Y GASTRONOM\u00cdAREGRESA A VAL\u2019QUIRICO"},"content":{"rendered":"\n<p>Este 18 y 19 de octubre, Val\u2019Quirico ser\u00e1 nuevamente sede de Aire<br>Tinto, el festival enogourmet que se ha consolidado como una de las<br>experiencias m\u00e1s esperadas del a\u00f1o para los amantes del vino, la gastronom\u00eda y la m\u00fasica.<\/p>\n\n\n\n<p><br>Organizado anualmente por Trendia y Plot, empresas especializadas en la<br>producci\u00f3n y creaci\u00f3n de experiencias, Aire Tinto tiene como prop\u00f3sito ofrecer una<br>vivencia multisensorial que combina sabores, aromas, arte y entretenimiento en un<br>entorno \u00fanico, caracter\u00edstico de Val\u2019Quirico.<\/p>\n\n\n\n<p><br>En esta edici\u00f3n, m\u00e1s de 50 bodegas nacionales e internacionales se dar\u00e1n<br>cita en Val\u2019Quirico, para compartir lo mejor de sus etiquetas y propuestas. Entre ellas<br>destacan:<br>\u25cf Hilo Negro, reconocido con medalla de oro en el Concours Mondial de<br>Bruxelles<br>\u25cf Montes Toscanini<br>\u25cf Bodegas de Santo Tom\u00e1s<br>\u25cf Bar\u00f3n Balch\u00e9<br>\u25cf Ram\u00f3n Bilbao<br>\u25cf Vin\u00edcola San Juanito, entre muchas m\u00e1s.<\/p>\n\n\n\n<p>El festival contar\u00e1 con catas guiadas, talleres especializados,<br>presentaciones musicales, zonas de descanso y espacios para la creaci\u00f3n de contenido, todo pensado para quienes disfrutan de la cultura enogastron\u00f3mica y buscan nuevas formas de conectar con los<br>sentidos.<\/p>\n\n\n\n<p><br>Aire Tinto 2025 mantiene su esencia incluyente y accesible, ofreciendo<br>experiencias tanto para expertos como para p\u00fablico general. Adem\u00e1s, reafirma su car\u00e1cter<br>pet-friendly, invitando a disfrutar del evento en compa\u00f1\u00eda de toda la familia.<\/p>\n\n\n\n<p><br>Si deseas hospedarte y vivir la experiencia completa, Val\u2019Quirico cuenta<br>con diversas opciones de alojamiento disponibles en:<br><a href=\"https:\/\/valquirico.com\/establecimientos\/hoteles\/\" target=\"_blank\" rel=\"noreferrer noopener\">https:\/\/valquirico.com\/establecimientos\/hoteles\/<\/a><\/p>\n\n\n\n<p>Los boletos para Aire Tinto 2025 est\u00e1n disponibles desde $250 hasta<br>$1,890 pesos en el sitio oficial<br>valquirico.com\/eventos\/festival-aire-tinto-2025-en-valquirico.<\/p>\n","protected":false},"excerpt":{"rendered":"<p>Este 18 y 19 de octubre, Val\u2019Quirico ser\u00e1 nuevamente sede de AireTinto, el festival enogourmet que se ha consolidado como una de lasexperiencias m\u00e1s esperadas del a\u00f1o para los amantes del vino, la gastronom\u00eda y la m\u00fasica. Organizado anualmente por Trendia y Plot, empresas especializadas en laproducci\u00f3n y creaci\u00f3n de experiencias, Aire Tinto tiene como [&hellip;]<\/p>\n","protected":false},"author":1,"featured_media":54574,"comment_status":"open","ping_status":"open","sticky":false,"template":"","format":"standard","meta":{"advanced_seo_description":"","jetpack_seo_html_title":"","jetpack_seo_noindex":false,"footnotes":"","jetpack_publicize_message":"","jetpack_is_tweetstorm":false,"jetpack_publicize_feature_enabled":true,"jetpack_social_post_already_shared":true,"jetpack_social_options":{"image_generator_settings":{"template":"highway","enabled":false}}},"categories":[2,4],"tags":[],"class_list":["post-54573","post","type-post","status-publish","format-standard","has-post-thumbnail","hentry","category-destacadas","category-noticias"],"jetpack_publicize_connections":[],"jetpack_featured_media_url":"https:\/\/elcensornoticias.com\/wp-content\/uploads\/2025\/10\/Aire-Tinto-03.jpeg","jetpack_likes_enabled":true,"jetpack_sharing_enabled":true,"jetpack_shortlink":"https:\/\/wp.me\/p6xy50-ecd","_links":{"self":[{"href":"https:\/\/elcensornoticias.com\/index.php?rest_route=\/wp\/v2\/posts\/54573","targetHints":{"allow":["GET"]}}],"collection":[{"href":"https:\/\/elcensornoticias.com\/index.php?rest_route=\/wp\/v2\/posts"}],"about":[{"href":"https:\/\/elcensornoticias.com\/index.php?rest_route=\/wp\/v2\/types\/post"}],"author":[{"embeddable":true,"href":"https:\/\/elcensornoticias.com\/index.php?rest_route=\/wp\/v2\/users\/1"}],"replies":[{"embeddable":true,"href":"https:\/\/elcensornoticias.com\/index.php?rest_route=%2Fwp%2Fv2%2Fcomments&post=54573"}],"version-history":[{"count":1,"href":"https:\/\/elcensornoticias.com\/index.php?rest_route=\/wp\/v2\/posts\/54573\/revisions"}],"predecessor-version":[{"id":54575,"href":"https:\/\/elcensornoticias.com\/index.php?rest_route=\/wp\/v2\/posts\/54573\/revisions\/54575"}],"wp:featuredmedia":[{"embeddable":true,"href":"https:\/\/elcensornoticias.com\/index.php?rest_route=\/wp\/v2\/media\/54574"}],"wp:attachment":[{"href":"https:\/\/elcensornoticias.com\/index.php?rest_route=%2Fwp%2Fv2%2Fmedia&parent=54573"}],"wp:term":[{"taxonomy":"category","embeddable":true,"href":"https:\/\/elcensornoticias.com\/index.php?rest_route=%2Fwp%2Fv2%2Fcategories&post=54573"},{"taxonomy":"post_tag","embeddable":true,"href":"https:\/\/elcensornoticias.com\/index.php?rest_route=%2Fwp%2Fv2%2Ftags&post=54573"}],"curies":[{"name":"wp","href":"https:\/\/api.w.org\/{rel}","templated":true}]}}