{"id":54564,"date":"2025-10-10T00:29:33","date_gmt":"2025-10-10T00:29:33","guid":{"rendered":"http:\/\/elcensornoticias.com\/?p=54564"},"modified":"2025-10-10T00:29:54","modified_gmt":"2025-10-10T00:29:54","slug":"educacion-especial-uatx-reafirma-su-vinculo-con-la-comunidad-sorda","status":"publish","type":"post","link":"https:\/\/elcensornoticias.com\/?p=54564","title":{"rendered":"Educaci\u00f3n Especial UATx reafirma su v\u00ednculo con la comunidad sorda"},"content":{"rendered":"\n<p>La Licenciatura en Educaci\u00f3n Especial de la Universidad Aut\u00f3noma de Tlaxcala (UATx) realiz\u00f3 el Encuentro de Lengua de Se\u00f1as y Comunidad Sorda, en el marco de la Semana Internacional de las Personas Sordas 2025, celebrado en modalidad virtual.<\/p>\n\n\n\n<p>Al iniciar los trabajos, la Maestra Jessica Cervantes Carro, Coordinadora de la Licenciatura en Educaci\u00f3n Especial, puntualiz\u00f3 que se impulsan actividades acad\u00e9micas, culturales y formativas que fortalecen la relaci\u00f3n con la comunidad sorda, tales como el Taller de m\u00fasica para sordos, la Jornada de Lengua de Se\u00f1as Mexicana (LSM), el Curso B\u00e1sico de LSM y el 1er Club de Activaci\u00f3n F\u00edsica para ni\u00f1as, ni\u00f1os y j\u00f3venes sordos.<\/p>\n\n\n\n<p>Adem\u00e1s, remarc\u00f3 que estas acciones visibilizan la importancia de reconocer la diversidad, de construir comunidad en el \u00e1mbito acad\u00e9mico y el compromiso de la Licenciatura para seguir trabajando de la mano con la comunidad sorda.<\/p>\n\n\n\n<p>Enseguida, el Doctor Josu\u00e9 Antonio Camacho Candia, Director de la Facultad de Ciencias para el Desarrollo Humano, al inaugurar el Encuentro, hizo hincapi\u00e9 en las acciones que la Facultad realiza fuera de la Universidad y en conjunto con otras instancias, por ejemplo, el Diplomado en Lengua de Se\u00f1as Mexicana con PRODEP.<\/p>\n\n\n\n<p>El programa incluy\u00f3 la participaci\u00f3n del Maestro Jos\u00e9 Edgar Luna Rodr\u00edguez, activista y docente de LSM, con la conferencia magistral sobre \u201cCultura sorda, derechos humanos y resiliencia\u201d; Licenciado Diego Alonso Gonz\u00e1lez Contreras, docente de la Licenciatura en Educaci\u00f3n Especial, quien imparti\u00f3 un taller vivencial con expresiones b\u00e1sicas en diferentes lenguas de se\u00f1as: Mexicana, brasile\u00f1a, francesa, americana y japonesa.<\/p>\n\n\n\n<p>De igual forma, el Ingeniero Alfonso Balderas, fundador de DeafTech y WorldDeafTech, con la ponencia \u201cLa Lengua de se\u00f1as y el uso de la tecnolog\u00eda\u201d, en la que mostr\u00f3 c\u00f3mo la innovaci\u00f3n tecnol\u00f3gica puede convertirse en un puente de comunicaci\u00f3n y aprendizaje.<\/p>\n\n\n\n<p>Al cierre del Encuentro, se destac\u00f3 que la diversidad en la Educaci\u00f3n Especial es el camino para hacer comunidad, fortaleciendo la identidad, el sentido de pertenencia y el compromiso de la Universidad con la comunidad sorda.<\/p>\n","protected":false},"excerpt":{"rendered":"<p>La Licenciatura en Educaci\u00f3n Especial de la Universidad Aut\u00f3noma de Tlaxcala (UATx) realiz\u00f3 el Encuentro de Lengua de Se\u00f1as y Comunidad Sorda, en el marco de la Semana Internacional de las Personas Sordas 2025, celebrado en modalidad virtual. Al iniciar los trabajos, la Maestra Jessica Cervantes Carro, Coordinadora de la Licenciatura en Educaci\u00f3n Especial, puntualiz\u00f3 [&hellip;]<\/p>\n","protected":false},"author":1,"featured_media":54565,"comment_status":"open","ping_status":"open","sticky":false,"template":"","format":"standard","meta":{"advanced_seo_description":"","jetpack_seo_html_title":"","jetpack_seo_noindex":false,"footnotes":"","jetpack_publicize_message":"","jetpack_is_tweetstorm":false,"jetpack_publicize_feature_enabled":true,"jetpack_social_post_already_shared":true,"jetpack_social_options":{"image_generator_settings":{"template":"highway","enabled":false}}},"categories":[2,28],"tags":[],"class_list":["post-54564","post","type-post","status-publish","format-standard","has-post-thumbnail","hentry","category-destacadas","category-educacion"],"jetpack_publicize_connections":[],"jetpack_featured_media_url":"https:\/\/elcensornoticias.com\/wp-content\/uploads\/2025\/10\/9-Educacion-Especial-UATx-reafirma-su-vinculo-con-la-comunidad-sorda-2.jpeg","jetpack_likes_enabled":true,"jetpack_sharing_enabled":true,"jetpack_shortlink":"https:\/\/wp.me\/p6xy50-ec4","_links":{"self":[{"href":"https:\/\/elcensornoticias.com\/index.php?rest_route=\/wp\/v2\/posts\/54564","targetHints":{"allow":["GET"]}}],"collection":[{"href":"https:\/\/elcensornoticias.com\/index.php?rest_route=\/wp\/v2\/posts"}],"about":[{"href":"https:\/\/elcensornoticias.com\/index.php?rest_route=\/wp\/v2\/types\/post"}],"author":[{"embeddable":true,"href":"https:\/\/elcensornoticias.com\/index.php?rest_route=\/wp\/v2\/users\/1"}],"replies":[{"embeddable":true,"href":"https:\/\/elcensornoticias.com\/index.php?rest_route=%2Fwp%2Fv2%2Fcomments&post=54564"}],"version-history":[{"count":1,"href":"https:\/\/elcensornoticias.com\/index.php?rest_route=\/wp\/v2\/posts\/54564\/revisions"}],"predecessor-version":[{"id":54566,"href":"https:\/\/elcensornoticias.com\/index.php?rest_route=\/wp\/v2\/posts\/54564\/revisions\/54566"}],"wp:featuredmedia":[{"embeddable":true,"href":"https:\/\/elcensornoticias.com\/index.php?rest_route=\/wp\/v2\/media\/54565"}],"wp:attachment":[{"href":"https:\/\/elcensornoticias.com\/index.php?rest_route=%2Fwp%2Fv2%2Fmedia&parent=54564"}],"wp:term":[{"taxonomy":"category","embeddable":true,"href":"https:\/\/elcensornoticias.com\/index.php?rest_route=%2Fwp%2Fv2%2Fcategories&post=54564"},{"taxonomy":"post_tag","embeddable":true,"href":"https:\/\/elcensornoticias.com\/index.php?rest_route=%2Fwp%2Fv2%2Ftags&post=54564"}],"curies":[{"name":"wp","href":"https:\/\/api.w.org\/{rel}","templated":true}]}}