{"id":54552,"date":"2025-10-08T02:00:55","date_gmt":"2025-10-08T02:00:55","guid":{"rendered":"http:\/\/elcensornoticias.com\/?p=54552"},"modified":"2025-10-08T02:00:57","modified_gmt":"2025-10-08T02:00:57","slug":"vision-regional-en-la-revision-del-t-mec-con-foro-de-consulta","status":"publish","type":"post","link":"https:\/\/elcensornoticias.com\/?p=54552","title":{"rendered":"VISI\u00d3N REGIONAL EN LA REVISI\u00d3N DEL T-MEC CON FORO DE CONSULTA"},"content":{"rendered":"\n<p>El encuentro reuni\u00f3 a representantes de los sectores automotriz, textil, agroindustrial y sider\u00fargico, quienes aportaron propuestas para fortalecer la posici\u00f3n de M\u00e9xico en la pr\u00f3xima revisi\u00f3n del tratado y consolidar una visi\u00f3n regional competitiva y de largo plazo_<\/p>\n\n\n\n<p>Tlaxcala se sum\u00f3 al esfuerzo nacional para fortalecer la posici\u00f3n de M\u00e9xico en la revisi\u00f3n del Tratado entre M\u00e9xico, Estados Unidos y Canad\u00e1 (T-MEC), al realizar el Foro Regional de Consulta, un espacio de di\u00e1logo convocado por la Secretar\u00eda de Desarrollo Econ\u00f3mico (Sedeco) en coordinaci\u00f3n con la Secretar\u00eda de Econom\u00eda federal, donde se reunieron autoridades y representantes de los principales sectores productivos para construir una agenda econ\u00f3mica con enfoque regional y de largo plazo.<\/p>\n\n\n\n<p>El encuentro cont\u00f3 con la participaci\u00f3n del secretario de Desarrollo Econ\u00f3mico de Tlaxcala, Javier Marroqu\u00edn Calder\u00f3n; Sergio Silva Casta\u00f1eda, titular de Fomento y Crecimiento Econ\u00f3mico de la Secretar\u00eda de Econom\u00eda; Eugenio Govea Arcos, director general de Apoyo T\u00e9cnico; y Juan Carlos Natale L\u00f3pez, coordinador general del Corredor Puebla\u2013Tlaxcala.<\/p>\n\n\n\n<p>Durante su intervenci\u00f3n, Eugenio Govea Arcos subray\u00f3 que este foro forma parte de un ejercicio nacional que busca recopilar propuestas y observaciones de los distintos sectores sociales y empresariales.<\/p>\n\n\n\n<p>\u201cLa revisi\u00f3n del T-MEC no es un tr\u00e1mite m\u00e1s, sino un punto de inflexi\u00f3n que definir\u00e1 la ruta del tratado por los pr\u00f3ximos 16 a\u00f1os\u201d, puntualiz\u00f3.<\/p>\n\n\n\n<p>Participaron representantes de sectores estrat\u00e9gicos como el automotriz, textil, agroindustrial y sider\u00fargico, entre ellos Sergio Ramos V\u00e1zquez, de Trefilados Inoxidables de M\u00e9xico; Gustavo Lezama Gonz\u00e1lez, presidente de la C\u00e1mara de la Industria Textil Puebla\u2013Tlaxcala (CITEX); M\u00f3nica Doger Ram\u00edrez, directora del Cl\u00faster Automotriz Zona Centro, y Julio C\u00e9sar Portillo Caballero, comisionado estatal de Mejora Regulatoria, as\u00ed como Fernanda Espinosa de los Monteros Cu\u00e9llar, presidenta honor\u00edfica del Comit\u00e9 Consultivo de Bienestar.<\/p>\n\n\n\n<p>En su mensaje, Javier Marroqu\u00edn Calder\u00f3n destac\u00f3 la importancia de que Tlaxcala participe activamente en este proceso internacional, aportando una visi\u00f3n regional que refleje las oportunidades y necesidades de sus industrias locales.<\/p>\n\n\n\n<p>\u201cDesde Tlaxcala buscamos contribuir con una perspectiva que fortalezca la competitividad del pa\u00eds y d\u00e9 voz a las econom\u00edas regionales en la integraci\u00f3n norteamericana\u201d, afirm\u00f3.<\/p>\n\n\n\n<p>Con este foro, Tlaxcala consolida su papel como actor estrat\u00e9gico en el desarrollo econ\u00f3mico del centro del pa\u00eds, participando en la construcci\u00f3n de una postura nacional s\u00f3lida y representativa ante la revisi\u00f3n del T-MEC, y reafirmando su compromiso con la innovaci\u00f3n, la inversi\u00f3n y la cooperaci\u00f3n internacional.<\/p>\n","protected":false},"excerpt":{"rendered":"<p>El encuentro reuni\u00f3 a representantes de los sectores automotriz, textil, agroindustrial y sider\u00fargico, quienes aportaron propuestas para fortalecer la posici\u00f3n de M\u00e9xico en la pr\u00f3xima revisi\u00f3n del tratado y consolidar una visi\u00f3n regional competitiva y de largo plazo_ Tlaxcala se sum\u00f3 al esfuerzo nacional para fortalecer la posici\u00f3n de M\u00e9xico en la revisi\u00f3n del Tratado [&hellip;]<\/p>\n","protected":false},"author":1,"featured_media":54553,"comment_status":"open","ping_status":"open","sticky":false,"template":"","format":"standard","meta":{"advanced_seo_description":"","jetpack_seo_html_title":"","jetpack_seo_noindex":false,"footnotes":"","jetpack_publicize_message":"","jetpack_is_tweetstorm":false,"jetpack_publicize_feature_enabled":true,"jetpack_social_post_already_shared":true,"jetpack_social_options":{"image_generator_settings":{"template":"highway","enabled":false}}},"categories":[2,3],"tags":[],"class_list":["post-54552","post","type-post","status-publish","format-standard","has-post-thumbnail","hentry","category-destacadas","category-gobierno"],"jetpack_publicize_connections":[],"jetpack_featured_media_url":"https:\/\/elcensornoticias.com\/wp-content\/uploads\/2025\/10\/IMG-20251007-WA0044.jpg","jetpack_likes_enabled":true,"jetpack_sharing_enabled":true,"jetpack_shortlink":"https:\/\/wp.me\/p6xy50-ebS","_links":{"self":[{"href":"https:\/\/elcensornoticias.com\/index.php?rest_route=\/wp\/v2\/posts\/54552","targetHints":{"allow":["GET"]}}],"collection":[{"href":"https:\/\/elcensornoticias.com\/index.php?rest_route=\/wp\/v2\/posts"}],"about":[{"href":"https:\/\/elcensornoticias.com\/index.php?rest_route=\/wp\/v2\/types\/post"}],"author":[{"embeddable":true,"href":"https:\/\/elcensornoticias.com\/index.php?rest_route=\/wp\/v2\/users\/1"}],"replies":[{"embeddable":true,"href":"https:\/\/elcensornoticias.com\/index.php?rest_route=%2Fwp%2Fv2%2Fcomments&post=54552"}],"version-history":[{"count":1,"href":"https:\/\/elcensornoticias.com\/index.php?rest_route=\/wp\/v2\/posts\/54552\/revisions"}],"predecessor-version":[{"id":54554,"href":"https:\/\/elcensornoticias.com\/index.php?rest_route=\/wp\/v2\/posts\/54552\/revisions\/54554"}],"wp:featuredmedia":[{"embeddable":true,"href":"https:\/\/elcensornoticias.com\/index.php?rest_route=\/wp\/v2\/media\/54553"}],"wp:attachment":[{"href":"https:\/\/elcensornoticias.com\/index.php?rest_route=%2Fwp%2Fv2%2Fmedia&parent=54552"}],"wp:term":[{"taxonomy":"category","embeddable":true,"href":"https:\/\/elcensornoticias.com\/index.php?rest_route=%2Fwp%2Fv2%2Fcategories&post=54552"},{"taxonomy":"post_tag","embeddable":true,"href":"https:\/\/elcensornoticias.com\/index.php?rest_route=%2Fwp%2Fv2%2Ftags&post=54552"}],"curies":[{"name":"wp","href":"https:\/\/api.w.org\/{rel}","templated":true}]}}