{"id":54549,"date":"2025-10-08T01:58:20","date_gmt":"2025-10-08T01:58:20","guid":{"rendered":"http:\/\/elcensornoticias.com\/?p=54549"},"modified":"2025-10-08T01:58:43","modified_gmt":"2025-10-08T01:58:43","slug":"tlaxcala-y-guatemala-fortalecen-lazos-historicos-y-culturales","status":"publish","type":"post","link":"https:\/\/elcensornoticias.com\/?p=54549","title":{"rendered":"TLAXCALA Y GUATEMALA FORTALECEN LAZOS HIST\u00d3RICOS Y CULTURALES"},"content":{"rendered":"\n<p>La iniciativa impulsada por la gobernadora Lorena Cu\u00e9llar busca estrechar la cooperaci\u00f3n cultural, educativa y social entre pueblos que comparten ra\u00edces tlaxcaltecas, y mantener viva una historia com\u00fan que trasciende fronteras.<\/p>\n\n\n\n<p>En el marco de los 500 a\u00f1os de la fundaci\u00f3n de la Ciudad de Tlaxcala, la gobernadora Lorena Cu\u00e9llar Cisneros encabez\u00f3 un encuentro con la Delegaci\u00f3n de San Juan Argueta, Guatemala, en el cual se propuso formalmente el hermanamiento entre ambas comunidades como s\u00edmbolo de identidad compartida y cooperaci\u00f3n mutua.<\/p>\n\n\n\n<p>Desde el Sal\u00f3n Rojo de Palacio de Gobierno, la mandataria explic\u00f3 que la iniciativa busca consolidar un v\u00ednculo de cooperaci\u00f3n cultural, educativa y social, basado en los lazos hist\u00f3ricos que unen a Tlaxcala y Guatemala desde hace m\u00e1s de cinco siglos, cuando pueblos tlaxcaltecas migraron hacia territorio guatemalteco en el siglo XVI.<\/p>\n\n\n\n<p>\u201cLa historia nos une m\u00e1s all\u00e1 de las fronteras. Este hermanamiento es una oportunidad para reafirmar nuestra memoria, y fortalecer la fraternidad entre pueblos que comparten un mismo origen y una misma identidad\u201d, expres\u00f3 Cu\u00e9llar Cisneros.<\/p>\n\n\n\n<p>Durante el encuentro, se resalt\u00f3 que los habitantes de San Juan Argueta conservan hasta hoy apellidos, tradiciones y expresiones ling\u00fc\u00edsticas que reflejan su herencia tlaxcalteca viva.&nbsp;<\/p>\n\n\n\n<p>Se anunci\u00f3 adem\u00e1s que, en 2026, se reconocer\u00e1 oficialmente a esa comunidad como descendiente tlaxcalteca, portadora de las ra\u00edces originarias de Luisa Xicoht\u00e9ncatl, s\u00edmbolo de orgullo e identidad.<\/p>\n\n\n\n<p>El alcalde ind\u00edgena de San Juan Argueta, Francisco Andr\u00e9s Mench\u00fa, agradeci\u00f3 el recibimiento y reiter\u00f3 su compromiso de fortalecer los lazos hist\u00f3ricos y culturales entre ambas regiones.<\/p>\n\n\n\n<p>Por su parte, la secretaria de Cultura, Karen \u00c1lvarez Villeda, destac\u00f3 que esta hermandad \u201cenaltece el legado de los pueblos originarios, y promueve un di\u00e1logo permanente entre naciones hermanas\u201d.<\/p>\n\n\n\n<p>La delegaci\u00f3n guatemalteca estuvo integrada por Leonardo Francisco L\u00f3pez, secretario de la alcald\u00eda; Martina Manuela Guti\u00e9rrez y Anastasia Mar\u00eda Mench\u00fa de L\u00f3pez, as\u00ed como Feliciano \u00c1lvarez Rosario, alcalde de la aldea Concordia, y el cronista Tom\u00e1s \u00c1lvarez.<\/p>\n\n\n\n<p>Con este acuerdo, Tlaxcala reafirma su papel como cuna de identidad y memoria viva, fortaleciendo su v\u00ednculo con Guatemala, a trav\u00e9s del legado hist\u00f3rico y cultural que sigue tendiendo puentes de uni\u00f3n m\u00e1s all\u00e1 de las fronteras.<\/p>\n","protected":false},"excerpt":{"rendered":"<p>La iniciativa impulsada por la gobernadora Lorena Cu\u00e9llar busca estrechar la cooperaci\u00f3n cultural, educativa y social entre pueblos que comparten ra\u00edces tlaxcaltecas, y mantener viva una historia com\u00fan que trasciende fronteras. En el marco de los 500 a\u00f1os de la fundaci\u00f3n de la Ciudad de Tlaxcala, la gobernadora Lorena Cu\u00e9llar Cisneros encabez\u00f3 un encuentro con [&hellip;]<\/p>\n","protected":false},"author":1,"featured_media":54550,"comment_status":"open","ping_status":"open","sticky":false,"template":"","format":"standard","meta":{"advanced_seo_description":"","jetpack_seo_html_title":"","jetpack_seo_noindex":false,"footnotes":"","jetpack_publicize_message":"","jetpack_is_tweetstorm":false,"jetpack_publicize_feature_enabled":true,"jetpack_social_post_already_shared":true,"jetpack_social_options":{"image_generator_settings":{"template":"highway","enabled":false}}},"categories":[5,3],"tags":[],"class_list":["post-54549","post","type-post","status-publish","format-standard","has-post-thumbnail","hentry","category-carrucel","category-gobierno"],"jetpack_publicize_connections":[],"jetpack_featured_media_url":"https:\/\/elcensornoticias.com\/wp-content\/uploads\/2025\/10\/IMG-20251007-WA0039.jpg","jetpack_likes_enabled":true,"jetpack_sharing_enabled":true,"jetpack_shortlink":"https:\/\/wp.me\/p6xy50-ebP","_links":{"self":[{"href":"https:\/\/elcensornoticias.com\/index.php?rest_route=\/wp\/v2\/posts\/54549","targetHints":{"allow":["GET"]}}],"collection":[{"href":"https:\/\/elcensornoticias.com\/index.php?rest_route=\/wp\/v2\/posts"}],"about":[{"href":"https:\/\/elcensornoticias.com\/index.php?rest_route=\/wp\/v2\/types\/post"}],"author":[{"embeddable":true,"href":"https:\/\/elcensornoticias.com\/index.php?rest_route=\/wp\/v2\/users\/1"}],"replies":[{"embeddable":true,"href":"https:\/\/elcensornoticias.com\/index.php?rest_route=%2Fwp%2Fv2%2Fcomments&post=54549"}],"version-history":[{"count":1,"href":"https:\/\/elcensornoticias.com\/index.php?rest_route=\/wp\/v2\/posts\/54549\/revisions"}],"predecessor-version":[{"id":54551,"href":"https:\/\/elcensornoticias.com\/index.php?rest_route=\/wp\/v2\/posts\/54549\/revisions\/54551"}],"wp:featuredmedia":[{"embeddable":true,"href":"https:\/\/elcensornoticias.com\/index.php?rest_route=\/wp\/v2\/media\/54550"}],"wp:attachment":[{"href":"https:\/\/elcensornoticias.com\/index.php?rest_route=%2Fwp%2Fv2%2Fmedia&parent=54549"}],"wp:term":[{"taxonomy":"category","embeddable":true,"href":"https:\/\/elcensornoticias.com\/index.php?rest_route=%2Fwp%2Fv2%2Fcategories&post=54549"},{"taxonomy":"post_tag","embeddable":true,"href":"https:\/\/elcensornoticias.com\/index.php?rest_route=%2Fwp%2Fv2%2Ftags&post=54549"}],"curies":[{"name":"wp","href":"https:\/\/api.w.org\/{rel}","templated":true}]}}