{"id":54519,"date":"2025-10-08T00:54:45","date_gmt":"2025-10-08T00:54:45","guid":{"rendered":"http:\/\/elcensornoticias.com\/?p=54519"},"modified":"2025-10-08T00:54:47","modified_gmt":"2025-10-08T00:54:47","slug":"la-uatx-celebra-500-anos-de-tlaxcala-con-la-puesta-en-escena-camaxtli","status":"publish","type":"post","link":"https:\/\/elcensornoticias.com\/?p=54519","title":{"rendered":"La UATx celebra 500 a\u00f1os de Tlaxcala con la puesta en escena \u201cCamaxtli\u201d"},"content":{"rendered":"\n<p>En el Centro Cultural Universitario el Ballet folkl\u00f3rico exalt\u00f3 la identidad tlaxcalteca<\/p>\n\n\n\n<p>En el marco de los 500 a\u00f1os de la fundaci\u00f3n de la Ciudad de Tlaxcala (1525\u20132025), el Centro Cultural Universitario de la Universidad Aut\u00f3noma de Tlaxcala (CCU-UATx) fue un magn\u00edfico espacio para la representaci\u00f3n danc\u00edstica \u00abCamaxtli\u00bb, una puesta en escena que exalt\u00f3 el esp\u00edritu y la grandeza del pueblo tlaxcalteca con la excelente actuaci\u00f3n del Ballet Folcl\u00f3rico de nuestra m\u00e1xima Casa de Estudios.<\/p>\n\n\n\n<p>Ante un p\u00fablico expectante por el simbolismo de la obra, el Doctor Seraf\u00edn Ortiz Ortiz, Rector de la UATx, patentiz\u00f3 su reconocimiento a la Maestra Amalia D\u00edaz Hern\u00e1ndez, Directora del Ballet Folcl\u00f3rico de la UATx, y a quienes forman parte de este cuerpo art\u00edstico por el trabajo desplegado para Camaxtli, que escenifica una magn\u00edfica obra fundacional de Tlaxcala.<\/p>\n\n\n\n<p>En un contexto de celebraciones por la fundaci\u00f3n de la ciudad capital, el Doctor Ortiz record\u00f3 que Tlaxcala es tierra del pan de ma\u00edz y est\u00e1 en el coraz\u00f3n de M\u00e9xico. Acot\u00f3 que aun cuando nuestra geograf\u00eda es peque\u00f1a, nuestra cultura es may\u00fascula y somos un portento para la naci\u00f3n.<\/p>\n\n\n\n<p>Subray\u00f3 que Tlaxcala es la joya de la Rep\u00fablica que, desde este sitio, irradia sabidur\u00eda, cultura e historia, por ello, los tlaxcaltecas nos sentimos fuertemente respaldados por nuestra tradici\u00f3n y carga hist\u00f3rica de medio milenio.<\/p>\n\n\n\n<p>Se dice de manera muy f\u00e1cil, prosigui\u00f3 el Rector, pero la construcci\u00f3n de la sabidur\u00eda del pueblo tlaxcalteca es superior, es may\u00fascula, y hoy nos damos cita en la Universidad Aut\u00f3noma de Tlaxcala con un p\u00fablico maravilloso que viene a identificar sus ra\u00edces, sus or\u00edgenes, la trascendencia de nuestra raza y de nuestra cultura. Y afirm\u00f3 categ\u00f3rico: Tlaxcala, cuna de la naci\u00f3n, sin Tlaxcala no hay M\u00e9xico.<\/p>\n\n\n\n<p>El Doctor Ortiz entreg\u00f3 un reconocimiento a la Maestra Amalia D\u00edaz, quien con una propuesta art\u00edstica sensible y poderosa conmovi\u00f3 al p\u00fablico al transmitir la esencia del origen, la historia y la identidad cultural de Tlaxcala.<\/p>\n\n\n\n<p>Con los milenarios ritmos del teponaxtle, el sonido de las maracas y el eco de los palos de lluvia, el Grupo de Danza Folcl\u00f3rica de la Secretar\u00eda de Extensi\u00f3n y Difusi\u00f3n Cultural ofreci\u00f3 una interpretaci\u00f3n vibrante que fusion\u00f3 arte, tradici\u00f3n y memoria colectiva, como un homenaje al pasado y reflejo del orgullo que distingue a los tlaxcaltecas.<\/p>\n\n\n\n<p>A trav\u00e9s de \u00abCamaxtli\u201d el p\u00fablico pudo conocer parte de la grandeza cultural de Tlaxcala a trav\u00e9s de las escenas que representaron momentos trascendentes con las escenas: El gu\u00eda espiritual, Cuevas-peregrinaci\u00f3n, Llegada a Texcoco, Contin\u00faa la peregrinaci\u00f3n, Paseo de Camaxtli, Danza del ma\u00edz, Los arqueros, Los se\u00f1or\u00edos, El mercado de Ocotelulco, Las premoniciones, Mensajeros, Ritual, Oraci\u00f3n de la guerra, Las batallas, Llegada de Cort\u00e9s, Bautismo de los se\u00f1ores y el mestizaje.<\/p>\n","protected":false},"excerpt":{"rendered":"<p>En el Centro Cultural Universitario el Ballet folkl\u00f3rico exalt\u00f3 la identidad tlaxcalteca En el marco de los 500 a\u00f1os de la fundaci\u00f3n de la Ciudad de Tlaxcala (1525\u20132025), el Centro Cultural Universitario de la Universidad Aut\u00f3noma de Tlaxcala (CCU-UATx) fue un magn\u00edfico espacio para la representaci\u00f3n danc\u00edstica \u00abCamaxtli\u00bb, una puesta en escena que exalt\u00f3 el [&hellip;]<\/p>\n","protected":false},"author":1,"featured_media":54520,"comment_status":"open","ping_status":"open","sticky":false,"template":"","format":"standard","meta":{"advanced_seo_description":"","jetpack_seo_html_title":"","jetpack_seo_noindex":false,"footnotes":"","jetpack_publicize_message":"","jetpack_is_tweetstorm":false,"jetpack_publicize_feature_enabled":true,"jetpack_social_post_already_shared":true,"jetpack_social_options":{"image_generator_settings":{"template":"highway","enabled":false}}},"categories":[2,28],"tags":[],"class_list":["post-54519","post","type-post","status-publish","format-standard","has-post-thumbnail","hentry","category-destacadas","category-educacion"],"jetpack_publicize_connections":[],"jetpack_featured_media_url":"https:\/\/elcensornoticias.com\/wp-content\/uploads\/2025\/10\/7-La-UATx-celebra-500-anos-de-Tlaxcala-con-la-puesta-en-escena-Camaxtli-5-scaled.jpg","jetpack_likes_enabled":true,"jetpack_sharing_enabled":true,"jetpack_shortlink":"https:\/\/wp.me\/p6xy50-ebl","_links":{"self":[{"href":"https:\/\/elcensornoticias.com\/index.php?rest_route=\/wp\/v2\/posts\/54519","targetHints":{"allow":["GET"]}}],"collection":[{"href":"https:\/\/elcensornoticias.com\/index.php?rest_route=\/wp\/v2\/posts"}],"about":[{"href":"https:\/\/elcensornoticias.com\/index.php?rest_route=\/wp\/v2\/types\/post"}],"author":[{"embeddable":true,"href":"https:\/\/elcensornoticias.com\/index.php?rest_route=\/wp\/v2\/users\/1"}],"replies":[{"embeddable":true,"href":"https:\/\/elcensornoticias.com\/index.php?rest_route=%2Fwp%2Fv2%2Fcomments&post=54519"}],"version-history":[{"count":1,"href":"https:\/\/elcensornoticias.com\/index.php?rest_route=\/wp\/v2\/posts\/54519\/revisions"}],"predecessor-version":[{"id":54521,"href":"https:\/\/elcensornoticias.com\/index.php?rest_route=\/wp\/v2\/posts\/54519\/revisions\/54521"}],"wp:featuredmedia":[{"embeddable":true,"href":"https:\/\/elcensornoticias.com\/index.php?rest_route=\/wp\/v2\/media\/54520"}],"wp:attachment":[{"href":"https:\/\/elcensornoticias.com\/index.php?rest_route=%2Fwp%2Fv2%2Fmedia&parent=54519"}],"wp:term":[{"taxonomy":"category","embeddable":true,"href":"https:\/\/elcensornoticias.com\/index.php?rest_route=%2Fwp%2Fv2%2Fcategories&post=54519"},{"taxonomy":"post_tag","embeddable":true,"href":"https:\/\/elcensornoticias.com\/index.php?rest_route=%2Fwp%2Fv2%2Ftags&post=54519"}],"curies":[{"name":"wp","href":"https:\/\/api.w.org\/{rel}","templated":true}]}}