{"id":54515,"date":"2025-10-08T00:51:11","date_gmt":"2025-10-08T00:51:11","guid":{"rendered":"http:\/\/elcensornoticias.com\/?p=54515"},"modified":"2025-10-08T00:51:35","modified_gmt":"2025-10-08T00:51:35","slug":"arranca-en-la-uatx-el-cuarto-festival-de-cine-el-poder-de-la-educacion","status":"publish","type":"post","link":"https:\/\/elcensornoticias.com\/?p=54515","title":{"rendered":"Arranca en la UATx el Cuarto Festival de Cine \u201cEl poder de la educaci\u00f3n\u201d"},"content":{"rendered":"\n<p>Lo organiza la FCE como instrumento valioso para la funci\u00f3n educativa<\/p>\n\n\n\n<p>Para fortalecer los conocimientos de los futuros educadores desde una visi\u00f3n hol\u00edstica y cr\u00edtica, espec\u00edficamente desde el enfoque cinematogr\u00e1fico, la Facultad de Ciencias de la Educaci\u00f3n de la Universidad Aut\u00f3noma de Tlaxcala (FCE-UATx), a trav\u00e9s de su Licenciatura en Comunicaci\u00f3n e Innovaci\u00f3n Educativa, realiza por cuarto a\u00f1o consecutivo el festival de cine \u201cEl poder de la educaci\u00f3n\u201d.<\/p>\n\n\n\n<p>El Maestro Omar Habib Mart\u00ednez Lira, Secretario de la Facultad, inaugur\u00f3 los trabajos curriculares bajo la premisa de establecer metodolog\u00edas en la educaci\u00f3n, donde la cinematograf\u00eda se coloca como hilo conductor. Indic\u00f3 que durante una semana de trabajo, exponentes tlaxcaltecas y acad\u00e9micos locales y nacionales conversar\u00e1n y profundizar\u00e1n sobre el cine como herramienta pedag\u00f3gica para establecer una escuela de formaci\u00f3n \u00e9tica que sea capaz de orientar cuestionamientos de gran trascendencia para el desarrollo humano y social, adem\u00e1s de interpretar a fondo las experiencias que encierran las pel\u00edculas como instrumento valioso para la funci\u00f3n educativa en el seno familiar, en la escuela o en cualquier \u00e1mbito donde se quiera reflexionar sobre el hombre y la sociedad.<\/p>\n\n\n\n<p>Al t\u00e9rmino de la inauguraci\u00f3n se dio paso al conversatorio \u201cPedagog\u00edas visuales emergentes: La IA y el futuro del cine educativo universitario\u201d, a cargo del Doctor Ricardo Gonz\u00e1lez y el Maestro Alejandro Nava.<\/p>\n\n\n\n<p>Como parte del programa de actividades, para este martes tendr\u00e1 lugar la conferencia \u201cLuces, c\u00e1mara, introspecci\u00f3n: El cine como arte transformador\u201d en el Auditorio de la FCE a las 11:00 h.&nbsp; M\u00e1s tarde se proyectar\u00e1 la pel\u00edcula \u201cEl \u00faltimo vag\u00f3n\u201d, en la sala de cine Cinedot en Chiautempan a las 13:00 h. Y por \u00faltimo, a las 16:00 h, en el Auditorio de la Facultad se impartir\u00e1 la ponencia \u201cLos pliegues de la existencia: Filosof\u00eda, educaci\u00f3n y cine\u201d.<\/p>\n\n\n\n<p>Para el mi\u00e9rcoles, se presentar\u00e1 y analizar\u00e1 el filme \u201cLa otra conquista\u201d, en la sala de cine Cinedot en Chiautempan a las 9:00 h. A esa misma hora, en el set de televisi\u00f3n de la FCE se realizar\u00e1 el taller \u201cC\u00f3mo hacer un cine foro pedag\u00f3gico\u201d y se terminar\u00e1n las actividades con la conferencia \u201cParadiso 2.0\u201d a las 16:00 h en el Auditorio de la FCE.<\/p>\n\n\n\n<p>El jueves las actividades iniciar\u00e1n a la 9:00 h en el set de tv, con el taller de fotograf\u00eda m\u00f3vil; a las 11:00 h, se efectuar\u00e1 la ponencia \u201cImagen de la mujer en la realizaci\u00f3n del cine\u201d en el Auditorio de la Facultad y se concluir\u00e1n las actividades con el conversatorio \u201cLiteratura y cine\u201d, la experiencia del bachillerato Gilberto Bosques Sald\u00edvar, a las 16:00 h.<\/p>\n\n\n\n<p>Por \u00faltimo, el viernes 10, habr\u00e1 un conversatorio en el Auditorio de la Facultad \u201cLa violencia que vemos, la violencia que somos: Di\u00e1logos entre cine y realidad\u201d. Y por \u00faltimo, se presentar\u00e1 la orquesta contempor\u00e1nea de la UATx en el Teatro Universitario a las 16:00 h. Y se proceder\u00e1 a la clausura del Festival.<\/p>\n","protected":false},"excerpt":{"rendered":"<p>Lo organiza la FCE como instrumento valioso para la funci\u00f3n educativa Para fortalecer los conocimientos de los futuros educadores desde una visi\u00f3n hol\u00edstica y cr\u00edtica, espec\u00edficamente desde el enfoque cinematogr\u00e1fico, la Facultad de Ciencias de la Educaci\u00f3n de la Universidad Aut\u00f3noma de Tlaxcala (FCE-UATx), a trav\u00e9s de su Licenciatura en Comunicaci\u00f3n e Innovaci\u00f3n Educativa, realiza [&hellip;]<\/p>\n","protected":false},"author":1,"featured_media":54516,"comment_status":"open","ping_status":"open","sticky":false,"template":"","format":"standard","meta":{"advanced_seo_description":"","jetpack_seo_html_title":"","jetpack_seo_noindex":false,"footnotes":"","jetpack_publicize_message":"","jetpack_is_tweetstorm":false,"jetpack_publicize_feature_enabled":true,"jetpack_social_post_already_shared":true,"jetpack_social_options":{"image_generator_settings":{"template":"highway","enabled":false}}},"categories":[2,28],"tags":[],"class_list":["post-54515","post","type-post","status-publish","format-standard","has-post-thumbnail","hentry","category-destacadas","category-educacion"],"jetpack_publicize_connections":[],"jetpack_featured_media_url":"https:\/\/elcensornoticias.com\/wp-content\/uploads\/2025\/10\/7-Arranca-en-la-UATx-el-Cuarto-Festival-de-Cine-El-poder-de-la-educacion-2.jpeg","jetpack_likes_enabled":true,"jetpack_sharing_enabled":true,"jetpack_shortlink":"https:\/\/wp.me\/p6xy50-ebh","_links":{"self":[{"href":"https:\/\/elcensornoticias.com\/index.php?rest_route=\/wp\/v2\/posts\/54515","targetHints":{"allow":["GET"]}}],"collection":[{"href":"https:\/\/elcensornoticias.com\/index.php?rest_route=\/wp\/v2\/posts"}],"about":[{"href":"https:\/\/elcensornoticias.com\/index.php?rest_route=\/wp\/v2\/types\/post"}],"author":[{"embeddable":true,"href":"https:\/\/elcensornoticias.com\/index.php?rest_route=\/wp\/v2\/users\/1"}],"replies":[{"embeddable":true,"href":"https:\/\/elcensornoticias.com\/index.php?rest_route=%2Fwp%2Fv2%2Fcomments&post=54515"}],"version-history":[{"count":1,"href":"https:\/\/elcensornoticias.com\/index.php?rest_route=\/wp\/v2\/posts\/54515\/revisions"}],"predecessor-version":[{"id":54517,"href":"https:\/\/elcensornoticias.com\/index.php?rest_route=\/wp\/v2\/posts\/54515\/revisions\/54517"}],"wp:featuredmedia":[{"embeddable":true,"href":"https:\/\/elcensornoticias.com\/index.php?rest_route=\/wp\/v2\/media\/54516"}],"wp:attachment":[{"href":"https:\/\/elcensornoticias.com\/index.php?rest_route=%2Fwp%2Fv2%2Fmedia&parent=54515"}],"wp:term":[{"taxonomy":"category","embeddable":true,"href":"https:\/\/elcensornoticias.com\/index.php?rest_route=%2Fwp%2Fv2%2Fcategories&post=54515"},{"taxonomy":"post_tag","embeddable":true,"href":"https:\/\/elcensornoticias.com\/index.php?rest_route=%2Fwp%2Fv2%2Ftags&post=54515"}],"curies":[{"name":"wp","href":"https:\/\/api.w.org\/{rel}","templated":true}]}}