{"id":54512,"date":"2025-10-08T00:47:00","date_gmt":"2025-10-08T00:47:00","guid":{"rendered":"http:\/\/elcensornoticias.com\/?p=54512"},"modified":"2025-10-08T00:47:02","modified_gmt":"2025-10-08T00:47:02","slug":"cronistas-exploran-el-pasado-de-terrenate-en-el-siglo-xvi","status":"publish","type":"post","link":"https:\/\/elcensornoticias.com\/?p=54512","title":{"rendered":"CRONISTAS EXPLORAN EL PASADO DE TERRENATE EN EL SIGLO XVI"},"content":{"rendered":"\n<p>La ponencia \u201cLlegada de los europeos a Tlaxcala, Terrenate\u201d form\u00f3 parte de las actividades por los 500 a\u00f1os de la fundaci\u00f3n de la ciudad.<\/p>\n\n\n\n<p>En el marco de las actividades conmemorativas por los 500 a\u00f1os de la fundaci\u00f3n de la ciudad de Tlaxcala, la Secretar\u00eda de Cultura del estado (SC) llev\u00f3 a cabo la conferencia \u201cLlegada de los europeos a Tlaxcala, Terrenate en el siglo XVI\u201d, en la Pinacoteca, a cargo de los cronistas Edilberto Mendieta Garc\u00eda y Mart\u00edn Garc\u00eda S\u00e1nchez, quienes compartieron los resultados de sus estudios.<\/p>\n\n\n\n<p>Durante la presentaci\u00f3n, se habl\u00f3 sobre los primeros asentamientos humanos y los procesos hist\u00f3ricos que dieron origen al actual municipio de Terrenate, al tiempo que se destac\u00f3 que esta investigaci\u00f3n forma parte del proyecto \u201cHistoria prehisp\u00e1nica y de la conquista del noroeste de Tlaxcala\u201d.<\/p>\n\n\n\n<p>Mendieta Garc\u00eda refri\u00f3 que dicho proyecto busca reconstruir el acontecer de las comunidades que existieron antes, durante y despu\u00e9s de la llegada de los europeos al territorio tlaxcalteca, mediante el an\u00e1lisis de fuentes arqueol\u00f3gicas, cr\u00f3nicas del siglo XVI y testimonios de la tradici\u00f3n oral.<\/p>\n\n\n\n<p>Resalt\u00f3 que Terrenate y sus comunidades vecinas representan un crisol de culturas y se\u00f1or\u00edos prehisp\u00e1nicos, con vestigios arqueol\u00f3gicos que permiten rastrear la presencia humana desde el 1200 a.C., as\u00ed como su relevancia dentro de las rutas comerciales mesoamericanas y el intercambio con Teotihuac\u00e1n.<\/p>\n\n\n\n<p>El investigador Edilberto Mendieta, maestro en Desarrollo Pedag\u00f3gico y licenciado en Historia por la UNAM, explic\u00f3 que el trabajo de investigaci\u00f3n surgi\u00f3 de la necesidad de rescatar la memoria hist\u00f3rica del municipio y comprender su papel en la formaci\u00f3n del territorio tlaxcalteca.&nbsp;<\/p>\n\n\n\n<p>Asimismo, subray\u00f3 que el estudio ha implicado a\u00f1os de exploraciones, revisi\u00f3n de fuentes y colaboraci\u00f3n entre especialistas, que han permitido identificar zonas arqueol\u00f3gicas, antiguos se\u00f1or\u00edos y las transformaciones socioculturales ocurridas tras la llegada de Hern\u00e1n Cort\u00e9s.<\/p>\n\n\n\n<p>Ambos ponentes coincidieron en que la historia de Terrenate evidencia la riqueza patrimonial y el legado ind\u00edgena-otom\u00ed de la regi\u00f3n, as\u00ed como la necesidad de fomentar el inter\u00e9s ciudadano por la protecci\u00f3n del patrimonio hist\u00f3rico y arqueol\u00f3gico.&nbsp;<\/p>\n\n\n\n<p>Los investigadores mostraron mapas, fotograf\u00edas y registros de campo que documentan los asentamientos prehisp\u00e1nicos localizados, as\u00ed como los procesos de reorganizaci\u00f3n social ocurridos tras el contacto con los europeos y la posterior conformaci\u00f3n del se\u00f1or\u00edo de Tecoac, antecedente directo del actual territorio.<\/p>\n\n\n\n<p>Al t\u00e9rmino de la ponencia, la SC entreg\u00f3 reconocimientos a los investigadores Edilberto Mendieta Garc\u00eda y Mart\u00edn Garc\u00eda S\u00e1nchez, por su destacada contribuci\u00f3n al estudio y difusi\u00f3n de la historia tlaxcalteca, en un acto que reafirma el compromiso del gobierno estatal con la preservaci\u00f3n y divulgaci\u00f3n del patrimonio hist\u00f3rico.<\/p>\n\n\n\n<p><\/p>\n","protected":false},"excerpt":{"rendered":"<p>La ponencia \u201cLlegada de los europeos a Tlaxcala, Terrenate\u201d form\u00f3 parte de las actividades por los 500 a\u00f1os de la fundaci\u00f3n de la ciudad. En el marco de las actividades conmemorativas por los 500 a\u00f1os de la fundaci\u00f3n de la ciudad de Tlaxcala, la Secretar\u00eda de Cultura del estado (SC) llev\u00f3 a cabo la conferencia [&hellip;]<\/p>\n","protected":false},"author":1,"featured_media":54513,"comment_status":"open","ping_status":"open","sticky":false,"template":"","format":"standard","meta":{"advanced_seo_description":"","jetpack_seo_html_title":"","jetpack_seo_noindex":false,"footnotes":"","jetpack_publicize_message":"","jetpack_is_tweetstorm":false,"jetpack_publicize_feature_enabled":true,"jetpack_social_post_already_shared":true,"jetpack_social_options":{"image_generator_settings":{"template":"highway","enabled":false}}},"categories":[2,3],"tags":[],"class_list":["post-54512","post","type-post","status-publish","format-standard","has-post-thumbnail","hentry","category-destacadas","category-gobierno"],"jetpack_publicize_connections":[],"jetpack_featured_media_url":"https:\/\/elcensornoticias.com\/wp-content\/uploads\/2025\/10\/IMG-20251006-WA0039.jpg","jetpack_likes_enabled":true,"jetpack_sharing_enabled":true,"jetpack_shortlink":"https:\/\/wp.me\/p6xy50-ebe","_links":{"self":[{"href":"https:\/\/elcensornoticias.com\/index.php?rest_route=\/wp\/v2\/posts\/54512","targetHints":{"allow":["GET"]}}],"collection":[{"href":"https:\/\/elcensornoticias.com\/index.php?rest_route=\/wp\/v2\/posts"}],"about":[{"href":"https:\/\/elcensornoticias.com\/index.php?rest_route=\/wp\/v2\/types\/post"}],"author":[{"embeddable":true,"href":"https:\/\/elcensornoticias.com\/index.php?rest_route=\/wp\/v2\/users\/1"}],"replies":[{"embeddable":true,"href":"https:\/\/elcensornoticias.com\/index.php?rest_route=%2Fwp%2Fv2%2Fcomments&post=54512"}],"version-history":[{"count":1,"href":"https:\/\/elcensornoticias.com\/index.php?rest_route=\/wp\/v2\/posts\/54512\/revisions"}],"predecessor-version":[{"id":54514,"href":"https:\/\/elcensornoticias.com\/index.php?rest_route=\/wp\/v2\/posts\/54512\/revisions\/54514"}],"wp:featuredmedia":[{"embeddable":true,"href":"https:\/\/elcensornoticias.com\/index.php?rest_route=\/wp\/v2\/media\/54513"}],"wp:attachment":[{"href":"https:\/\/elcensornoticias.com\/index.php?rest_route=%2Fwp%2Fv2%2Fmedia&parent=54512"}],"wp:term":[{"taxonomy":"category","embeddable":true,"href":"https:\/\/elcensornoticias.com\/index.php?rest_route=%2Fwp%2Fv2%2Fcategories&post=54512"},{"taxonomy":"post_tag","embeddable":true,"href":"https:\/\/elcensornoticias.com\/index.php?rest_route=%2Fwp%2Fv2%2Ftags&post=54512"}],"curies":[{"name":"wp","href":"https:\/\/api.w.org\/{rel}","templated":true}]}}