{"id":54505,"date":"2025-10-07T01:57:45","date_gmt":"2025-10-07T01:57:45","guid":{"rendered":"http:\/\/elcensornoticias.com\/?p=54505"},"modified":"2025-10-07T01:58:33","modified_gmt":"2025-10-07T01:58:33","slug":"uptx-fortalece-lazos-historicos-y-culturales-con-guatemala","status":"publish","type":"post","link":"https:\/\/elcensornoticias.com\/?p=54505","title":{"rendered":"UPTx FORTALECE LAZOS HIST\u00d3RICOS Y CULTURALES CON GUATEMALA"},"content":{"rendered":"\n<p>El encuentro reafirma la hermandad entre Tlaxcala y los pueblos guatemaltecos descendientes de los antiguos tlaxcaltecas, en el marco de los 500 a\u00f1os de la fundaci\u00f3n de la capital del estado.<\/p>\n\n\n\n<p>La Universidad Polit\u00e9cnica de Tlaxcala (UPTx) recibi\u00f3 a una delegaci\u00f3n oficial de San Juan Argueta, Guatemala, encabezada por el alcalde Francisco Andr\u00e9s Mench\u00fa L\u00f3pez, con el prop\u00f3sito de fortalecer los lazos hist\u00f3ricos, culturales y acad\u00e9micos entre ambas comunidades, unidas por ra\u00edces tlaxcaltecas que se remontan al siglo XVI.<\/p>\n\n\n\n<p>Durante el acto celebrado en la Sala Empresarial de la UPTx, la rectora Rosal\u00eda Nalleli P\u00e9rez Estrada dio la bienvenida a los visitantes, en el marco de las conmemoraciones por los 500 a\u00f1os de la fundaci\u00f3n de Tlaxcala. En la ceremonia, se firm\u00f3 el Acta de Constancia de la Visita Oficial, documento que simboliza el compromiso de cooperaci\u00f3n y hermandad entre los dos pueblos.<\/p>\n\n\n\n<p>P\u00e9rez Estrada destac\u00f3 la relevancia de este encuentro que \u201creafirma la hermandad entre Tlaxcala y los pueblos guatemaltecos que conservan las ra\u00edces, tradiciones y valores heredados de los antiguos tlaxcaltecas\u201d. Asimismo, subray\u00f3 que la universidad mantiene una visi\u00f3n humanista y global, promotora del intercambio cultural y acad\u00e9mico como parte de su misi\u00f3n educativa.<\/p>\n\n\n\n<p>Entre los acuerdos alcanzados destacan la organizaci\u00f3n de diplomados y cursos de capacitaci\u00f3n para cooperativas de San Juan Argueta, as\u00ed como la publicaci\u00f3n del estudio \u201cOrigen Tlaxcalteca de los Pobladores de San Juan Argueta, Guatemala\u201d, que ser\u00e1 editado bajo el sello editorial de la UPTx.<\/p>\n\n\n\n<p>El historiador Santos Tom\u00e1s Mench\u00fa \u00c1lvarez record\u00f3 que los habitantes de San Juan Argueta, en el Departamento de Solol\u00e1, descienden de familias tlaxcaltecas migradas en el siglo XVI, y que a\u00fan conservan costumbres, apellidos y expresiones ling\u00fc\u00edsticas de sus antepasados. \u201cNuestra historia compartida nos une m\u00e1s all\u00e1 de las fronteras\u201d, afirm\u00f3.<\/p>\n\n\n\n<p>Como muestra de hermandad, las autoridades guatemaltecas entregaron a la rectora un pergamino con el acta oficial de la visita y obsequios representativos de Solol\u00e1, en agradecimiento al recibimiento y la colaboraci\u00f3n institucional.<\/p>\n\n\n\n<p>Con este encuentro, la Universidad Polit\u00e9cnica de Tlaxcala reafirma su compromiso con la difusi\u00f3n de la historia compartida entre Tlaxcala y Guatemala, as\u00ed como con el fortalecimiento de los lazos acad\u00e9micos, culturales y de cooperaci\u00f3n internacional que enaltecen la identidad tlaxcalteca en el mundo.<\/p>\n","protected":false},"excerpt":{"rendered":"<p>El encuentro reafirma la hermandad entre Tlaxcala y los pueblos guatemaltecos descendientes de los antiguos tlaxcaltecas, en el marco de los 500 a\u00f1os de la fundaci\u00f3n de la capital del estado. La Universidad Polit\u00e9cnica de Tlaxcala (UPTx) recibi\u00f3 a una delegaci\u00f3n oficial de San Juan Argueta, Guatemala, encabezada por el alcalde Francisco Andr\u00e9s Mench\u00fa L\u00f3pez, [&hellip;]<\/p>\n","protected":false},"author":1,"featured_media":54506,"comment_status":"open","ping_status":"open","sticky":false,"template":"","format":"standard","meta":{"advanced_seo_description":"","jetpack_seo_html_title":"","jetpack_seo_noindex":false,"footnotes":"","jetpack_publicize_message":"","jetpack_is_tweetstorm":false,"jetpack_publicize_feature_enabled":true,"jetpack_social_post_already_shared":true,"jetpack_social_options":{"image_generator_settings":{"template":"highway","enabled":false}}},"categories":[5,28],"tags":[],"class_list":["post-54505","post","type-post","status-publish","format-standard","has-post-thumbnail","hentry","category-carrucel","category-educacion"],"jetpack_publicize_connections":[],"jetpack_featured_media_url":"https:\/\/elcensornoticias.com\/wp-content\/uploads\/2025\/10\/IMG-20251006-WA0026.jpg","jetpack_likes_enabled":true,"jetpack_sharing_enabled":true,"jetpack_shortlink":"https:\/\/wp.me\/p6xy50-eb7","_links":{"self":[{"href":"https:\/\/elcensornoticias.com\/index.php?rest_route=\/wp\/v2\/posts\/54505","targetHints":{"allow":["GET"]}}],"collection":[{"href":"https:\/\/elcensornoticias.com\/index.php?rest_route=\/wp\/v2\/posts"}],"about":[{"href":"https:\/\/elcensornoticias.com\/index.php?rest_route=\/wp\/v2\/types\/post"}],"author":[{"embeddable":true,"href":"https:\/\/elcensornoticias.com\/index.php?rest_route=\/wp\/v2\/users\/1"}],"replies":[{"embeddable":true,"href":"https:\/\/elcensornoticias.com\/index.php?rest_route=%2Fwp%2Fv2%2Fcomments&post=54505"}],"version-history":[{"count":1,"href":"https:\/\/elcensornoticias.com\/index.php?rest_route=\/wp\/v2\/posts\/54505\/revisions"}],"predecessor-version":[{"id":54507,"href":"https:\/\/elcensornoticias.com\/index.php?rest_route=\/wp\/v2\/posts\/54505\/revisions\/54507"}],"wp:featuredmedia":[{"embeddable":true,"href":"https:\/\/elcensornoticias.com\/index.php?rest_route=\/wp\/v2\/media\/54506"}],"wp:attachment":[{"href":"https:\/\/elcensornoticias.com\/index.php?rest_route=%2Fwp%2Fv2%2Fmedia&parent=54505"}],"wp:term":[{"taxonomy":"category","embeddable":true,"href":"https:\/\/elcensornoticias.com\/index.php?rest_route=%2Fwp%2Fv2%2Fcategories&post=54505"},{"taxonomy":"post_tag","embeddable":true,"href":"https:\/\/elcensornoticias.com\/index.php?rest_route=%2Fwp%2Fv2%2Ftags&post=54505"}],"curies":[{"name":"wp","href":"https:\/\/api.w.org\/{rel}","templated":true}]}}