{"id":54487,"date":"2025-10-06T22:21:04","date_gmt":"2025-10-06T22:21:04","guid":{"rendered":"http:\/\/elcensornoticias.com\/?p=54487"},"modified":"2025-10-06T22:21:13","modified_gmt":"2025-10-06T22:21:13","slug":"alumna-del-cobat-representara-a-mexico-en-olimpiada-panamericana-de-matematicas-2025","status":"publish","type":"post","link":"https:\/\/elcensornoticias.com\/?p=54487","title":{"rendered":"ALUMNA DEL COBAT, REPRESENTAR\u00c1 A M\u00c9XICO EN OLIMPIADA PANAMERICANA DE MATEM\u00c1TICAS 2025"},"content":{"rendered":"\n<p>_La gobernadora Lorena Cu\u00e9llar expres\u00f3 el orgullo que representa para el estado el logro de Camila, quien se convierte en la primera mujer tlaxcalteca en ganar medalla de oro nacional en matem\u00e1ticas y la primera mexicana en representar al pa\u00eds en esta competencia continental.<\/p>\n\n\n\n<p>Camila Mu\u00f1oz Cort\u00e9s, alumna del Colegio de Bachilleres del Estado de Tlaxcala (Cobat), plantel 01, representar\u00e1 a M\u00e9xico en la Olimpiada Panamericana de Matem\u00e1ticas 2025, que se realizar\u00e1 en Fortaleza, Brasil.<\/p>\n\n\n\n<p>La gobernadora Lorena Cu\u00e9llar Cisneros celebr\u00f3 el logro acad\u00e9mico de la estudiante, y destac\u00f3 que Camila es la primera mujer tlaxcalteca en obtener medalla de oro nacional en matem\u00e1ticas y la primera mexicana en competir en esta justa continental.<\/p>\n\n\n\n<p>\u201cCamila demuestra que nuestros j\u00f3venes tienen talento, disciplina y un futuro brillante. Eres un orgullo para Tlaxcala y para todo M\u00e9xico\u201d, expres\u00f3 a trav\u00e9s de sus redes sociales.&nbsp;<\/p>\n\n\n\n<p>Durante la ceremonia de reconocimiento al esfuerzo de Camila Mu\u00f1oz, autoridades educativas, docentes y familiares celebraron el trabajo y disciplina de la joven, cuyo desempe\u00f1o la ha convertido en un referente del talento femenino tlaxcalteca en las ciencias exactas.<\/p>\n\n\n\n<p>La directora del plantel, Adelaida Mej\u00eda Rojas, se\u00f1al\u00f3 que este logro es fruto del trabajo conjunto entre estudiantes, docentes y familias, adem\u00e1s de motivo de orgullo para toda la comunidad educativa.<\/p>\n\n\n\n<p>El delegado estatal de la Olimpiada Mexicana de Matem\u00e1ticas, Roger Ramos Ramos, resalt\u00f3 que Camila forma parte de una generaci\u00f3n que est\u00e1 abriendo brecha en la historia de las matem\u00e1ticas en Tlaxcala.<\/p>\n\n\n\n<p>Camila Mu\u00f1oz Cort\u00e9s agradeci\u00f3 el apoyo de su familia, entrenadores y del Colegio de Bachilleres de Tlaxcala, y refrend\u00f3 su compromiso de representar con dignidad a su estado y a su pa\u00eds.&nbsp;<\/p>\n\n\n\n<p>\u201cEste logro demuestra que, con esfuerzo y perseverancia, los sue\u00f1os se pueden alcanzar\u201d, expres\u00f3.<\/p>\n\n\n\n<p>El director general del Cobat, Jos\u00e9 Alonso Trujillo Dom\u00ednguez, destac\u00f3 que este triunfo coincide con la conmemoraci\u00f3n de los 500 a\u00f1os de la fundaci\u00f3n de Tlaxcala, y refleja la visi\u00f3n educativa de la gobernadora Lorena Cu\u00e9llar Cisneros, quien impulsa pol\u00edticas para fortalecer el talento juvenil como pilar de desarrollo y paz social.<\/p>\n\n\n\n<p>Asimismo, anunci\u00f3 que el subsistema brindar\u00e1 apoyo institucional para la participaci\u00f3n internacional de Camila, y fortalecer\u00e1 el \u00e1rea de matem\u00e1ticas dentro de la Divisi\u00f3n de Talentos del Cobat.<\/p>\n\n\n\n<p>Con su participaci\u00f3n en la Olimpiada Panamericana 2025, Camila Mu\u00f1oz no solo llevar\u00e1 el nombre de M\u00e9xico, sino tambi\u00e9n el de Tlaxcala, a uno de los escenarios acad\u00e9micos m\u00e1s importantes del continente.<\/p>\n","protected":false},"excerpt":{"rendered":"<p>_La gobernadora Lorena Cu\u00e9llar expres\u00f3 el orgullo que representa para el estado el logro de Camila, quien se convierte en la primera mujer tlaxcalteca en ganar medalla de oro nacional en matem\u00e1ticas y la primera mexicana en representar al pa\u00eds en esta competencia continental. Camila Mu\u00f1oz Cort\u00e9s, alumna del Colegio de Bachilleres del Estado de [&hellip;]<\/p>\n","protected":false},"author":1,"featured_media":54488,"comment_status":"open","ping_status":"open","sticky":false,"template":"","format":"standard","meta":{"advanced_seo_description":"","jetpack_seo_html_title":"","jetpack_seo_noindex":false,"footnotes":"","jetpack_publicize_message":"","jetpack_is_tweetstorm":false,"jetpack_publicize_feature_enabled":true,"jetpack_social_post_already_shared":true,"jetpack_social_options":{"image_generator_settings":{"template":"highway","enabled":false}}},"categories":[5,28],"tags":[],"class_list":["post-54487","post","type-post","status-publish","format-standard","has-post-thumbnail","hentry","category-carrucel","category-educacion"],"jetpack_publicize_connections":[],"jetpack_featured_media_url":"https:\/\/elcensornoticias.com\/wp-content\/uploads\/2025\/10\/IMG-20251006-WA0004.jpg","jetpack_likes_enabled":true,"jetpack_sharing_enabled":true,"jetpack_shortlink":"https:\/\/wp.me\/p6xy50-eaP","_links":{"self":[{"href":"https:\/\/elcensornoticias.com\/index.php?rest_route=\/wp\/v2\/posts\/54487","targetHints":{"allow":["GET"]}}],"collection":[{"href":"https:\/\/elcensornoticias.com\/index.php?rest_route=\/wp\/v2\/posts"}],"about":[{"href":"https:\/\/elcensornoticias.com\/index.php?rest_route=\/wp\/v2\/types\/post"}],"author":[{"embeddable":true,"href":"https:\/\/elcensornoticias.com\/index.php?rest_route=\/wp\/v2\/users\/1"}],"replies":[{"embeddable":true,"href":"https:\/\/elcensornoticias.com\/index.php?rest_route=%2Fwp%2Fv2%2Fcomments&post=54487"}],"version-history":[{"count":1,"href":"https:\/\/elcensornoticias.com\/index.php?rest_route=\/wp\/v2\/posts\/54487\/revisions"}],"predecessor-version":[{"id":54489,"href":"https:\/\/elcensornoticias.com\/index.php?rest_route=\/wp\/v2\/posts\/54487\/revisions\/54489"}],"wp:featuredmedia":[{"embeddable":true,"href":"https:\/\/elcensornoticias.com\/index.php?rest_route=\/wp\/v2\/media\/54488"}],"wp:attachment":[{"href":"https:\/\/elcensornoticias.com\/index.php?rest_route=%2Fwp%2Fv2%2Fmedia&parent=54487"}],"wp:term":[{"taxonomy":"category","embeddable":true,"href":"https:\/\/elcensornoticias.com\/index.php?rest_route=%2Fwp%2Fv2%2Fcategories&post=54487"},{"taxonomy":"post_tag","embeddable":true,"href":"https:\/\/elcensornoticias.com\/index.php?rest_route=%2Fwp%2Fv2%2Ftags&post=54487"}],"curies":[{"name":"wp","href":"https:\/\/api.w.org\/{rel}","templated":true}]}}